{"id":2766,"date":"2021-10-02T04:56:21","date_gmt":"2021-10-02T04:56:21","guid":{"rendered":"http:\/\/rgdeportes.com\/?p=2766"},"modified":"2021-10-02T05:00:30","modified_gmt":"2021-10-02T05:00:30","slug":"peppe-sgarlata-queremos-hacer-crecer-el-kartismo-por-medio-de-becas-video","status":"publish","type":"post","link":"https:\/\/rgdeportes.com\/index.php\/2021\/10\/02\/peppe-sgarlata-queremos-hacer-crecer-el-kartismo-por-medio-de-becas-video\/","title":{"rendered":"Peppe Sgarlata: \u00abQueremos hacer crecer el Kartismo por medio de Becas\u00bb. (Video)"},"content":{"rendered":"\n<figure class=\"wp-block-gallery columns-1 is-cropped wp-block-gallery-1 is-layout-flex wp-block-gallery-is-layout-flex\"><ul class=\"blocks-gallery-grid\"><li class=\"blocks-gallery-item\"><figure><img loading=\"lazy\" decoding=\"async\" width=\"1024\" height=\"768\" src=\"http:\/\/rgdeportes.com\/wp-content\/uploads\/2021\/10\/IMG_20210921_200838-1024x768.jpg\" alt=\"\" data-id=\"2767\" data-full-url=\"http:\/\/rgdeportes.com\/wp-content\/uploads\/2021\/10\/IMG_20210921_200838-scaled.jpg\" data-link=\"http:\/\/rgdeportes.com\/?attachment_id=2767\" class=\"wp-image-2767\" srcset=\"https:\/\/rgdeportes.com\/wp-content\/uploads\/2021\/10\/IMG_20210921_200838-1024x768.jpg 1024w, https:\/\/rgdeportes.com\/wp-content\/uploads\/2021\/10\/IMG_20210921_200838-300x225.jpg 300w, https:\/\/rgdeportes.com\/wp-content\/uploads\/2021\/10\/IMG_20210921_200838-768x576.jpg 768w, https:\/\/rgdeportes.com\/wp-content\/uploads\/2021\/10\/IMG_20210921_200838-1536x1152.jpg 1536w, https:\/\/rgdeportes.com\/wp-content\/uploads\/2021\/10\/IMG_20210921_200838-2048x1536.jpg 2048w\" sizes=\"auto, (max-width: 1024px) 100vw, 1024px\" \/><\/figure><\/li><\/ul><\/figure>\n\n\n\n<p>El piloto italiano <strong><em>Peppe Sgarlata <\/em><\/strong>coment\u00f3 para nuestro medio <strong><em>www.rgdeportes.com <\/em><\/strong>como naci\u00f3 su pasi\u00f3n por los motores, poniendo en pr\u00e1ctica su talento en su natal Italia y lo puso en pr\u00e1ctica cuando lleg\u00f3 a Costa Rica para seguir con esta disciplina.<\/p>\n\n\n\n<p><em><strong>Peppe Sgarlata<\/strong><\/em> recibi\u00f3 d\u00edas atr\u00e1s desde las instalaciones de <strong><em>F\u00f3rmula Kart<\/em><\/strong>, Curridabat un galard\u00f3n por obtener el primer lugar en su categor\u00eda <strong><em>VLR Master por la Segunda Fecha del Kartismo.<\/em><\/strong><\/p>\n\n\n\n<p>A su vez, inform\u00f3 que esta muy vinculado con programas de Becas para los m\u00e1s peque\u00f1os y se puedan acercar m\u00e1s al apasionante mundo del Kartismo. <\/p>\n\n\n\n<p><em><strong>\u00ab<\/strong><\/em>Otro punto a destacar, es que organizamos  junto con la <strong><em>FIA y el Autom\u00f3vil Club <\/em><\/strong>programas de Becas para ni\u00f1os entre los 8 y 12 a\u00f1os, esto lo venimos trabajando desde hace seis a\u00f1os aproximadamente\u00bb, destac\u00f3, <strong><em>Peppe Sgarlata.<\/em><\/strong><\/p>\n\n\n\n<p>(Video y Fuente, <strong><em>www.rgdeportes.com<\/em><\/strong>)<\/p>\n\n\n\n<figure class=\"wp-block-embed-youtube wp-block-embed is-type-video is-provider-youtube wp-embed-aspect-16-9 wp-has-aspect-ratio\"><div class=\"wp-block-embed__wrapper\">\n<iframe loading=\"lazy\" title=\"RG Deportes - Costa Rica, KartismoCR.\" width=\"1110\" height=\"624\" src=\"https:\/\/www.youtube.com\/embed\/sFaZ9DPTDzQ?feature=oembed\" frameborder=\"0\" allow=\"accelerometer; autoplay; clipboard-write; encrypted-media; gyroscope; picture-in-picture\" allowfullscreen><\/iframe>\n<\/div><\/figure>\n","protected":false},"excerpt":{"rendered":"<p>El piloto italiano Peppe Sgarlata coment\u00f3 para nuestro medio www.rgdeportes.com como naci\u00f3 su pasi\u00f3n por los motores, poniendo en pr\u00e1ctica su talento en su natal Italia y lo puso en&hellip; <\/p>\n","protected":false},"author":2,"featured_media":2767,"comment_status":"open","ping_status":"open","sticky":false,"template":"","format":"standard","meta":{"om_disable_all_campaigns":false,"_monsterinsights_skip_tracking":false,"_monsterinsights_sitenote_active":false,"_monsterinsights_sitenote_note":"","_monsterinsights_sitenote_category":0,"footnotes":""},"categories":[524],"tags":[118,724],"class_list":["post-2766","post","type-post","status-publish","format-standard","has-post-thumbnail","hentry","category-ddm","tag-kartismocr","tag-peppesgarlatta"],"aioseo_notices":[],"yoast_head":"<!-- This site is optimized with the Yoast SEO plugin v21.2 - https:\/\/yoast.com\/wordpress\/plugins\/seo\/ -->\n<title>Peppe Sgarlata: &quot;Queremos hacer crecer el Kartismo por medio de Becas&quot;. (Video) - RG Deportes\u200e<\/title>\n<meta name=\"robots\" content=\"index, follow, max-snippet:-1, max-image-preview:large, max-video-preview:-1\" \/>\n<link rel=\"canonical\" href=\"https:\/\/rgdeportes.com\/index.php\/2021\/10\/02\/peppe-sgarlata-queremos-hacer-crecer-el-kartismo-por-medio-de-becas-video\/\" \/>\n<meta property=\"og:locale\" content=\"es_ES\" \/>\n<meta property=\"og:type\" content=\"article\" \/>\n<meta property=\"og:title\" content=\"Peppe Sgarlata: &quot;Queremos hacer crecer el Kartismo por medio de Becas&quot;. (Video) - RG Deportes\u200e\" \/>\n<meta property=\"og:description\" content=\"El piloto italiano Peppe Sgarlata coment\u00f3 para nuestro medio www.rgdeportes.com como naci\u00f3 su pasi\u00f3n por los motores, poniendo en pr\u00e1ctica su talento en su natal Italia y lo puso en&hellip;\" \/>\n<meta property=\"og:url\" content=\"https:\/\/rgdeportes.com\/index.php\/2021\/10\/02\/peppe-sgarlata-queremos-hacer-crecer-el-kartismo-por-medio-de-becas-video\/\" \/>\n<meta property=\"og:site_name\" content=\"RG Deportes\u200e\" \/>\n<meta property=\"article:publisher\" content=\"https:\/\/www.facebook.com\/RandallGutierrezDeportes\/\" \/>\n<meta property=\"article:published_time\" content=\"2021-10-02T04:56:21+00:00\" \/>\n<meta property=\"article:modified_time\" content=\"2021-10-02T05:00:30+00:00\" \/>\n<meta property=\"og:image\" content=\"https:\/\/rgdeportes.com\/wp-content\/uploads\/2021\/10\/IMG_20210921_200838-scaled.jpg\" \/>\n\t<meta property=\"og:image:width\" content=\"2560\" \/>\n\t<meta property=\"og:image:height\" content=\"1920\" \/>\n\t<meta property=\"og:image:type\" content=\"image\/jpeg\" \/>\n<meta name=\"author\" content=\"Randall Gutierrez\" \/>\n<meta name=\"twitter:card\" content=\"summary_large_image\" \/>\n<meta name=\"twitter:label1\" content=\"Escrito por\" \/>\n\t<meta name=\"twitter:data1\" content=\"Randall Gutierrez\" \/>\n\t<meta name=\"twitter:label2\" content=\"Tiempo de lectura\" \/>\n\t<meta name=\"twitter:data2\" content=\"1 minuto\" \/>\n<script type=\"application\/ld+json\" class=\"yoast-schema-graph\">{\"@context\":\"https:\/\/schema.org\",\"@graph\":[{\"@type\":\"Article\",\"@id\":\"https:\/\/rgdeportes.com\/index.php\/2021\/10\/02\/peppe-sgarlata-queremos-hacer-crecer-el-kartismo-por-medio-de-becas-video\/#article\",\"isPartOf\":{\"@id\":\"https:\/\/rgdeportes.com\/index.php\/2021\/10\/02\/peppe-sgarlata-queremos-hacer-crecer-el-kartismo-por-medio-de-becas-video\/\"},\"author\":{\"name\":\"Randall Gutierrez\",\"@id\":\"https:\/\/rgdeportes.com\/#\/schema\/person\/91795323fddb335a4fd017bf0e4b1358\"},\"headline\":\"Peppe Sgarlata: \u00abQueremos hacer crecer el Kartismo por medio de Becas\u00bb. (Video)\",\"datePublished\":\"2021-10-02T04:56:21+00:00\",\"dateModified\":\"2021-10-02T05:00:30+00:00\",\"mainEntityOfPage\":{\"@id\":\"https:\/\/rgdeportes.com\/index.php\/2021\/10\/02\/peppe-sgarlata-queremos-hacer-crecer-el-kartismo-por-medio-de-becas-video\/\"},\"wordCount\":173,\"commentCount\":0,\"publisher\":{\"@id\":\"https:\/\/rgdeportes.com\/#organization\"},\"keywords\":[\"#Kartismocr\",\"#PeppeSgarlatta\"],\"articleSection\":[\"Deportes de motor\"],\"inLanguage\":\"es\",\"potentialAction\":[{\"@type\":\"CommentAction\",\"name\":\"Comment\",\"target\":[\"https:\/\/rgdeportes.com\/index.php\/2021\/10\/02\/peppe-sgarlata-queremos-hacer-crecer-el-kartismo-por-medio-de-becas-video\/#respond\"]}]},{\"@type\":\"WebPage\",\"@id\":\"https:\/\/rgdeportes.com\/index.php\/2021\/10\/02\/peppe-sgarlata-queremos-hacer-crecer-el-kartismo-por-medio-de-becas-video\/\",\"url\":\"https:\/\/rgdeportes.com\/index.php\/2021\/10\/02\/peppe-sgarlata-queremos-hacer-crecer-el-kartismo-por-medio-de-becas-video\/\",\"name\":\"Peppe Sgarlata: \\\"Queremos hacer crecer el Kartismo por medio de Becas\\\". (Video) - RG Deportes\u200e\",\"isPartOf\":{\"@id\":\"https:\/\/rgdeportes.com\/#website\"},\"datePublished\":\"2021-10-02T04:56:21+00:00\",\"dateModified\":\"2021-10-02T05:00:30+00:00\",\"breadcrumb\":{\"@id\":\"https:\/\/rgdeportes.com\/index.php\/2021\/10\/02\/peppe-sgarlata-queremos-hacer-crecer-el-kartismo-por-medio-de-becas-video\/#breadcrumb\"},\"inLanguage\":\"es\",\"potentialAction\":[{\"@type\":\"ReadAction\",\"target\":[\"https:\/\/rgdeportes.com\/index.php\/2021\/10\/02\/peppe-sgarlata-queremos-hacer-crecer-el-kartismo-por-medio-de-becas-video\/\"]}]},{\"@type\":\"BreadcrumbList\",\"@id\":\"https:\/\/rgdeportes.com\/index.php\/2021\/10\/02\/peppe-sgarlata-queremos-hacer-crecer-el-kartismo-por-medio-de-becas-video\/#breadcrumb\",\"itemListElement\":[{\"@type\":\"ListItem\",\"position\":1,\"name\":\"Portada\",\"item\":\"https:\/\/rgdeportes.com\/\"},{\"@type\":\"ListItem\",\"position\":2,\"name\":\"Peppe Sgarlata: &#8220;Queremos hacer crecer el Kartismo por medio de Becas&#8221;. (Video)\"}]},{\"@type\":\"WebSite\",\"@id\":\"https:\/\/rgdeportes.com\/#website\",\"url\":\"https:\/\/rgdeportes.com\/\",\"name\":\"RG Deportes\u200e\",\"description\":\"\",\"publisher\":{\"@id\":\"https:\/\/rgdeportes.com\/#organization\"},\"potentialAction\":[{\"@type\":\"SearchAction\",\"target\":{\"@type\":\"EntryPoint\",\"urlTemplate\":\"https:\/\/rgdeportes.com\/?s={search_term_string}\"},\"query-input\":\"required name=search_term_string\"}],\"inLanguage\":\"es\"},{\"@type\":\"Organization\",\"@id\":\"https:\/\/rgdeportes.com\/#organization\",\"name\":\"RG Deportes\",\"url\":\"https:\/\/rgdeportes.com\/\",\"logo\":{\"@type\":\"ImageObject\",\"inLanguage\":\"es\",\"@id\":\"https:\/\/rgdeportes.com\/#\/schema\/logo\/image\/\",\"url\":\"https:\/\/rgdeportes.com\/wp-content\/uploads\/2020\/09\/Logo.png\",\"contentUrl\":\"https:\/\/rgdeportes.com\/wp-content\/uploads\/2020\/09\/Logo.png\",\"width\":784,\"height\":552,\"caption\":\"RG Deportes\"},\"image\":{\"@id\":\"https:\/\/rgdeportes.com\/#\/schema\/logo\/image\/\"},\"sameAs\":[\"https:\/\/www.facebook.com\/RandallGutierrezDeportes\/\",\"https:\/\/www.instagram.com\/randallgutierrezdeportes\/\",\"https:\/\/www.youtube.com\/channel\/UCX4_qbvtnTwoF5t2zNqBDvA\"]},{\"@type\":\"Person\",\"@id\":\"https:\/\/rgdeportes.com\/#\/schema\/person\/91795323fddb335a4fd017bf0e4b1358\",\"name\":\"Randall Gutierrez\",\"image\":{\"@type\":\"ImageObject\",\"inLanguage\":\"es\",\"@id\":\"https:\/\/rgdeportes.com\/#\/schema\/person\/image\/\",\"url\":\"https:\/\/secure.gravatar.com\/avatar\/d0884ea8b9b50bcfad3c0d20049361b5?s=96&d=mm&r=g\",\"contentUrl\":\"https:\/\/secure.gravatar.com\/avatar\/d0884ea8b9b50bcfad3c0d20049361b5?s=96&d=mm&r=g\",\"caption\":\"Randall Gutierrez\"},\"url\":\"https:\/\/rgdeportes.com\/index.php\/author\/randall\/\"}]}<\/script>\n<!-- \/ Yoast SEO plugin. -->","yoast_head_json":{"title":"Peppe Sgarlata: \"Queremos hacer crecer el Kartismo por medio de Becas\". (Video) - RG Deportes\u200e","robots":{"index":"index","follow":"follow","max-snippet":"max-snippet:-1","max-image-preview":"max-image-preview:large","max-video-preview":"max-video-preview:-1"},"canonical":"https:\/\/rgdeportes.com\/index.php\/2021\/10\/02\/peppe-sgarlata-queremos-hacer-crecer-el-kartismo-por-medio-de-becas-video\/","og_locale":"es_ES","og_type":"article","og_title":"Peppe Sgarlata: \"Queremos hacer crecer el Kartismo por medio de Becas\". (Video) - RG Deportes\u200e","og_description":"El piloto italiano Peppe Sgarlata coment\u00f3 para nuestro medio www.rgdeportes.com como naci\u00f3 su pasi\u00f3n por los motores, poniendo en pr\u00e1ctica su talento en su natal Italia y lo puso en&hellip;","og_url":"https:\/\/rgdeportes.com\/index.php\/2021\/10\/02\/peppe-sgarlata-queremos-hacer-crecer-el-kartismo-por-medio-de-becas-video\/","og_site_name":"RG Deportes\u200e","article_publisher":"https:\/\/www.facebook.com\/RandallGutierrezDeportes\/","article_published_time":"2021-10-02T04:56:21+00:00","article_modified_time":"2021-10-02T05:00:30+00:00","og_image":[{"width":2560,"height":1920,"url":"https:\/\/rgdeportes.com\/wp-content\/uploads\/2021\/10\/IMG_20210921_200838-scaled.jpg","type":"image\/jpeg"}],"author":"Randall Gutierrez","twitter_card":"summary_large_image","twitter_misc":{"Escrito por":"Randall Gutierrez","Tiempo de lectura":"1 minuto"},"schema":{"@context":"https:\/\/schema.org","@graph":[{"@type":"Article","@id":"https:\/\/rgdeportes.com\/index.php\/2021\/10\/02\/peppe-sgarlata-queremos-hacer-crecer-el-kartismo-por-medio-de-becas-video\/#article","isPartOf":{"@id":"https:\/\/rgdeportes.com\/index.php\/2021\/10\/02\/peppe-sgarlata-queremos-hacer-crecer-el-kartismo-por-medio-de-becas-video\/"},"author":{"name":"Randall Gutierrez","@id":"https:\/\/rgdeportes.com\/#\/schema\/person\/91795323fddb335a4fd017bf0e4b1358"},"headline":"Peppe Sgarlata: \u00abQueremos hacer crecer el Kartismo por medio de Becas\u00bb. (Video)","datePublished":"2021-10-02T04:56:21+00:00","dateModified":"2021-10-02T05:00:30+00:00","mainEntityOfPage":{"@id":"https:\/\/rgdeportes.com\/index.php\/2021\/10\/02\/peppe-sgarlata-queremos-hacer-crecer-el-kartismo-por-medio-de-becas-video\/"},"wordCount":173,"commentCount":0,"publisher":{"@id":"https:\/\/rgdeportes.com\/#organization"},"keywords":["#Kartismocr","#PeppeSgarlatta"],"articleSection":["Deportes de motor"],"inLanguage":"es","potentialAction":[{"@type":"CommentAction","name":"Comment","target":["https:\/\/rgdeportes.com\/index.php\/2021\/10\/02\/peppe-sgarlata-queremos-hacer-crecer-el-kartismo-por-medio-de-becas-video\/#respond"]}]},{"@type":"WebPage","@id":"https:\/\/rgdeportes.com\/index.php\/2021\/10\/02\/peppe-sgarlata-queremos-hacer-crecer-el-kartismo-por-medio-de-becas-video\/","url":"https:\/\/rgdeportes.com\/index.php\/2021\/10\/02\/peppe-sgarlata-queremos-hacer-crecer-el-kartismo-por-medio-de-becas-video\/","name":"Peppe Sgarlata: \"Queremos hacer crecer el Kartismo por medio de Becas\". (Video) - RG Deportes\u200e","isPartOf":{"@id":"https:\/\/rgdeportes.com\/#website"},"datePublished":"2021-10-02T04:56:21+00:00","dateModified":"2021-10-02T05:00:30+00:00","breadcrumb":{"@id":"https:\/\/rgdeportes.com\/index.php\/2021\/10\/02\/peppe-sgarlata-queremos-hacer-crecer-el-kartismo-por-medio-de-becas-video\/#breadcrumb"},"inLanguage":"es","potentialAction":[{"@type":"ReadAction","target":["https:\/\/rgdeportes.com\/index.php\/2021\/10\/02\/peppe-sgarlata-queremos-hacer-crecer-el-kartismo-por-medio-de-becas-video\/"]}]},{"@type":"BreadcrumbList","@id":"https:\/\/rgdeportes.com\/index.php\/2021\/10\/02\/peppe-sgarlata-queremos-hacer-crecer-el-kartismo-por-medio-de-becas-video\/#breadcrumb","itemListElement":[{"@type":"ListItem","position":1,"name":"Portada","item":"https:\/\/rgdeportes.com\/"},{"@type":"ListItem","position":2,"name":"Peppe Sgarlata: &#8220;Queremos hacer crecer el Kartismo por medio de Becas&#8221;. (Video)"}]},{"@type":"WebSite","@id":"https:\/\/rgdeportes.com\/#website","url":"https:\/\/rgdeportes.com\/","name":"RG Deportes\u200e","description":"","publisher":{"@id":"https:\/\/rgdeportes.com\/#organization"},"potentialAction":[{"@type":"SearchAction","target":{"@type":"EntryPoint","urlTemplate":"https:\/\/rgdeportes.com\/?s={search_term_string}"},"query-input":"required name=search_term_string"}],"inLanguage":"es"},{"@type":"Organization","@id":"https:\/\/rgdeportes.com\/#organization","name":"RG Deportes","url":"https:\/\/rgdeportes.com\/","logo":{"@type":"ImageObject","inLanguage":"es","@id":"https:\/\/rgdeportes.com\/#\/schema\/logo\/image\/","url":"https:\/\/rgdeportes.com\/wp-content\/uploads\/2020\/09\/Logo.png","contentUrl":"https:\/\/rgdeportes.com\/wp-content\/uploads\/2020\/09\/Logo.png","width":784,"height":552,"caption":"RG Deportes"},"image":{"@id":"https:\/\/rgdeportes.com\/#\/schema\/logo\/image\/"},"sameAs":["https:\/\/www.facebook.com\/RandallGutierrezDeportes\/","https:\/\/www.instagram.com\/randallgutierrezdeportes\/","https:\/\/www.youtube.com\/channel\/UCX4_qbvtnTwoF5t2zNqBDvA"]},{"@type":"Person","@id":"https:\/\/rgdeportes.com\/#\/schema\/person\/91795323fddb335a4fd017bf0e4b1358","name":"Randall Gutierrez","image":{"@type":"ImageObject","inLanguage":"es","@id":"https:\/\/rgdeportes.com\/#\/schema\/person\/image\/","url":"https:\/\/secure.gravatar.com\/avatar\/d0884ea8b9b50bcfad3c0d20049361b5?s=96&d=mm&r=g","contentUrl":"https:\/\/secure.gravatar.com\/avatar\/d0884ea8b9b50bcfad3c0d20049361b5?s=96&d=mm&r=g","caption":"Randall Gutierrez"},"url":"https:\/\/rgdeportes.com\/index.php\/author\/randall\/"}]}},"_links":{"self":[{"href":"https:\/\/rgdeportes.com\/index.php\/wp-json\/wp\/v2\/posts\/2766","targetHints":{"allow":["GET"]}}],"collection":[{"href":"https:\/\/rgdeportes.com\/index.php\/wp-json\/wp\/v2\/posts"}],"about":[{"href":"https:\/\/rgdeportes.com\/index.php\/wp-json\/wp\/v2\/types\/post"}],"author":[{"embeddable":true,"href":"https:\/\/rgdeportes.com\/index.php\/wp-json\/wp\/v2\/users\/2"}],"replies":[{"embeddable":true,"href":"https:\/\/rgdeportes.com\/index.php\/wp-json\/wp\/v2\/comments?post=2766"}],"version-history":[{"count":2,"href":"https:\/\/rgdeportes.com\/index.php\/wp-json\/wp\/v2\/posts\/2766\/revisions"}],"predecessor-version":[{"id":2771,"href":"https:\/\/rgdeportes.com\/index.php\/wp-json\/wp\/v2\/posts\/2766\/revisions\/2771"}],"wp:featuredmedia":[{"embeddable":true,"href":"https:\/\/rgdeportes.com\/index.php\/wp-json\/wp\/v2\/media\/2767"}],"wp:attachment":[{"href":"https:\/\/rgdeportes.com\/index.php\/wp-json\/wp\/v2\/media?parent=2766"}],"wp:term":[{"taxonomy":"category","embeddable":true,"href":"https:\/\/rgdeportes.com\/index.php\/wp-json\/wp\/v2\/categories?post=2766"},{"taxonomy":"post_tag","embeddable":true,"href":"https:\/\/rgdeportes.com\/index.php\/wp-json\/wp\/v2\/tags?post=2766"}],"curies":[{"name":"wp","href":"https:\/\/api.w.org\/{rel}","templated":true}]}}