{"id":1688,"date":"2021-04-13T02:00:46","date_gmt":"2021-04-13T02:00:46","guid":{"rendered":"http:\/\/rgdeportes.com\/?p=1688"},"modified":"2021-04-13T02:00:48","modified_gmt":"2021-04-13T02:00:48","slug":"taekwondo-costarricense-tendra-su-torneo-virtual-estudiantil-2021","status":"publish","type":"post","link":"https:\/\/rgdeportes.com\/index.php\/2021\/04\/13\/taekwondo-costarricense-tendra-su-torneo-virtual-estudiantil-2021\/","title":{"rendered":"Taekwondo Costarricense tendr\u00e1 su Torneo Virtual Estudiantil 2021"},"content":{"rendered":"\n<figure class=\"wp-block-gallery columns-1 is-cropped wp-block-gallery-1 is-layout-flex wp-block-gallery-is-layout-flex\"><ul class=\"blocks-gallery-grid\"><li class=\"blocks-gallery-item\"><figure><img loading=\"lazy\" decoding=\"async\" width=\"1024\" height=\"640\" src=\"http:\/\/rgdeportes.com\/wp-content\/uploads\/2021\/04\/Taekwondo-Virtual-1-1024x640.jpg\" alt=\"\" data-id=\"1689\" data-full-url=\"http:\/\/rgdeportes.com\/wp-content\/uploads\/2021\/04\/Taekwondo-Virtual-1.jpg\" data-link=\"http:\/\/rgdeportes.com\/?attachment_id=1689\" class=\"wp-image-1689\" srcset=\"https:\/\/rgdeportes.com\/wp-content\/uploads\/2021\/04\/Taekwondo-Virtual-1-1024x640.jpg 1024w, https:\/\/rgdeportes.com\/wp-content\/uploads\/2021\/04\/Taekwondo-Virtual-1-300x187.jpg 300w, https:\/\/rgdeportes.com\/wp-content\/uploads\/2021\/04\/Taekwondo-Virtual-1-768x480.jpg 768w, https:\/\/rgdeportes.com\/wp-content\/uploads\/2021\/04\/Taekwondo-Virtual-1.jpg 1045w\" sizes=\"auto, (max-width: 1024px) 100vw, 1024px\" \/><\/figure><\/li><\/ul><\/figure>\n\n\n\n<p>As\u00ed lo di\u00f3 a conocer la <strong><em>Federaci\u00f3n Costarricense de Taekwondo <\/em><\/strong>mediante su sitio de facebook, donde env\u00eda la invitaci\u00f3n a los estudiantes para que participen en el <strong><em>\u201cTorneo de Taekwondo MEP 2021 Virtual\u201d<\/em><\/strong> para los meses que se avecinan.<\/p>\n\n\n\n<p>El formulario de Taekwondo ya est\u00e1 habilitado, y cierra el plazo de inscripci\u00f3n el 23 de abril.<\/p>\n\n\n\n<p>El formato deber\u00e1 contar con dos etapas y una selecci\u00f3n de los videos m\u00e1s sobresalientes de <strong><em>Poomsae <\/em><\/strong>y una \u00faltima etapa donde los clasificados logran alcanzar la final.<\/p>\n\n\n\n<p><strong>\u00bfC\u00f3mo participar?<\/strong><\/p>\n\n\n\n<p>Deber\u00e1n grabar un v\u00eddeo con el <strong>Poomsae<\/strong> que corresponda a la edad del taekwondista y a su nivel.<\/p>\n\n\n\n<p>Dos enviar el v\u00eddeo en el formulario de inscripci\u00f3n, mismo est\u00e1 en la p\u00e1gina de la <em>Federaci\u00f3n Costarricense de Taekwondo, <\/em>a su vez el mismo ser\u00e1 evaluado por la Comisi\u00f3n de Arbitraje de la Federaci\u00f3n Costarricense de Taekwondo y as\u00ed obtener el mayor puntaje.<\/p>\n\n\n\n<p>La etapa clasificatoria de videos ser\u00e1 transmitido el 02 de junio.<\/p>\n\n\n\n<p>La transmisi\u00f3n de las finales ser\u00e1 el 22 de setiembre.<\/p>\n\n\n\n<p>Para m\u00e1s informaci\u00f3n ingres\u00e1 a <a href=\"http:\/\/www.juegosdeportivosestudiantiles.com\/?fbclid=IwAR14ajZVYuuu2RDxdZP-urfOkrTuszM92rw6nLP_F9UnrPj1llNc49SIXPs\" target=\"_blank\" rel=\"noreferrer noopener\">www.juegosdeportivosestudiantiles.com<\/a><\/p>\n\n\n\n<p>(Foto \u2013 Cortes\u00eda, Federaci\u00f3n Costarricense de Taekwondo).<\/p>\n\n\n\n<p><\/p>\n","protected":false},"excerpt":{"rendered":"<p>As\u00ed lo di\u00f3 a conocer la Federaci\u00f3n Costarricense de Taekwondo mediante su sitio de facebook, donde env\u00eda la invitaci\u00f3n a los estudiantes para que participen en el \u201cTorneo de Taekwondo&hellip; <\/p>\n","protected":false},"author":2,"featured_media":1689,"comment_status":"open","ping_status":"open","sticky":false,"template":"","format":"standard","meta":{"om_disable_all_campaigns":false,"_monsterinsights_skip_tracking":false,"_monsterinsights_sitenote_active":false,"_monsterinsights_sitenote_note":"","_monsterinsights_sitenote_category":0,"footnotes":""},"categories":[6],"tags":[327,328],"class_list":["post-1688","post","type-post","status-publish","format-standard","has-post-thumbnail","hentry","category-cb","tag-taekwondovirtualcostarica","tag-torneotaekwonvirtualmep2021"],"aioseo_notices":[],"yoast_head":"<!-- This site is optimized with the Yoast SEO plugin v21.2 - https:\/\/yoast.com\/wordpress\/plugins\/seo\/ -->\n<title>Taekwondo Costarricense tendr\u00e1 su Torneo Virtual Estudiantil 2021 - RG Deportes\u200e<\/title>\n<meta name=\"robots\" content=\"index, follow, max-snippet:-1, max-image-preview:large, max-video-preview:-1\" \/>\n<link rel=\"canonical\" href=\"https:\/\/rgdeportes.com\/index.php\/2021\/04\/13\/taekwondo-costarricense-tendra-su-torneo-virtual-estudiantil-2021\/\" \/>\n<meta property=\"og:locale\" content=\"es_ES\" \/>\n<meta property=\"og:type\" content=\"article\" \/>\n<meta property=\"og:title\" content=\"Taekwondo Costarricense tendr\u00e1 su Torneo Virtual Estudiantil 2021 - RG Deportes\u200e\" \/>\n<meta property=\"og:description\" content=\"As\u00ed lo di\u00f3 a conocer la Federaci\u00f3n Costarricense de Taekwondo mediante su sitio de facebook, donde env\u00eda la invitaci\u00f3n a los estudiantes para que participen en el \u201cTorneo de Taekwondo&hellip;\" \/>\n<meta property=\"og:url\" content=\"https:\/\/rgdeportes.com\/index.php\/2021\/04\/13\/taekwondo-costarricense-tendra-su-torneo-virtual-estudiantil-2021\/\" \/>\n<meta property=\"og:site_name\" content=\"RG Deportes\u200e\" \/>\n<meta property=\"article:publisher\" content=\"https:\/\/www.facebook.com\/RandallGutierrezDeportes\/\" \/>\n<meta property=\"article:published_time\" content=\"2021-04-13T02:00:46+00:00\" \/>\n<meta property=\"article:modified_time\" content=\"2021-04-13T02:00:48+00:00\" \/>\n<meta property=\"og:image\" content=\"https:\/\/rgdeportes.com\/wp-content\/uploads\/2021\/04\/Taekwondo-Virtual-1.jpg\" \/>\n\t<meta property=\"og:image:width\" content=\"1045\" \/>\n\t<meta property=\"og:image:height\" content=\"653\" \/>\n\t<meta property=\"og:image:type\" content=\"image\/jpeg\" \/>\n<meta name=\"author\" content=\"Randall Gutierrez\" \/>\n<meta name=\"twitter:card\" content=\"summary_large_image\" \/>\n<meta name=\"twitter:label1\" content=\"Escrito por\" \/>\n\t<meta name=\"twitter:data1\" content=\"Randall Gutierrez\" \/>\n\t<meta name=\"twitter:label2\" content=\"Tiempo de lectura\" \/>\n\t<meta name=\"twitter:data2\" content=\"1 minuto\" \/>\n<script type=\"application\/ld+json\" class=\"yoast-schema-graph\">{\"@context\":\"https:\/\/schema.org\",\"@graph\":[{\"@type\":\"Article\",\"@id\":\"https:\/\/rgdeportes.com\/index.php\/2021\/04\/13\/taekwondo-costarricense-tendra-su-torneo-virtual-estudiantil-2021\/#article\",\"isPartOf\":{\"@id\":\"https:\/\/rgdeportes.com\/index.php\/2021\/04\/13\/taekwondo-costarricense-tendra-su-torneo-virtual-estudiantil-2021\/\"},\"author\":{\"name\":\"Randall Gutierrez\",\"@id\":\"https:\/\/rgdeportes.com\/#\/schema\/person\/91795323fddb335a4fd017bf0e4b1358\"},\"headline\":\"Taekwondo Costarricense tendr\u00e1 su Torneo Virtual Estudiantil 2021\",\"datePublished\":\"2021-04-13T02:00:46+00:00\",\"dateModified\":\"2021-04-13T02:00:48+00:00\",\"mainEntityOfPage\":{\"@id\":\"https:\/\/rgdeportes.com\/index.php\/2021\/04\/13\/taekwondo-costarricense-tendra-su-torneo-virtual-estudiantil-2021\/\"},\"wordCount\":206,\"commentCount\":0,\"publisher\":{\"@id\":\"https:\/\/rgdeportes.com\/#organization\"},\"keywords\":[\"#TaekwondoVirtualCostaRica\",\"#TorneoTaekwonVirtualMEP2021\"],\"articleSection\":[\"Deportes de combate\"],\"inLanguage\":\"es\",\"potentialAction\":[{\"@type\":\"CommentAction\",\"name\":\"Comment\",\"target\":[\"https:\/\/rgdeportes.com\/index.php\/2021\/04\/13\/taekwondo-costarricense-tendra-su-torneo-virtual-estudiantil-2021\/#respond\"]}]},{\"@type\":\"WebPage\",\"@id\":\"https:\/\/rgdeportes.com\/index.php\/2021\/04\/13\/taekwondo-costarricense-tendra-su-torneo-virtual-estudiantil-2021\/\",\"url\":\"https:\/\/rgdeportes.com\/index.php\/2021\/04\/13\/taekwondo-costarricense-tendra-su-torneo-virtual-estudiantil-2021\/\",\"name\":\"Taekwondo Costarricense tendr\u00e1 su Torneo Virtual Estudiantil 2021 - RG Deportes\u200e\",\"isPartOf\":{\"@id\":\"https:\/\/rgdeportes.com\/#website\"},\"datePublished\":\"2021-04-13T02:00:46+00:00\",\"dateModified\":\"2021-04-13T02:00:48+00:00\",\"breadcrumb\":{\"@id\":\"https:\/\/rgdeportes.com\/index.php\/2021\/04\/13\/taekwondo-costarricense-tendra-su-torneo-virtual-estudiantil-2021\/#breadcrumb\"},\"inLanguage\":\"es\",\"potentialAction\":[{\"@type\":\"ReadAction\",\"target\":[\"https:\/\/rgdeportes.com\/index.php\/2021\/04\/13\/taekwondo-costarricense-tendra-su-torneo-virtual-estudiantil-2021\/\"]}]},{\"@type\":\"BreadcrumbList\",\"@id\":\"https:\/\/rgdeportes.com\/index.php\/2021\/04\/13\/taekwondo-costarricense-tendra-su-torneo-virtual-estudiantil-2021\/#breadcrumb\",\"itemListElement\":[{\"@type\":\"ListItem\",\"position\":1,\"name\":\"Portada\",\"item\":\"https:\/\/rgdeportes.com\/\"},{\"@type\":\"ListItem\",\"position\":2,\"name\":\"Taekwondo Costarricense tendr\u00e1 su Torneo Virtual Estudiantil 2021\"}]},{\"@type\":\"WebSite\",\"@id\":\"https:\/\/rgdeportes.com\/#website\",\"url\":\"https:\/\/rgdeportes.com\/\",\"name\":\"RG Deportes\u200e\",\"description\":\"\",\"publisher\":{\"@id\":\"https:\/\/rgdeportes.com\/#organization\"},\"potentialAction\":[{\"@type\":\"SearchAction\",\"target\":{\"@type\":\"EntryPoint\",\"urlTemplate\":\"https:\/\/rgdeportes.com\/?s={search_term_string}\"},\"query-input\":\"required name=search_term_string\"}],\"inLanguage\":\"es\"},{\"@type\":\"Organization\",\"@id\":\"https:\/\/rgdeportes.com\/#organization\",\"name\":\"RG Deportes\",\"url\":\"https:\/\/rgdeportes.com\/\",\"logo\":{\"@type\":\"ImageObject\",\"inLanguage\":\"es\",\"@id\":\"https:\/\/rgdeportes.com\/#\/schema\/logo\/image\/\",\"url\":\"https:\/\/rgdeportes.com\/wp-content\/uploads\/2020\/09\/Logo.png\",\"contentUrl\":\"https:\/\/rgdeportes.com\/wp-content\/uploads\/2020\/09\/Logo.png\",\"width\":784,\"height\":552,\"caption\":\"RG Deportes\"},\"image\":{\"@id\":\"https:\/\/rgdeportes.com\/#\/schema\/logo\/image\/\"},\"sameAs\":[\"https:\/\/www.facebook.com\/RandallGutierrezDeportes\/\",\"https:\/\/www.instagram.com\/randallgutierrezdeportes\/\",\"https:\/\/www.youtube.com\/channel\/UCX4_qbvtnTwoF5t2zNqBDvA\"]},{\"@type\":\"Person\",\"@id\":\"https:\/\/rgdeportes.com\/#\/schema\/person\/91795323fddb335a4fd017bf0e4b1358\",\"name\":\"Randall Gutierrez\",\"image\":{\"@type\":\"ImageObject\",\"inLanguage\":\"es\",\"@id\":\"https:\/\/rgdeportes.com\/#\/schema\/person\/image\/\",\"url\":\"https:\/\/secure.gravatar.com\/avatar\/d0884ea8b9b50bcfad3c0d20049361b5?s=96&d=mm&r=g\",\"contentUrl\":\"https:\/\/secure.gravatar.com\/avatar\/d0884ea8b9b50bcfad3c0d20049361b5?s=96&d=mm&r=g\",\"caption\":\"Randall Gutierrez\"},\"url\":\"https:\/\/rgdeportes.com\/index.php\/author\/randall\/\"}]}<\/script>\n<!-- \/ Yoast SEO plugin. -->","yoast_head_json":{"title":"Taekwondo Costarricense tendr\u00e1 su Torneo Virtual Estudiantil 2021 - RG Deportes\u200e","robots":{"index":"index","follow":"follow","max-snippet":"max-snippet:-1","max-image-preview":"max-image-preview:large","max-video-preview":"max-video-preview:-1"},"canonical":"https:\/\/rgdeportes.com\/index.php\/2021\/04\/13\/taekwondo-costarricense-tendra-su-torneo-virtual-estudiantil-2021\/","og_locale":"es_ES","og_type":"article","og_title":"Taekwondo Costarricense tendr\u00e1 su Torneo Virtual Estudiantil 2021 - RG Deportes\u200e","og_description":"As\u00ed lo di\u00f3 a conocer la Federaci\u00f3n Costarricense de Taekwondo mediante su sitio de facebook, donde env\u00eda la invitaci\u00f3n a los estudiantes para que participen en el \u201cTorneo de Taekwondo&hellip;","og_url":"https:\/\/rgdeportes.com\/index.php\/2021\/04\/13\/taekwondo-costarricense-tendra-su-torneo-virtual-estudiantil-2021\/","og_site_name":"RG Deportes\u200e","article_publisher":"https:\/\/www.facebook.com\/RandallGutierrezDeportes\/","article_published_time":"2021-04-13T02:00:46+00:00","article_modified_time":"2021-04-13T02:00:48+00:00","og_image":[{"width":1045,"height":653,"url":"https:\/\/rgdeportes.com\/wp-content\/uploads\/2021\/04\/Taekwondo-Virtual-1.jpg","type":"image\/jpeg"}],"author":"Randall Gutierrez","twitter_card":"summary_large_image","twitter_misc":{"Escrito por":"Randall Gutierrez","Tiempo de lectura":"1 minuto"},"schema":{"@context":"https:\/\/schema.org","@graph":[{"@type":"Article","@id":"https:\/\/rgdeportes.com\/index.php\/2021\/04\/13\/taekwondo-costarricense-tendra-su-torneo-virtual-estudiantil-2021\/#article","isPartOf":{"@id":"https:\/\/rgdeportes.com\/index.php\/2021\/04\/13\/taekwondo-costarricense-tendra-su-torneo-virtual-estudiantil-2021\/"},"author":{"name":"Randall Gutierrez","@id":"https:\/\/rgdeportes.com\/#\/schema\/person\/91795323fddb335a4fd017bf0e4b1358"},"headline":"Taekwondo Costarricense tendr\u00e1 su Torneo Virtual Estudiantil 2021","datePublished":"2021-04-13T02:00:46+00:00","dateModified":"2021-04-13T02:00:48+00:00","mainEntityOfPage":{"@id":"https:\/\/rgdeportes.com\/index.php\/2021\/04\/13\/taekwondo-costarricense-tendra-su-torneo-virtual-estudiantil-2021\/"},"wordCount":206,"commentCount":0,"publisher":{"@id":"https:\/\/rgdeportes.com\/#organization"},"keywords":["#TaekwondoVirtualCostaRica","#TorneoTaekwonVirtualMEP2021"],"articleSection":["Deportes de combate"],"inLanguage":"es","potentialAction":[{"@type":"CommentAction","name":"Comment","target":["https:\/\/rgdeportes.com\/index.php\/2021\/04\/13\/taekwondo-costarricense-tendra-su-torneo-virtual-estudiantil-2021\/#respond"]}]},{"@type":"WebPage","@id":"https:\/\/rgdeportes.com\/index.php\/2021\/04\/13\/taekwondo-costarricense-tendra-su-torneo-virtual-estudiantil-2021\/","url":"https:\/\/rgdeportes.com\/index.php\/2021\/04\/13\/taekwondo-costarricense-tendra-su-torneo-virtual-estudiantil-2021\/","name":"Taekwondo Costarricense tendr\u00e1 su Torneo Virtual Estudiantil 2021 - RG Deportes\u200e","isPartOf":{"@id":"https:\/\/rgdeportes.com\/#website"},"datePublished":"2021-04-13T02:00:46+00:00","dateModified":"2021-04-13T02:00:48+00:00","breadcrumb":{"@id":"https:\/\/rgdeportes.com\/index.php\/2021\/04\/13\/taekwondo-costarricense-tendra-su-torneo-virtual-estudiantil-2021\/#breadcrumb"},"inLanguage":"es","potentialAction":[{"@type":"ReadAction","target":["https:\/\/rgdeportes.com\/index.php\/2021\/04\/13\/taekwondo-costarricense-tendra-su-torneo-virtual-estudiantil-2021\/"]}]},{"@type":"BreadcrumbList","@id":"https:\/\/rgdeportes.com\/index.php\/2021\/04\/13\/taekwondo-costarricense-tendra-su-torneo-virtual-estudiantil-2021\/#breadcrumb","itemListElement":[{"@type":"ListItem","position":1,"name":"Portada","item":"https:\/\/rgdeportes.com\/"},{"@type":"ListItem","position":2,"name":"Taekwondo Costarricense tendr\u00e1 su Torneo Virtual Estudiantil 2021"}]},{"@type":"WebSite","@id":"https:\/\/rgdeportes.com\/#website","url":"https:\/\/rgdeportes.com\/","name":"RG Deportes\u200e","description":"","publisher":{"@id":"https:\/\/rgdeportes.com\/#organization"},"potentialAction":[{"@type":"SearchAction","target":{"@type":"EntryPoint","urlTemplate":"https:\/\/rgdeportes.com\/?s={search_term_string}"},"query-input":"required name=search_term_string"}],"inLanguage":"es"},{"@type":"Organization","@id":"https:\/\/rgdeportes.com\/#organization","name":"RG Deportes","url":"https:\/\/rgdeportes.com\/","logo":{"@type":"ImageObject","inLanguage":"es","@id":"https:\/\/rgdeportes.com\/#\/schema\/logo\/image\/","url":"https:\/\/rgdeportes.com\/wp-content\/uploads\/2020\/09\/Logo.png","contentUrl":"https:\/\/rgdeportes.com\/wp-content\/uploads\/2020\/09\/Logo.png","width":784,"height":552,"caption":"RG Deportes"},"image":{"@id":"https:\/\/rgdeportes.com\/#\/schema\/logo\/image\/"},"sameAs":["https:\/\/www.facebook.com\/RandallGutierrezDeportes\/","https:\/\/www.instagram.com\/randallgutierrezdeportes\/","https:\/\/www.youtube.com\/channel\/UCX4_qbvtnTwoF5t2zNqBDvA"]},{"@type":"Person","@id":"https:\/\/rgdeportes.com\/#\/schema\/person\/91795323fddb335a4fd017bf0e4b1358","name":"Randall Gutierrez","image":{"@type":"ImageObject","inLanguage":"es","@id":"https:\/\/rgdeportes.com\/#\/schema\/person\/image\/","url":"https:\/\/secure.gravatar.com\/avatar\/d0884ea8b9b50bcfad3c0d20049361b5?s=96&d=mm&r=g","contentUrl":"https:\/\/secure.gravatar.com\/avatar\/d0884ea8b9b50bcfad3c0d20049361b5?s=96&d=mm&r=g","caption":"Randall Gutierrez"},"url":"https:\/\/rgdeportes.com\/index.php\/author\/randall\/"}]}},"_links":{"self":[{"href":"https:\/\/rgdeportes.com\/index.php\/wp-json\/wp\/v2\/posts\/1688","targetHints":{"allow":["GET"]}}],"collection":[{"href":"https:\/\/rgdeportes.com\/index.php\/wp-json\/wp\/v2\/posts"}],"about":[{"href":"https:\/\/rgdeportes.com\/index.php\/wp-json\/wp\/v2\/types\/post"}],"author":[{"embeddable":true,"href":"https:\/\/rgdeportes.com\/index.php\/wp-json\/wp\/v2\/users\/2"}],"replies":[{"embeddable":true,"href":"https:\/\/rgdeportes.com\/index.php\/wp-json\/wp\/v2\/comments?post=1688"}],"version-history":[{"count":1,"href":"https:\/\/rgdeportes.com\/index.php\/wp-json\/wp\/v2\/posts\/1688\/revisions"}],"predecessor-version":[{"id":1690,"href":"https:\/\/rgdeportes.com\/index.php\/wp-json\/wp\/v2\/posts\/1688\/revisions\/1690"}],"wp:featuredmedia":[{"embeddable":true,"href":"https:\/\/rgdeportes.com\/index.php\/wp-json\/wp\/v2\/media\/1689"}],"wp:attachment":[{"href":"https:\/\/rgdeportes.com\/index.php\/wp-json\/wp\/v2\/media?parent=1688"}],"wp:term":[{"taxonomy":"category","embeddable":true,"href":"https:\/\/rgdeportes.com\/index.php\/wp-json\/wp\/v2\/categories?post=1688"},{"taxonomy":"post_tag","embeddable":true,"href":"https:\/\/rgdeportes.com\/index.php\/wp-json\/wp\/v2\/tags?post=1688"}],"curies":[{"name":"wp","href":"https:\/\/api.w.org\/{rel}","templated":true}]}}