{"id":12142,"date":"2026-09-05T03:14:22","date_gmt":"2026-09-05T03:14:22","guid":{"rendered":"https:\/\/rgdeportes.com\/?p=12142"},"modified":"2026-09-05T03:16:23","modified_gmt":"2026-09-05T03:16:23","slug":"las-siete-provincias-representadas-en-la-copa-mundial-sub-20-femenina","status":"publish","type":"post","link":"https:\/\/rgdeportes.com\/index.php\/2026\/09\/05\/las-siete-provincias-representadas-en-la-copa-mundial-sub-20-femenina\/","title":{"rendered":"Las siete provincias representadas en la Copa Mundial Sub-20 Femenina"},"content":{"rendered":"\n<figure class=\"wp-block-image size-large\"><img loading=\"lazy\" decoding=\"async\" width=\"1024\" height=\"682\" src=\"https:\/\/rgdeportes.com\/wp-content\/uploads\/2026\/09\/sub20fem-1024x682.jpeg\" alt=\"\" class=\"wp-image-12143\" srcset=\"https:\/\/rgdeportes.com\/wp-content\/uploads\/2026\/09\/sub20fem-1024x682.jpeg 1024w, https:\/\/rgdeportes.com\/wp-content\/uploads\/2026\/09\/sub20fem-300x200.jpeg 300w, https:\/\/rgdeportes.com\/wp-content\/uploads\/2026\/09\/sub20fem-768x512.jpeg 768w, https:\/\/rgdeportes.com\/wp-content\/uploads\/2026\/09\/sub20fem.jpeg 1280w\" sizes=\"auto, (max-width: 1024px) 100vw, 1024px\" \/><\/figure>\n\n\n\n<p>A pocas horas del inicio de la Copa Mundial Femenina Sub-20 de la FIFA Polonia 2026\u2122, La convocatoria de la Selecci\u00f3n Femenina Sub-20 re\u00fane talento de todas las provincias del pa\u00eds. <\/p>\n\n\n\n<p>Las 21 jugadoras convocadas tienen ra\u00edces en 15 cantones y representan cinco regiones, reflejando la diversidad y el alcance del desarrollo del f\u00fatbol femenino costarricense. Desde Guanacaste y el Pac\u00edfico Central\u00a0hasta el Caribe, pasando por el Valle Central y las zonas Norte y Sur.<\/p>\n\n\n\n<p>Cada futbolista llega a Polonia con una historia y procedencia distintas, pero todas comparten el mismo objetivo: defender el escudo de la Tricolor y representar al pa\u00eds en una nueva cita mundialista.\u00a0Esta generaci\u00f3n llevar\u00e1 consigo mucho m\u00e1s que el uniforme de la Tricolor. Detr\u00e1s de cada convocatoria hay familias, comunidades, clubes y horas de entrenamiento en las canchas donde comenz\u00f3 a tomar forma el sue\u00f1o de llegar a un Mundial.<\/p>\n\n\n\n<p><strong>5 regiones del pa\u00eds&nbsp;<\/strong><\/p>\n\n\n\n<p>Distribuci\u00f3n por regiones&nbsp;<\/p>\n\n\n\n<ul class=\"wp-block-list\">\n<li>Regi\u00f3n Central:\u00a015 jugadoras\u00a0<\/li>\n\n\n\n<li>Regi\u00f3n Huetar Caribe:\u00a03 jugadoras\u00a0<\/li>\n\n\n\n<li>Regi\u00f3n Chorotega:\u00a02 jugadoras\u00a0<\/li>\n\n\n\n<li>Regi\u00f3n Pac\u00edfico Central:\u00a01 jugadora\u00a0<\/li>\n<\/ul>\n\n\n\n<p><strong>Las convocadas por provincia&nbsp;<\/strong><\/p>\n\n\n\n<p>Alajuela (9)&nbsp;<\/p>\n\n\n\n<ul class=\"wp-block-list\">\n<li>Brittany V\u00e1squez \u2014 Grecia\u00a0<\/li>\n\n\n\n<li>Tiara Ruiz \u2014 Cant\u00f3n Central\u00a0<\/li>\n\n\n\n<li>Fabiana Alfaro \u2014 Cant\u00f3n Central\u00a0<\/li>\n\n\n\n<li>Isska Chaverri \u2014 Cant\u00f3n Central\u00a0<\/li>\n\n\n\n<li>Luc\u00eda Paniagua \u2014 Grecia\u00a0<\/li>\n\n\n\n<li>Karol Molina \u2014 Cant\u00f3n Central\u00a0<\/li>\n\n\n\n<li>Marian Solano \u2014 Cant\u00f3n Central\u00a0<\/li>\n\n\n\n<li>Ashley Quesada \u2014 Atenas\u00a0<\/li>\n\n\n\n<li>Yeslim Alvarado \u2014 Grecia\u00a0<\/li>\n<\/ul>\n\n\n\n<p>Lim\u00f3n (3)&nbsp;<\/p>\n\n\n\n<ul class=\"wp-block-list\">\n<li>Valeria Fern\u00e1ndez \u2014 Pococ\u00ed\u00a0<\/li>\n\n\n\n<li>Sheika Scott \u2014 Talamanca\u00a0<\/li>\n\n\n\n<li>Fabiana Mendoza \u2014 Pococ\u00ed\u00a0<\/li>\n<\/ul>\n\n\n\n<p>San Jos\u00e9 (3)&nbsp;<\/p>\n\n\n\n<ul class=\"wp-block-list\">\n<li>Miranda Sol\u00eds \u2014 Escaz\u00fa\u00a0<\/li>\n\n\n\n<li>Samantha Pitty \u2014 Desamparados\u00a0<\/li>\n\n\n\n<li>Kiana L\u00f3pez \u2014 Cant\u00f3n Central\u00a0<\/li>\n<\/ul>\n\n\n\n<p>Cartago (2)&nbsp;<\/p>\n\n\n\n<ul class=\"wp-block-list\">\n<li>Meylin Castro \u2014 Para\u00edso\u00a0<\/li>\n\n\n\n<li>Rihanna Solano \u2014 La Uni\u00f3n\u00a0<\/li>\n<\/ul>\n\n\n\n<p>Guanacaste (2)&nbsp;<\/p>\n\n\n\n<ul class=\"wp-block-list\">\n<li>Josselyn Brice\u00f1o \u2014 Santa Cruz\u00a0<\/li>\n\n\n\n<li>Raquel Recio \u2014 Ca\u00f1as\u00a0<\/li>\n<\/ul>\n\n\n\n<p>Heredia (1)&nbsp;<\/p>\n\n\n\n<ul class=\"wp-block-list\">\n<li>Daniela Ocampo \u2014 Bel\u00e9n\u00a0<\/li>\n<\/ul>\n\n\n\n<p>Puntarenas (1)&nbsp;<\/p>\n\n\n\n<ul class=\"wp-block-list\">\n<li>Nubia Medina \u2014 Cant\u00f3n Central\u00a0<\/li>\n<\/ul>\n\n\n\n<p>Fuente: FCRF<\/p>\n","protected":false},"excerpt":{"rendered":"<p>A pocas horas del inicio de la Copa Mundial Femenina Sub-20 de la FIFA Polonia 2026\u2122, La convocatoria de la Selecci\u00f3n Femenina Sub-20 re\u00fane talento de todas las provincias del&hellip; <\/p>\n","protected":false},"author":12,"featured_media":12143,"comment_status":"closed","ping_status":"closed","sticky":false,"template":"","format":"standard","meta":{"om_disable_all_campaigns":false,"_monsterinsights_skip_tracking":false,"footnotes":""},"categories":[5],"tags":[3654,3732,3736],"class_list":["post-12142","post","type-post","status-publish","format-standard","has-post-thumbnail","hentry","category-ft","tag-fcrf","tag-mundialsub20femenino","tag-selefemeninasub20"],"aioseo_notices":[],"yoast_head":"<!-- This site is optimized with the Yoast SEO plugin v21.2 - https:\/\/yoast.com\/wordpress\/plugins\/seo\/ -->\n<title>Las siete provincias representadas en la Copa Mundial Sub-20 Femenina - RG Deportes\u200e<\/title>\n<meta name=\"robots\" content=\"index, follow, max-snippet:-1, max-image-preview:large, max-video-preview:-1\" \/>\n<link rel=\"canonical\" href=\"https:\/\/rgdeportes.com\/index.php\/2026\/09\/05\/las-siete-provincias-representadas-en-la-copa-mundial-sub-20-femenina\/\" \/>\n<meta property=\"og:locale\" content=\"es_ES\" \/>\n<meta property=\"og:type\" content=\"article\" \/>\n<meta property=\"og:title\" content=\"Las siete provincias representadas en la Copa Mundial Sub-20 Femenina - RG Deportes\u200e\" \/>\n<meta property=\"og:description\" content=\"A pocas horas del inicio de la Copa Mundial Femenina Sub-20 de la FIFA Polonia 2026\u2122, La convocatoria de la Selecci\u00f3n Femenina Sub-20 re\u00fane talento de todas las provincias del&hellip;\" \/>\n<meta property=\"og:url\" content=\"https:\/\/rgdeportes.com\/index.php\/2026\/09\/05\/las-siete-provincias-representadas-en-la-copa-mundial-sub-20-femenina\/\" \/>\n<meta property=\"og:site_name\" content=\"RG Deportes\u200e\" \/>\n<meta property=\"article:publisher\" content=\"https:\/\/www.facebook.com\/RandallGutierrezDeportes\/\" \/>\n<meta property=\"article:author\" content=\"https:\/\/www.facebook.com\/fabriziocascante\" \/>\n<meta property=\"article:published_time\" content=\"2026-09-05T03:14:22+00:00\" \/>\n<meta property=\"article:modified_time\" content=\"2026-09-05T03:16:23+00:00\" \/>\n<meta property=\"og:image\" content=\"http:\/\/rgdeportes.com\/wp-content\/uploads\/2026\/09\/sub20fem.jpeg\" \/>\n\t<meta property=\"og:image:width\" content=\"1280\" \/>\n\t<meta property=\"og:image:height\" content=\"853\" \/>\n\t<meta property=\"og:image:type\" content=\"image\/jpeg\" \/>\n<meta name=\"author\" content=\"Fabrizio Cascante Sanabria\" \/>\n<meta name=\"twitter:card\" content=\"summary_large_image\" \/>\n<meta name=\"twitter:label1\" content=\"Escrito por\" \/>\n\t<meta name=\"twitter:data1\" content=\"Fabrizio Cascante Sanabria\" \/>\n\t<meta name=\"twitter:label2\" content=\"Tiempo de lectura\" \/>\n\t<meta name=\"twitter:data2\" content=\"2 minutos\" \/>\n<script type=\"application\/ld+json\" class=\"yoast-schema-graph\">{\"@context\":\"https:\/\/schema.org\",\"@graph\":[{\"@type\":\"Article\",\"@id\":\"https:\/\/rgdeportes.com\/index.php\/2026\/09\/05\/las-siete-provincias-representadas-en-la-copa-mundial-sub-20-femenina\/#article\",\"isPartOf\":{\"@id\":\"https:\/\/rgdeportes.com\/index.php\/2026\/09\/05\/las-siete-provincias-representadas-en-la-copa-mundial-sub-20-femenina\/\"},\"author\":{\"name\":\"Fabrizio Cascante Sanabria\",\"@id\":\"https:\/\/rgdeportes.com\/#\/schema\/person\/40a4663290356fe7af135518c5f5efaf\"},\"headline\":\"Las siete provincias representadas en la Copa Mundial Sub-20 Femenina\",\"datePublished\":\"2026-09-05T03:14:22+00:00\",\"dateModified\":\"2026-09-05T03:16:23+00:00\",\"mainEntityOfPage\":{\"@id\":\"https:\/\/rgdeportes.com\/index.php\/2026\/09\/05\/las-siete-provincias-representadas-en-la-copa-mundial-sub-20-femenina\/\"},\"wordCount\":306,\"publisher\":{\"@id\":\"https:\/\/rgdeportes.com\/#organization\"},\"keywords\":[\"#FCRF\",\"#MundialSub20femenino\",\"#SeleFemeninasub20\"],\"articleSection\":[\"F\u00fatbol\"],\"inLanguage\":\"es\"},{\"@type\":\"WebPage\",\"@id\":\"https:\/\/rgdeportes.com\/index.php\/2026\/09\/05\/las-siete-provincias-representadas-en-la-copa-mundial-sub-20-femenina\/\",\"url\":\"https:\/\/rgdeportes.com\/index.php\/2026\/09\/05\/las-siete-provincias-representadas-en-la-copa-mundial-sub-20-femenina\/\",\"name\":\"Las siete provincias representadas en la Copa Mundial Sub-20 Femenina - RG Deportes\u200e\",\"isPartOf\":{\"@id\":\"https:\/\/rgdeportes.com\/#website\"},\"datePublished\":\"2026-09-05T03:14:22+00:00\",\"dateModified\":\"2026-09-05T03:16:23+00:00\",\"breadcrumb\":{\"@id\":\"https:\/\/rgdeportes.com\/index.php\/2026\/09\/05\/las-siete-provincias-representadas-en-la-copa-mundial-sub-20-femenina\/#breadcrumb\"},\"inLanguage\":\"es\",\"potentialAction\":[{\"@type\":\"ReadAction\",\"target\":[\"https:\/\/rgdeportes.com\/index.php\/2026\/09\/05\/las-siete-provincias-representadas-en-la-copa-mundial-sub-20-femenina\/\"]}]},{\"@type\":\"BreadcrumbList\",\"@id\":\"https:\/\/rgdeportes.com\/index.php\/2026\/09\/05\/las-siete-provincias-representadas-en-la-copa-mundial-sub-20-femenina\/#breadcrumb\",\"itemListElement\":[{\"@type\":\"ListItem\",\"position\":1,\"name\":\"Portada\",\"item\":\"https:\/\/rgdeportes.com\/\"},{\"@type\":\"ListItem\",\"position\":2,\"name\":\"Las siete provincias representadas en la Copa Mundial Sub-20 Femenina\"}]},{\"@type\":\"WebSite\",\"@id\":\"https:\/\/rgdeportes.com\/#website\",\"url\":\"https:\/\/rgdeportes.com\/\",\"name\":\"RG Deportes\u200e\",\"description\":\"\",\"publisher\":{\"@id\":\"https:\/\/rgdeportes.com\/#organization\"},\"potentialAction\":[{\"@type\":\"SearchAction\",\"target\":{\"@type\":\"EntryPoint\",\"urlTemplate\":\"https:\/\/rgdeportes.com\/?s={search_term_string}\"},\"query-input\":\"required name=search_term_string\"}],\"inLanguage\":\"es\"},{\"@type\":\"Organization\",\"@id\":\"https:\/\/rgdeportes.com\/#organization\",\"name\":\"RG Deportes\",\"url\":\"https:\/\/rgdeportes.com\/\",\"logo\":{\"@type\":\"ImageObject\",\"inLanguage\":\"es\",\"@id\":\"https:\/\/rgdeportes.com\/#\/schema\/logo\/image\/\",\"url\":\"https:\/\/rgdeportes.com\/wp-content\/uploads\/2020\/09\/Logo.png\",\"contentUrl\":\"https:\/\/rgdeportes.com\/wp-content\/uploads\/2020\/09\/Logo.png\",\"width\":784,\"height\":552,\"caption\":\"RG Deportes\"},\"image\":{\"@id\":\"https:\/\/rgdeportes.com\/#\/schema\/logo\/image\/\"},\"sameAs\":[\"https:\/\/www.facebook.com\/RandallGutierrezDeportes\/\",\"https:\/\/www.instagram.com\/randallgutierrezdeportes\/\",\"https:\/\/www.youtube.com\/channel\/UCX4_qbvtnTwoF5t2zNqBDvA\"]},{\"@type\":\"Person\",\"@id\":\"https:\/\/rgdeportes.com\/#\/schema\/person\/40a4663290356fe7af135518c5f5efaf\",\"name\":\"Fabrizio Cascante Sanabria\",\"image\":{\"@type\":\"ImageObject\",\"inLanguage\":\"es\",\"@id\":\"https:\/\/rgdeportes.com\/#\/schema\/person\/image\/\",\"url\":\"https:\/\/secure.gravatar.com\/avatar\/5c05df788eaa2773fbdd6309d516a8c4?s=96&d=mm&r=g\",\"contentUrl\":\"https:\/\/secure.gravatar.com\/avatar\/5c05df788eaa2773fbdd6309d516a8c4?s=96&d=mm&r=g\",\"caption\":\"Fabrizio Cascante Sanabria\"},\"sameAs\":[\"http:\/\/fcascante@correos.com\",\"https:\/\/www.facebook.com\/fabriziocascante\",\"https:\/\/www.instagram.com\/fabriziocascante\/\",\"https:\/\/www.linkedin.com\/in\/fabrizio-cascante-sanabria-53b20476\/\"],\"url\":\"https:\/\/rgdeportes.com\/index.php\/author\/fabrizio\/\"}]}<\/script>\n<!-- \/ Yoast SEO plugin. -->","yoast_head_json":{"title":"Las siete provincias representadas en la Copa Mundial Sub-20 Femenina - RG Deportes\u200e","robots":{"index":"index","follow":"follow","max-snippet":"max-snippet:-1","max-image-preview":"max-image-preview:large","max-video-preview":"max-video-preview:-1"},"canonical":"https:\/\/rgdeportes.com\/index.php\/2026\/09\/05\/las-siete-provincias-representadas-en-la-copa-mundial-sub-20-femenina\/","og_locale":"es_ES","og_type":"article","og_title":"Las siete provincias representadas en la Copa Mundial Sub-20 Femenina - RG Deportes\u200e","og_description":"A pocas horas del inicio de la Copa Mundial Femenina Sub-20 de la FIFA Polonia 2026\u2122, La convocatoria de la Selecci\u00f3n Femenina Sub-20 re\u00fane talento de todas las provincias del&hellip;","og_url":"https:\/\/rgdeportes.com\/index.php\/2026\/09\/05\/las-siete-provincias-representadas-en-la-copa-mundial-sub-20-femenina\/","og_site_name":"RG Deportes\u200e","article_publisher":"https:\/\/www.facebook.com\/RandallGutierrezDeportes\/","article_author":"https:\/\/www.facebook.com\/fabriziocascante","article_published_time":"2026-09-05T03:14:22+00:00","article_modified_time":"2026-09-05T03:16:23+00:00","og_image":[{"width":1280,"height":853,"url":"http:\/\/rgdeportes.com\/wp-content\/uploads\/2026\/09\/sub20fem.jpeg","type":"image\/jpeg"}],"author":"Fabrizio Cascante Sanabria","twitter_card":"summary_large_image","twitter_misc":{"Escrito por":"Fabrizio Cascante Sanabria","Tiempo de lectura":"2 minutos"},"schema":{"@context":"https:\/\/schema.org","@graph":[{"@type":"Article","@id":"https:\/\/rgdeportes.com\/index.php\/2026\/09\/05\/las-siete-provincias-representadas-en-la-copa-mundial-sub-20-femenina\/#article","isPartOf":{"@id":"https:\/\/rgdeportes.com\/index.php\/2026\/09\/05\/las-siete-provincias-representadas-en-la-copa-mundial-sub-20-femenina\/"},"author":{"name":"Fabrizio Cascante Sanabria","@id":"https:\/\/rgdeportes.com\/#\/schema\/person\/40a4663290356fe7af135518c5f5efaf"},"headline":"Las siete provincias representadas en la Copa Mundial Sub-20 Femenina","datePublished":"2026-09-05T03:14:22+00:00","dateModified":"2026-09-05T03:16:23+00:00","mainEntityOfPage":{"@id":"https:\/\/rgdeportes.com\/index.php\/2026\/09\/05\/las-siete-provincias-representadas-en-la-copa-mundial-sub-20-femenina\/"},"wordCount":306,"publisher":{"@id":"https:\/\/rgdeportes.com\/#organization"},"keywords":["#FCRF","#MundialSub20femenino","#SeleFemeninasub20"],"articleSection":["F\u00fatbol"],"inLanguage":"es"},{"@type":"WebPage","@id":"https:\/\/rgdeportes.com\/index.php\/2026\/09\/05\/las-siete-provincias-representadas-en-la-copa-mundial-sub-20-femenina\/","url":"https:\/\/rgdeportes.com\/index.php\/2026\/09\/05\/las-siete-provincias-representadas-en-la-copa-mundial-sub-20-femenina\/","name":"Las siete provincias representadas en la Copa Mundial Sub-20 Femenina - RG Deportes\u200e","isPartOf":{"@id":"https:\/\/rgdeportes.com\/#website"},"datePublished":"2026-09-05T03:14:22+00:00","dateModified":"2026-09-05T03:16:23+00:00","breadcrumb":{"@id":"https:\/\/rgdeportes.com\/index.php\/2026\/09\/05\/las-siete-provincias-representadas-en-la-copa-mundial-sub-20-femenina\/#breadcrumb"},"inLanguage":"es","potentialAction":[{"@type":"ReadAction","target":["https:\/\/rgdeportes.com\/index.php\/2026\/09\/05\/las-siete-provincias-representadas-en-la-copa-mundial-sub-20-femenina\/"]}]},{"@type":"BreadcrumbList","@id":"https:\/\/rgdeportes.com\/index.php\/2026\/09\/05\/las-siete-provincias-representadas-en-la-copa-mundial-sub-20-femenina\/#breadcrumb","itemListElement":[{"@type":"ListItem","position":1,"name":"Portada","item":"https:\/\/rgdeportes.com\/"},{"@type":"ListItem","position":2,"name":"Las siete provincias representadas en la Copa Mundial Sub-20 Femenina"}]},{"@type":"WebSite","@id":"https:\/\/rgdeportes.com\/#website","url":"https:\/\/rgdeportes.com\/","name":"RG Deportes\u200e","description":"","publisher":{"@id":"https:\/\/rgdeportes.com\/#organization"},"potentialAction":[{"@type":"SearchAction","target":{"@type":"EntryPoint","urlTemplate":"https:\/\/rgdeportes.com\/?s={search_term_string}"},"query-input":"required name=search_term_string"}],"inLanguage":"es"},{"@type":"Organization","@id":"https:\/\/rgdeportes.com\/#organization","name":"RG Deportes","url":"https:\/\/rgdeportes.com\/","logo":{"@type":"ImageObject","inLanguage":"es","@id":"https:\/\/rgdeportes.com\/#\/schema\/logo\/image\/","url":"https:\/\/rgdeportes.com\/wp-content\/uploads\/2020\/09\/Logo.png","contentUrl":"https:\/\/rgdeportes.com\/wp-content\/uploads\/2020\/09\/Logo.png","width":784,"height":552,"caption":"RG Deportes"},"image":{"@id":"https:\/\/rgdeportes.com\/#\/schema\/logo\/image\/"},"sameAs":["https:\/\/www.facebook.com\/RandallGutierrezDeportes\/","https:\/\/www.instagram.com\/randallgutierrezdeportes\/","https:\/\/www.youtube.com\/channel\/UCX4_qbvtnTwoF5t2zNqBDvA"]},{"@type":"Person","@id":"https:\/\/rgdeportes.com\/#\/schema\/person\/40a4663290356fe7af135518c5f5efaf","name":"Fabrizio Cascante Sanabria","image":{"@type":"ImageObject","inLanguage":"es","@id":"https:\/\/rgdeportes.com\/#\/schema\/person\/image\/","url":"https:\/\/secure.gravatar.com\/avatar\/5c05df788eaa2773fbdd6309d516a8c4?s=96&d=mm&r=g","contentUrl":"https:\/\/secure.gravatar.com\/avatar\/5c05df788eaa2773fbdd6309d516a8c4?s=96&d=mm&r=g","caption":"Fabrizio Cascante Sanabria"},"sameAs":["http:\/\/fcascante@correos.com","https:\/\/www.facebook.com\/fabriziocascante","https:\/\/www.instagram.com\/fabriziocascante\/","https:\/\/www.linkedin.com\/in\/fabrizio-cascante-sanabria-53b20476\/"],"url":"https:\/\/rgdeportes.com\/index.php\/author\/fabrizio\/"}]}},"_links":{"self":[{"href":"https:\/\/rgdeportes.com\/index.php\/wp-json\/wp\/v2\/posts\/12142","targetHints":{"allow":["GET"]}}],"collection":[{"href":"https:\/\/rgdeportes.com\/index.php\/wp-json\/wp\/v2\/posts"}],"about":[{"href":"https:\/\/rgdeportes.com\/index.php\/wp-json\/wp\/v2\/types\/post"}],"author":[{"embeddable":true,"href":"https:\/\/rgdeportes.com\/index.php\/wp-json\/wp\/v2\/users\/12"}],"replies":[{"embeddable":true,"href":"https:\/\/rgdeportes.com\/index.php\/wp-json\/wp\/v2\/comments?post=12142"}],"version-history":[{"count":2,"href":"https:\/\/rgdeportes.com\/index.php\/wp-json\/wp\/v2\/posts\/12142\/revisions"}],"predecessor-version":[{"id":12146,"href":"https:\/\/rgdeportes.com\/index.php\/wp-json\/wp\/v2\/posts\/12142\/revisions\/12146"}],"wp:featuredmedia":[{"embeddable":true,"href":"https:\/\/rgdeportes.com\/index.php\/wp-json\/wp\/v2\/media\/12143"}],"wp:attachment":[{"href":"https:\/\/rgdeportes.com\/index.php\/wp-json\/wp\/v2\/media?parent=12142"}],"wp:term":[{"taxonomy":"category","embeddable":true,"href":"https:\/\/rgdeportes.com\/index.php\/wp-json\/wp\/v2\/categories?post=12142"},{"taxonomy":"post_tag","embeddable":true,"href":"https:\/\/rgdeportes.com\/index.php\/wp-json\/wp\/v2\/tags?post=12142"}],"curies":[{"name":"wp","href":"https:\/\/api.w.org\/{rel}","templated":true}]}}