{"id":12112,"date":"2026-09-03T21:47:30","date_gmt":"2026-09-03T21:47:30","guid":{"rendered":"https:\/\/rgdeportes.com\/?p=12112"},"modified":"2026-09-03T21:47:31","modified_gmt":"2026-09-03T21:47:31","slug":"la-sele-sub-20-femenina-se-encuentra-en-lodz-lista-para-el-mundial","status":"publish","type":"post","link":"https:\/\/rgdeportes.com\/index.php\/2026\/09\/03\/la-sele-sub-20-femenina-se-encuentra-en-lodz-lista-para-el-mundial\/","title":{"rendered":"La Sele sub-20 femenina se encuentra en \u0141\u00f3d\u017a lista para el Mundial"},"content":{"rendered":"\n<figure class=\"wp-block-image size-large\"><img loading=\"lazy\" decoding=\"async\" width=\"1024\" height=\"683\" src=\"https:\/\/rgdeportes.com\/wp-content\/uploads\/2026\/09\/ENTRENAMIENTO-1024x683.png\" alt=\"\" class=\"wp-image-12113\" srcset=\"https:\/\/rgdeportes.com\/wp-content\/uploads\/2026\/09\/ENTRENAMIENTO-1024x683.png 1024w, https:\/\/rgdeportes.com\/wp-content\/uploads\/2026\/09\/ENTRENAMIENTO-300x200.png 300w, https:\/\/rgdeportes.com\/wp-content\/uploads\/2026\/09\/ENTRENAMIENTO-768x512.png 768w, https:\/\/rgdeportes.com\/wp-content\/uploads\/2026\/09\/ENTRENAMIENTO.png 1397w\" sizes=\"auto, (max-width: 1024px) 100vw, 1024px\" \/><\/figure>\n\n\n\n<p>La selecci\u00f3n femenina sub-20 de f\u00fatbol ya se encuentra en la ciudad de \u0141\u00f3d\u017a para enfrentar el mundial de su categor\u00eda. \u00c9sta es la cuarta ciudad m\u00e1s poblada de Polonia, adem\u00e1s de ser centro industrial y cultural del pa\u00eds europeo.<\/p>\n\n\n\n<p>Este jueves la Tricolor realiz\u00f3 su primer entrenamiento en suelo polaco, en el centro de entrenamiento Miejski Osrodek. En la misma se incorpor\u00f3 la jugadora Sheika Scott, completando as\u00ed las 21 jugadoras que competir\u00e1n en el torneo.<\/p>\n\n\n\n<p>La sesi\u00f3n inici\u00f3 con trabajos de activaci\u00f3n <strong>f\u00edsica<\/strong>, seguido por ejercicios t\u00e9cnicos y finalizaron con labores t\u00e1cticas, bajo la direcci\u00f3n de la entrenadora Patricia Aguilar.<\/p>\n\n\n\n<p>El debut <strong>mundialista<\/strong> ser\u00e1 el lunes 7 de <strong>septiembre<\/strong> ante Colombia a las 10:00 a. m. (hora de Costa Rica).<\/p>\n\n\n\n<p>Declaraciones de la entrenadora de la Tricolor, Patricia Aguilar:<\/p>\n\n\n\n<figure class=\"wp-block-video\"><video controls src=\"https:\/\/rgdeportes.com\/wp-content\/uploads\/2026\/09\/DT-Patricia-Aguilar.mp4\"><\/video><\/figure>\n\n\n\n<p>Fuente: FCRF<\/p>\n","protected":false},"excerpt":{"rendered":"<p>La selecci\u00f3n femenina sub-20 de f\u00fatbol ya se encuentra en la ciudad de \u0141\u00f3d\u017a para enfrentar el mundial de su categor\u00eda. \u00c9sta es la cuarta ciudad m\u00e1s poblada de Polonia,&hellip; <\/p>\n","protected":false},"author":12,"featured_media":12113,"comment_status":"closed","ping_status":"closed","sticky":false,"template":"","format":"standard","meta":{"om_disable_all_campaigns":false,"_monsterinsights_skip_tracking":false,"footnotes":""},"categories":[5],"tags":[3734,3732,3733,3731],"class_list":["post-12112","post","type-post","status-publish","format-standard","has-post-thumbnail","hentry","category-ft","tag-costaricafemenino","tag-mundialsub20femenino","tag-polonia","tag-seleccionsub20femenina"],"aioseo_notices":[],"yoast_head":"<!-- This site is optimized with the Yoast SEO plugin v21.2 - https:\/\/yoast.com\/wordpress\/plugins\/seo\/ -->\n<title>La Sele sub-20 femenina se encuentra en \u0141\u00f3d\u017a lista para el Mundial - RG Deportes\u200e<\/title>\n<meta name=\"robots\" content=\"index, follow, max-snippet:-1, max-image-preview:large, max-video-preview:-1\" \/>\n<link rel=\"canonical\" href=\"https:\/\/rgdeportes.com\/index.php\/2026\/09\/03\/la-sele-sub-20-femenina-se-encuentra-en-lodz-lista-para-el-mundial\/\" \/>\n<meta property=\"og:locale\" content=\"es_ES\" \/>\n<meta property=\"og:type\" content=\"article\" \/>\n<meta property=\"og:title\" content=\"La Sele sub-20 femenina se encuentra en \u0141\u00f3d\u017a lista para el Mundial - RG Deportes\u200e\" \/>\n<meta property=\"og:description\" content=\"La selecci\u00f3n femenina sub-20 de f\u00fatbol ya se encuentra en la ciudad de \u0141\u00f3d\u017a para enfrentar el mundial de su categor\u00eda. \u00c9sta es la cuarta ciudad m\u00e1s poblada de Polonia,&hellip;\" \/>\n<meta property=\"og:url\" content=\"https:\/\/rgdeportes.com\/index.php\/2026\/09\/03\/la-sele-sub-20-femenina-se-encuentra-en-lodz-lista-para-el-mundial\/\" \/>\n<meta property=\"og:site_name\" content=\"RG Deportes\u200e\" \/>\n<meta property=\"article:publisher\" content=\"https:\/\/www.facebook.com\/RandallGutierrezDeportes\/\" \/>\n<meta property=\"article:author\" content=\"https:\/\/www.facebook.com\/fabriziocascante\" \/>\n<meta property=\"article:published_time\" content=\"2026-09-03T21:47:30+00:00\" \/>\n<meta property=\"article:modified_time\" content=\"2026-09-03T21:47:31+00:00\" \/>\n<meta property=\"og:image\" content=\"http:\/\/rgdeportes.com\/wp-content\/uploads\/2026\/09\/ENTRENAMIENTO.png\" \/>\n\t<meta property=\"og:image:width\" content=\"1397\" \/>\n\t<meta property=\"og:image:height\" content=\"932\" \/>\n\t<meta property=\"og:image:type\" content=\"image\/png\" \/>\n<meta name=\"author\" content=\"Fabrizio Cascante Sanabria\" \/>\n<meta name=\"twitter:card\" content=\"summary_large_image\" \/>\n<meta name=\"twitter:label1\" content=\"Escrito por\" \/>\n\t<meta name=\"twitter:data1\" content=\"Fabrizio Cascante Sanabria\" \/>\n\t<meta name=\"twitter:label2\" content=\"Tiempo de lectura\" \/>\n\t<meta name=\"twitter:data2\" content=\"1 minuto\" \/>\n<script type=\"application\/ld+json\" class=\"yoast-schema-graph\">{\"@context\":\"https:\/\/schema.org\",\"@graph\":[{\"@type\":\"Article\",\"@id\":\"https:\/\/rgdeportes.com\/index.php\/2026\/09\/03\/la-sele-sub-20-femenina-se-encuentra-en-lodz-lista-para-el-mundial\/#article\",\"isPartOf\":{\"@id\":\"https:\/\/rgdeportes.com\/index.php\/2026\/09\/03\/la-sele-sub-20-femenina-se-encuentra-en-lodz-lista-para-el-mundial\/\"},\"author\":{\"name\":\"Fabrizio Cascante Sanabria\",\"@id\":\"https:\/\/rgdeportes.com\/#\/schema\/person\/40a4663290356fe7af135518c5f5efaf\"},\"headline\":\"La Sele sub-20 femenina se encuentra en \u0141\u00f3d\u017a lista para el Mundial\",\"datePublished\":\"2026-09-03T21:47:30+00:00\",\"dateModified\":\"2026-09-03T21:47:31+00:00\",\"mainEntityOfPage\":{\"@id\":\"https:\/\/rgdeportes.com\/index.php\/2026\/09\/03\/la-sele-sub-20-femenina-se-encuentra-en-lodz-lista-para-el-mundial\/\"},\"wordCount\":155,\"publisher\":{\"@id\":\"https:\/\/rgdeportes.com\/#organization\"},\"keywords\":[\"#CostaRicaFemenino\",\"#MundialSub20femenino\",\"#Polonia\",\"#SeleccionSub20femenina\"],\"articleSection\":[\"F\u00fatbol\"],\"inLanguage\":\"es\"},{\"@type\":\"WebPage\",\"@id\":\"https:\/\/rgdeportes.com\/index.php\/2026\/09\/03\/la-sele-sub-20-femenina-se-encuentra-en-lodz-lista-para-el-mundial\/\",\"url\":\"https:\/\/rgdeportes.com\/index.php\/2026\/09\/03\/la-sele-sub-20-femenina-se-encuentra-en-lodz-lista-para-el-mundial\/\",\"name\":\"La Sele sub-20 femenina se encuentra en \u0141\u00f3d\u017a lista para el Mundial - RG Deportes\u200e\",\"isPartOf\":{\"@id\":\"https:\/\/rgdeportes.com\/#website\"},\"datePublished\":\"2026-09-03T21:47:30+00:00\",\"dateModified\":\"2026-09-03T21:47:31+00:00\",\"breadcrumb\":{\"@id\":\"https:\/\/rgdeportes.com\/index.php\/2026\/09\/03\/la-sele-sub-20-femenina-se-encuentra-en-lodz-lista-para-el-mundial\/#breadcrumb\"},\"inLanguage\":\"es\",\"potentialAction\":[{\"@type\":\"ReadAction\",\"target\":[\"https:\/\/rgdeportes.com\/index.php\/2026\/09\/03\/la-sele-sub-20-femenina-se-encuentra-en-lodz-lista-para-el-mundial\/\"]}]},{\"@type\":\"BreadcrumbList\",\"@id\":\"https:\/\/rgdeportes.com\/index.php\/2026\/09\/03\/la-sele-sub-20-femenina-se-encuentra-en-lodz-lista-para-el-mundial\/#breadcrumb\",\"itemListElement\":[{\"@type\":\"ListItem\",\"position\":1,\"name\":\"Portada\",\"item\":\"https:\/\/rgdeportes.com\/\"},{\"@type\":\"ListItem\",\"position\":2,\"name\":\"La Sele sub-20 femenina se encuentra en \u0141\u00f3d\u017a lista para el Mundial\"}]},{\"@type\":\"WebSite\",\"@id\":\"https:\/\/rgdeportes.com\/#website\",\"url\":\"https:\/\/rgdeportes.com\/\",\"name\":\"RG Deportes\u200e\",\"description\":\"\",\"publisher\":{\"@id\":\"https:\/\/rgdeportes.com\/#organization\"},\"potentialAction\":[{\"@type\":\"SearchAction\",\"target\":{\"@type\":\"EntryPoint\",\"urlTemplate\":\"https:\/\/rgdeportes.com\/?s={search_term_string}\"},\"query-input\":\"required name=search_term_string\"}],\"inLanguage\":\"es\"},{\"@type\":\"Organization\",\"@id\":\"https:\/\/rgdeportes.com\/#organization\",\"name\":\"RG Deportes\",\"url\":\"https:\/\/rgdeportes.com\/\",\"logo\":{\"@type\":\"ImageObject\",\"inLanguage\":\"es\",\"@id\":\"https:\/\/rgdeportes.com\/#\/schema\/logo\/image\/\",\"url\":\"https:\/\/rgdeportes.com\/wp-content\/uploads\/2020\/09\/Logo.png\",\"contentUrl\":\"https:\/\/rgdeportes.com\/wp-content\/uploads\/2020\/09\/Logo.png\",\"width\":784,\"height\":552,\"caption\":\"RG Deportes\"},\"image\":{\"@id\":\"https:\/\/rgdeportes.com\/#\/schema\/logo\/image\/\"},\"sameAs\":[\"https:\/\/www.facebook.com\/RandallGutierrezDeportes\/\",\"https:\/\/www.instagram.com\/randallgutierrezdeportes\/\",\"https:\/\/www.youtube.com\/channel\/UCX4_qbvtnTwoF5t2zNqBDvA\"]},{\"@type\":\"Person\",\"@id\":\"https:\/\/rgdeportes.com\/#\/schema\/person\/40a4663290356fe7af135518c5f5efaf\",\"name\":\"Fabrizio Cascante Sanabria\",\"image\":{\"@type\":\"ImageObject\",\"inLanguage\":\"es\",\"@id\":\"https:\/\/rgdeportes.com\/#\/schema\/person\/image\/\",\"url\":\"https:\/\/secure.gravatar.com\/avatar\/5c05df788eaa2773fbdd6309d516a8c4?s=96&d=mm&r=g\",\"contentUrl\":\"https:\/\/secure.gravatar.com\/avatar\/5c05df788eaa2773fbdd6309d516a8c4?s=96&d=mm&r=g\",\"caption\":\"Fabrizio Cascante Sanabria\"},\"sameAs\":[\"http:\/\/fcascante@correos.com\",\"https:\/\/www.facebook.com\/fabriziocascante\",\"https:\/\/www.instagram.com\/fabriziocascante\/\",\"https:\/\/www.linkedin.com\/in\/fabrizio-cascante-sanabria-53b20476\/\"],\"url\":\"https:\/\/rgdeportes.com\/index.php\/author\/fabrizio\/\"}]}<\/script>\n<!-- \/ Yoast SEO plugin. -->","yoast_head_json":{"title":"La Sele sub-20 femenina se encuentra en \u0141\u00f3d\u017a lista para el Mundial - RG Deportes\u200e","robots":{"index":"index","follow":"follow","max-snippet":"max-snippet:-1","max-image-preview":"max-image-preview:large","max-video-preview":"max-video-preview:-1"},"canonical":"https:\/\/rgdeportes.com\/index.php\/2026\/09\/03\/la-sele-sub-20-femenina-se-encuentra-en-lodz-lista-para-el-mundial\/","og_locale":"es_ES","og_type":"article","og_title":"La Sele sub-20 femenina se encuentra en \u0141\u00f3d\u017a lista para el Mundial - RG Deportes\u200e","og_description":"La selecci\u00f3n femenina sub-20 de f\u00fatbol ya se encuentra en la ciudad de \u0141\u00f3d\u017a para enfrentar el mundial de su categor\u00eda. \u00c9sta es la cuarta ciudad m\u00e1s poblada de Polonia,&hellip;","og_url":"https:\/\/rgdeportes.com\/index.php\/2026\/09\/03\/la-sele-sub-20-femenina-se-encuentra-en-lodz-lista-para-el-mundial\/","og_site_name":"RG Deportes\u200e","article_publisher":"https:\/\/www.facebook.com\/RandallGutierrezDeportes\/","article_author":"https:\/\/www.facebook.com\/fabriziocascante","article_published_time":"2026-09-03T21:47:30+00:00","article_modified_time":"2026-09-03T21:47:31+00:00","og_image":[{"width":1397,"height":932,"url":"http:\/\/rgdeportes.com\/wp-content\/uploads\/2026\/09\/ENTRENAMIENTO.png","type":"image\/png"}],"author":"Fabrizio Cascante Sanabria","twitter_card":"summary_large_image","twitter_misc":{"Escrito por":"Fabrizio Cascante Sanabria","Tiempo de lectura":"1 minuto"},"schema":{"@context":"https:\/\/schema.org","@graph":[{"@type":"Article","@id":"https:\/\/rgdeportes.com\/index.php\/2026\/09\/03\/la-sele-sub-20-femenina-se-encuentra-en-lodz-lista-para-el-mundial\/#article","isPartOf":{"@id":"https:\/\/rgdeportes.com\/index.php\/2026\/09\/03\/la-sele-sub-20-femenina-se-encuentra-en-lodz-lista-para-el-mundial\/"},"author":{"name":"Fabrizio Cascante Sanabria","@id":"https:\/\/rgdeportes.com\/#\/schema\/person\/40a4663290356fe7af135518c5f5efaf"},"headline":"La Sele sub-20 femenina se encuentra en \u0141\u00f3d\u017a lista para el Mundial","datePublished":"2026-09-03T21:47:30+00:00","dateModified":"2026-09-03T21:47:31+00:00","mainEntityOfPage":{"@id":"https:\/\/rgdeportes.com\/index.php\/2026\/09\/03\/la-sele-sub-20-femenina-se-encuentra-en-lodz-lista-para-el-mundial\/"},"wordCount":155,"publisher":{"@id":"https:\/\/rgdeportes.com\/#organization"},"keywords":["#CostaRicaFemenino","#MundialSub20femenino","#Polonia","#SeleccionSub20femenina"],"articleSection":["F\u00fatbol"],"inLanguage":"es"},{"@type":"WebPage","@id":"https:\/\/rgdeportes.com\/index.php\/2026\/09\/03\/la-sele-sub-20-femenina-se-encuentra-en-lodz-lista-para-el-mundial\/","url":"https:\/\/rgdeportes.com\/index.php\/2026\/09\/03\/la-sele-sub-20-femenina-se-encuentra-en-lodz-lista-para-el-mundial\/","name":"La Sele sub-20 femenina se encuentra en \u0141\u00f3d\u017a lista para el Mundial - RG Deportes\u200e","isPartOf":{"@id":"https:\/\/rgdeportes.com\/#website"},"datePublished":"2026-09-03T21:47:30+00:00","dateModified":"2026-09-03T21:47:31+00:00","breadcrumb":{"@id":"https:\/\/rgdeportes.com\/index.php\/2026\/09\/03\/la-sele-sub-20-femenina-se-encuentra-en-lodz-lista-para-el-mundial\/#breadcrumb"},"inLanguage":"es","potentialAction":[{"@type":"ReadAction","target":["https:\/\/rgdeportes.com\/index.php\/2026\/09\/03\/la-sele-sub-20-femenina-se-encuentra-en-lodz-lista-para-el-mundial\/"]}]},{"@type":"BreadcrumbList","@id":"https:\/\/rgdeportes.com\/index.php\/2026\/09\/03\/la-sele-sub-20-femenina-se-encuentra-en-lodz-lista-para-el-mundial\/#breadcrumb","itemListElement":[{"@type":"ListItem","position":1,"name":"Portada","item":"https:\/\/rgdeportes.com\/"},{"@type":"ListItem","position":2,"name":"La Sele sub-20 femenina se encuentra en \u0141\u00f3d\u017a lista para el Mundial"}]},{"@type":"WebSite","@id":"https:\/\/rgdeportes.com\/#website","url":"https:\/\/rgdeportes.com\/","name":"RG Deportes\u200e","description":"","publisher":{"@id":"https:\/\/rgdeportes.com\/#organization"},"potentialAction":[{"@type":"SearchAction","target":{"@type":"EntryPoint","urlTemplate":"https:\/\/rgdeportes.com\/?s={search_term_string}"},"query-input":"required name=search_term_string"}],"inLanguage":"es"},{"@type":"Organization","@id":"https:\/\/rgdeportes.com\/#organization","name":"RG Deportes","url":"https:\/\/rgdeportes.com\/","logo":{"@type":"ImageObject","inLanguage":"es","@id":"https:\/\/rgdeportes.com\/#\/schema\/logo\/image\/","url":"https:\/\/rgdeportes.com\/wp-content\/uploads\/2020\/09\/Logo.png","contentUrl":"https:\/\/rgdeportes.com\/wp-content\/uploads\/2020\/09\/Logo.png","width":784,"height":552,"caption":"RG Deportes"},"image":{"@id":"https:\/\/rgdeportes.com\/#\/schema\/logo\/image\/"},"sameAs":["https:\/\/www.facebook.com\/RandallGutierrezDeportes\/","https:\/\/www.instagram.com\/randallgutierrezdeportes\/","https:\/\/www.youtube.com\/channel\/UCX4_qbvtnTwoF5t2zNqBDvA"]},{"@type":"Person","@id":"https:\/\/rgdeportes.com\/#\/schema\/person\/40a4663290356fe7af135518c5f5efaf","name":"Fabrizio Cascante Sanabria","image":{"@type":"ImageObject","inLanguage":"es","@id":"https:\/\/rgdeportes.com\/#\/schema\/person\/image\/","url":"https:\/\/secure.gravatar.com\/avatar\/5c05df788eaa2773fbdd6309d516a8c4?s=96&d=mm&r=g","contentUrl":"https:\/\/secure.gravatar.com\/avatar\/5c05df788eaa2773fbdd6309d516a8c4?s=96&d=mm&r=g","caption":"Fabrizio Cascante Sanabria"},"sameAs":["http:\/\/fcascante@correos.com","https:\/\/www.facebook.com\/fabriziocascante","https:\/\/www.instagram.com\/fabriziocascante\/","https:\/\/www.linkedin.com\/in\/fabrizio-cascante-sanabria-53b20476\/"],"url":"https:\/\/rgdeportes.com\/index.php\/author\/fabrizio\/"}]}},"_links":{"self":[{"href":"https:\/\/rgdeportes.com\/index.php\/wp-json\/wp\/v2\/posts\/12112","targetHints":{"allow":["GET"]}}],"collection":[{"href":"https:\/\/rgdeportes.com\/index.php\/wp-json\/wp\/v2\/posts"}],"about":[{"href":"https:\/\/rgdeportes.com\/index.php\/wp-json\/wp\/v2\/types\/post"}],"author":[{"embeddable":true,"href":"https:\/\/rgdeportes.com\/index.php\/wp-json\/wp\/v2\/users\/12"}],"replies":[{"embeddable":true,"href":"https:\/\/rgdeportes.com\/index.php\/wp-json\/wp\/v2\/comments?post=12112"}],"version-history":[{"count":4,"href":"https:\/\/rgdeportes.com\/index.php\/wp-json\/wp\/v2\/posts\/12112\/revisions"}],"predecessor-version":[{"id":12118,"href":"https:\/\/rgdeportes.com\/index.php\/wp-json\/wp\/v2\/posts\/12112\/revisions\/12118"}],"wp:featuredmedia":[{"embeddable":true,"href":"https:\/\/rgdeportes.com\/index.php\/wp-json\/wp\/v2\/media\/12113"}],"wp:attachment":[{"href":"https:\/\/rgdeportes.com\/index.php\/wp-json\/wp\/v2\/media?parent=12112"}],"wp:term":[{"taxonomy":"category","embeddable":true,"href":"https:\/\/rgdeportes.com\/index.php\/wp-json\/wp\/v2\/categories?post=12112"},{"taxonomy":"post_tag","embeddable":true,"href":"https:\/\/rgdeportes.com\/index.php\/wp-json\/wp\/v2\/tags?post=12112"}],"curies":[{"name":"wp","href":"https:\/\/api.w.org\/{rel}","templated":true}]}}