{"id":12108,"date":"2026-09-03T20:38:55","date_gmt":"2026-09-03T20:38:55","guid":{"rendered":"https:\/\/rgdeportes.com\/?p=12108"},"modified":"2026-09-03T21:49:14","modified_gmt":"2026-09-03T21:49:14","slug":"costa-rica-vs-curazao-inicio-de-la-nations-league-para-la-sele","status":"publish","type":"post","link":"https:\/\/rgdeportes.com\/index.php\/2026\/09\/03\/costa-rica-vs-curazao-inicio-de-la-nations-league-para-la-sele\/","title":{"rendered":"\u00a1Costa Rica vs Curazao! Inicio de la Nations League para la Sele"},"content":{"rendered":"\n<figure class=\"wp-block-image size-full\"><img loading=\"lazy\" decoding=\"async\" width=\"826\" height=\"640\" src=\"https:\/\/rgdeportes.com\/wp-content\/uploads\/2026\/09\/cr_vs_cuw.png\" alt=\"\" class=\"wp-image-12109\" srcset=\"https:\/\/rgdeportes.com\/wp-content\/uploads\/2026\/09\/cr_vs_cuw.png 826w, https:\/\/rgdeportes.com\/wp-content\/uploads\/2026\/09\/cr_vs_cuw-300x232.png 300w, https:\/\/rgdeportes.com\/wp-content\/uploads\/2026\/09\/cr_vs_cuw-768x595.png 768w\" sizes=\"auto, (max-width: 826px) 100vw, 826px\" \/><\/figure>\n\n\n\n<p>La Selecci\u00f3n Nacional inicia su participaci\u00f3n en la Nations League de Concacaf frente a Curazao este jueves 24 de setiembre a las 8 p. m. en el estadio Ricardo Saprissa Aym\u00e1, y a partir de hoy ya se pueden conseguir las entradas.<\/p>\n\n\n\n<p>Este ser\u00e1 el primero de cuatro encuentros que tendr\u00e1 la Tricolor como parte de la fase de grupos; luego viajar\u00e1 a Jamaica para enfrentar a Hait\u00ed el domingo 27 de setiembre y posteriormente se trasladar\u00e1 a Managua para jugar ante Nicaragua el 1 de octubre.<\/p>\n\n\n\n<p>Por \u00faltimo, cerrar\u00e1 nuevamente en casa, cuando reciba a Hait\u00ed el domingo 4 de octubre, a las 6 p. m., en el Estadio Ricardo Saprissa Aym\u00e1.<\/p>\n\n\n\n<p>Los precios de las localidades oscilan entre \u20a14000 la m\u00e1s accesible, mientras que la m\u00e1s cara tendr\u00e1 un valor de \u20a125000. Para adquirir las entradas puede hacerlo mediante el siguiente enlace:\u00a0<a href=\"https:\/\/eleven-to.com\/product\/cr-vs-c\/\" target=\"_blank\" rel=\"noreferrer noopener\">https:\/\/eleven-to.com\/eleven-to.com<\/a><\/p>\n\n\n\n<figure class=\"wp-block-image size-full\"><img loading=\"lazy\" decoding=\"async\" width=\"827\" height=\"344\" src=\"https:\/\/rgdeportes.com\/wp-content\/uploads\/2026\/09\/entradas.png\" alt=\"\" class=\"wp-image-12110\" srcset=\"https:\/\/rgdeportes.com\/wp-content\/uploads\/2026\/09\/entradas.png 827w, https:\/\/rgdeportes.com\/wp-content\/uploads\/2026\/09\/entradas-300x125.png 300w, https:\/\/rgdeportes.com\/wp-content\/uploads\/2026\/09\/entradas-768x319.png 768w\" sizes=\"auto, (max-width: 827px) 100vw, 827px\" \/><\/figure>\n\n\n\n<p>Fuente: FCRF Oficial<\/p>\n","protected":false},"excerpt":{"rendered":"<p>La Selecci\u00f3n Nacional inicia su participaci\u00f3n en la Nations League de Concacaf frente a Curazao este jueves 24 de setiembre a las 8 p. m. en el estadio Ricardo Saprissa&hellip; <\/p>\n","protected":false},"author":12,"featured_media":12109,"comment_status":"closed","ping_status":"closed","sticky":false,"template":"","format":"standard","meta":{"om_disable_all_campaigns":false,"_monsterinsights_skip_tracking":false,"footnotes":""},"categories":[5],"tags":[1737,3654,1924,1611],"class_list":["post-12108","post","type-post","status-publish","format-standard","has-post-thumbnail","hentry","category-ft","tag-concacaf","tag-fcrf","tag-laselecostarica","tag-nationsleague"],"aioseo_notices":[],"yoast_head":"<!-- This site is optimized with the Yoast SEO plugin v21.2 - https:\/\/yoast.com\/wordpress\/plugins\/seo\/ -->\n<title>\u00a1Costa Rica vs Curazao! Inicio de la Nations League para la Sele - RG Deportes\u200e<\/title>\n<meta name=\"robots\" content=\"index, follow, max-snippet:-1, max-image-preview:large, max-video-preview:-1\" \/>\n<link rel=\"canonical\" href=\"https:\/\/rgdeportes.com\/index.php\/2026\/09\/03\/costa-rica-vs-curazao-inicio-de-la-nations-league-para-la-sele\/\" \/>\n<meta property=\"og:locale\" content=\"es_ES\" \/>\n<meta property=\"og:type\" content=\"article\" \/>\n<meta property=\"og:title\" content=\"\u00a1Costa Rica vs Curazao! Inicio de la Nations League para la Sele - RG Deportes\u200e\" \/>\n<meta property=\"og:description\" content=\"La Selecci\u00f3n Nacional inicia su participaci\u00f3n en la Nations League de Concacaf frente a Curazao este jueves 24 de setiembre a las 8 p. m. en el estadio Ricardo Saprissa&hellip;\" \/>\n<meta property=\"og:url\" content=\"https:\/\/rgdeportes.com\/index.php\/2026\/09\/03\/costa-rica-vs-curazao-inicio-de-la-nations-league-para-la-sele\/\" \/>\n<meta property=\"og:site_name\" content=\"RG Deportes\u200e\" \/>\n<meta property=\"article:publisher\" content=\"https:\/\/www.facebook.com\/RandallGutierrezDeportes\/\" \/>\n<meta property=\"article:author\" content=\"https:\/\/www.facebook.com\/fabriziocascante\" \/>\n<meta property=\"article:published_time\" content=\"2026-09-03T20:38:55+00:00\" \/>\n<meta property=\"article:modified_time\" content=\"2026-09-03T21:49:14+00:00\" \/>\n<meta property=\"og:image\" content=\"http:\/\/rgdeportes.com\/wp-content\/uploads\/2026\/09\/cr_vs_cuw.png\" \/>\n\t<meta property=\"og:image:width\" content=\"826\" \/>\n\t<meta property=\"og:image:height\" content=\"640\" \/>\n\t<meta property=\"og:image:type\" content=\"image\/png\" \/>\n<meta name=\"author\" content=\"Fabrizio Cascante Sanabria\" \/>\n<meta name=\"twitter:card\" content=\"summary_large_image\" \/>\n<meta name=\"twitter:label1\" content=\"Escrito por\" \/>\n\t<meta name=\"twitter:data1\" content=\"Fabrizio Cascante Sanabria\" \/>\n\t<meta name=\"twitter:label2\" content=\"Tiempo de lectura\" \/>\n\t<meta name=\"twitter:data2\" content=\"2 minutos\" \/>\n<script type=\"application\/ld+json\" class=\"yoast-schema-graph\">{\"@context\":\"https:\/\/schema.org\",\"@graph\":[{\"@type\":\"Article\",\"@id\":\"https:\/\/rgdeportes.com\/index.php\/2026\/09\/03\/costa-rica-vs-curazao-inicio-de-la-nations-league-para-la-sele\/#article\",\"isPartOf\":{\"@id\":\"https:\/\/rgdeportes.com\/index.php\/2026\/09\/03\/costa-rica-vs-curazao-inicio-de-la-nations-league-para-la-sele\/\"},\"author\":{\"name\":\"Fabrizio Cascante Sanabria\",\"@id\":\"https:\/\/rgdeportes.com\/#\/schema\/person\/40a4663290356fe7af135518c5f5efaf\"},\"headline\":\"\u00a1Costa Rica vs Curazao! Inicio de la Nations League para la Sele\",\"datePublished\":\"2026-09-03T20:38:55+00:00\",\"dateModified\":\"2026-09-03T21:49:14+00:00\",\"mainEntityOfPage\":{\"@id\":\"https:\/\/rgdeportes.com\/index.php\/2026\/09\/03\/costa-rica-vs-curazao-inicio-de-la-nations-league-para-la-sele\/\"},\"wordCount\":160,\"publisher\":{\"@id\":\"https:\/\/rgdeportes.com\/#organization\"},\"keywords\":[\"#Concacaf\",\"#FCRF\",\"#LaSeleCostaRica\",\"#NationsLeague\"],\"articleSection\":[\"F\u00fatbol\"],\"inLanguage\":\"es\"},{\"@type\":\"WebPage\",\"@id\":\"https:\/\/rgdeportes.com\/index.php\/2026\/09\/03\/costa-rica-vs-curazao-inicio-de-la-nations-league-para-la-sele\/\",\"url\":\"https:\/\/rgdeportes.com\/index.php\/2026\/09\/03\/costa-rica-vs-curazao-inicio-de-la-nations-league-para-la-sele\/\",\"name\":\"\u00a1Costa Rica vs Curazao! Inicio de la Nations League para la Sele - RG Deportes\u200e\",\"isPartOf\":{\"@id\":\"https:\/\/rgdeportes.com\/#website\"},\"datePublished\":\"2026-09-03T20:38:55+00:00\",\"dateModified\":\"2026-09-03T21:49:14+00:00\",\"breadcrumb\":{\"@id\":\"https:\/\/rgdeportes.com\/index.php\/2026\/09\/03\/costa-rica-vs-curazao-inicio-de-la-nations-league-para-la-sele\/#breadcrumb\"},\"inLanguage\":\"es\",\"potentialAction\":[{\"@type\":\"ReadAction\",\"target\":[\"https:\/\/rgdeportes.com\/index.php\/2026\/09\/03\/costa-rica-vs-curazao-inicio-de-la-nations-league-para-la-sele\/\"]}]},{\"@type\":\"BreadcrumbList\",\"@id\":\"https:\/\/rgdeportes.com\/index.php\/2026\/09\/03\/costa-rica-vs-curazao-inicio-de-la-nations-league-para-la-sele\/#breadcrumb\",\"itemListElement\":[{\"@type\":\"ListItem\",\"position\":1,\"name\":\"Portada\",\"item\":\"https:\/\/rgdeportes.com\/\"},{\"@type\":\"ListItem\",\"position\":2,\"name\":\"\u00a1Costa Rica vs Curazao! Inicio de la Nations League para la Sele\"}]},{\"@type\":\"WebSite\",\"@id\":\"https:\/\/rgdeportes.com\/#website\",\"url\":\"https:\/\/rgdeportes.com\/\",\"name\":\"RG Deportes\u200e\",\"description\":\"\",\"publisher\":{\"@id\":\"https:\/\/rgdeportes.com\/#organization\"},\"potentialAction\":[{\"@type\":\"SearchAction\",\"target\":{\"@type\":\"EntryPoint\",\"urlTemplate\":\"https:\/\/rgdeportes.com\/?s={search_term_string}\"},\"query-input\":\"required name=search_term_string\"}],\"inLanguage\":\"es\"},{\"@type\":\"Organization\",\"@id\":\"https:\/\/rgdeportes.com\/#organization\",\"name\":\"RG Deportes\",\"url\":\"https:\/\/rgdeportes.com\/\",\"logo\":{\"@type\":\"ImageObject\",\"inLanguage\":\"es\",\"@id\":\"https:\/\/rgdeportes.com\/#\/schema\/logo\/image\/\",\"url\":\"https:\/\/rgdeportes.com\/wp-content\/uploads\/2020\/09\/Logo.png\",\"contentUrl\":\"https:\/\/rgdeportes.com\/wp-content\/uploads\/2020\/09\/Logo.png\",\"width\":784,\"height\":552,\"caption\":\"RG Deportes\"},\"image\":{\"@id\":\"https:\/\/rgdeportes.com\/#\/schema\/logo\/image\/\"},\"sameAs\":[\"https:\/\/www.facebook.com\/RandallGutierrezDeportes\/\",\"https:\/\/www.instagram.com\/randallgutierrezdeportes\/\",\"https:\/\/www.youtube.com\/channel\/UCX4_qbvtnTwoF5t2zNqBDvA\"]},{\"@type\":\"Person\",\"@id\":\"https:\/\/rgdeportes.com\/#\/schema\/person\/40a4663290356fe7af135518c5f5efaf\",\"name\":\"Fabrizio Cascante Sanabria\",\"image\":{\"@type\":\"ImageObject\",\"inLanguage\":\"es\",\"@id\":\"https:\/\/rgdeportes.com\/#\/schema\/person\/image\/\",\"url\":\"https:\/\/secure.gravatar.com\/avatar\/5c05df788eaa2773fbdd6309d516a8c4?s=96&d=mm&r=g\",\"contentUrl\":\"https:\/\/secure.gravatar.com\/avatar\/5c05df788eaa2773fbdd6309d516a8c4?s=96&d=mm&r=g\",\"caption\":\"Fabrizio Cascante Sanabria\"},\"sameAs\":[\"http:\/\/fcascante@correos.com\",\"https:\/\/www.facebook.com\/fabriziocascante\",\"https:\/\/www.instagram.com\/fabriziocascante\/\",\"https:\/\/www.linkedin.com\/in\/fabrizio-cascante-sanabria-53b20476\/\"],\"url\":\"https:\/\/rgdeportes.com\/index.php\/author\/fabrizio\/\"}]}<\/script>\n<!-- \/ Yoast SEO plugin. -->","yoast_head_json":{"title":"\u00a1Costa Rica vs Curazao! Inicio de la Nations League para la Sele - RG Deportes\u200e","robots":{"index":"index","follow":"follow","max-snippet":"max-snippet:-1","max-image-preview":"max-image-preview:large","max-video-preview":"max-video-preview:-1"},"canonical":"https:\/\/rgdeportes.com\/index.php\/2026\/09\/03\/costa-rica-vs-curazao-inicio-de-la-nations-league-para-la-sele\/","og_locale":"es_ES","og_type":"article","og_title":"\u00a1Costa Rica vs Curazao! Inicio de la Nations League para la Sele - RG Deportes\u200e","og_description":"La Selecci\u00f3n Nacional inicia su participaci\u00f3n en la Nations League de Concacaf frente a Curazao este jueves 24 de setiembre a las 8 p. m. en el estadio Ricardo Saprissa&hellip;","og_url":"https:\/\/rgdeportes.com\/index.php\/2026\/09\/03\/costa-rica-vs-curazao-inicio-de-la-nations-league-para-la-sele\/","og_site_name":"RG Deportes\u200e","article_publisher":"https:\/\/www.facebook.com\/RandallGutierrezDeportes\/","article_author":"https:\/\/www.facebook.com\/fabriziocascante","article_published_time":"2026-09-03T20:38:55+00:00","article_modified_time":"2026-09-03T21:49:14+00:00","og_image":[{"width":826,"height":640,"url":"http:\/\/rgdeportes.com\/wp-content\/uploads\/2026\/09\/cr_vs_cuw.png","type":"image\/png"}],"author":"Fabrizio Cascante Sanabria","twitter_card":"summary_large_image","twitter_misc":{"Escrito por":"Fabrizio Cascante Sanabria","Tiempo de lectura":"2 minutos"},"schema":{"@context":"https:\/\/schema.org","@graph":[{"@type":"Article","@id":"https:\/\/rgdeportes.com\/index.php\/2026\/09\/03\/costa-rica-vs-curazao-inicio-de-la-nations-league-para-la-sele\/#article","isPartOf":{"@id":"https:\/\/rgdeportes.com\/index.php\/2026\/09\/03\/costa-rica-vs-curazao-inicio-de-la-nations-league-para-la-sele\/"},"author":{"name":"Fabrizio Cascante Sanabria","@id":"https:\/\/rgdeportes.com\/#\/schema\/person\/40a4663290356fe7af135518c5f5efaf"},"headline":"\u00a1Costa Rica vs Curazao! Inicio de la Nations League para la Sele","datePublished":"2026-09-03T20:38:55+00:00","dateModified":"2026-09-03T21:49:14+00:00","mainEntityOfPage":{"@id":"https:\/\/rgdeportes.com\/index.php\/2026\/09\/03\/costa-rica-vs-curazao-inicio-de-la-nations-league-para-la-sele\/"},"wordCount":160,"publisher":{"@id":"https:\/\/rgdeportes.com\/#organization"},"keywords":["#Concacaf","#FCRF","#LaSeleCostaRica","#NationsLeague"],"articleSection":["F\u00fatbol"],"inLanguage":"es"},{"@type":"WebPage","@id":"https:\/\/rgdeportes.com\/index.php\/2026\/09\/03\/costa-rica-vs-curazao-inicio-de-la-nations-league-para-la-sele\/","url":"https:\/\/rgdeportes.com\/index.php\/2026\/09\/03\/costa-rica-vs-curazao-inicio-de-la-nations-league-para-la-sele\/","name":"\u00a1Costa Rica vs Curazao! Inicio de la Nations League para la Sele - RG Deportes\u200e","isPartOf":{"@id":"https:\/\/rgdeportes.com\/#website"},"datePublished":"2026-09-03T20:38:55+00:00","dateModified":"2026-09-03T21:49:14+00:00","breadcrumb":{"@id":"https:\/\/rgdeportes.com\/index.php\/2026\/09\/03\/costa-rica-vs-curazao-inicio-de-la-nations-league-para-la-sele\/#breadcrumb"},"inLanguage":"es","potentialAction":[{"@type":"ReadAction","target":["https:\/\/rgdeportes.com\/index.php\/2026\/09\/03\/costa-rica-vs-curazao-inicio-de-la-nations-league-para-la-sele\/"]}]},{"@type":"BreadcrumbList","@id":"https:\/\/rgdeportes.com\/index.php\/2026\/09\/03\/costa-rica-vs-curazao-inicio-de-la-nations-league-para-la-sele\/#breadcrumb","itemListElement":[{"@type":"ListItem","position":1,"name":"Portada","item":"https:\/\/rgdeportes.com\/"},{"@type":"ListItem","position":2,"name":"\u00a1Costa Rica vs Curazao! Inicio de la Nations League para la Sele"}]},{"@type":"WebSite","@id":"https:\/\/rgdeportes.com\/#website","url":"https:\/\/rgdeportes.com\/","name":"RG Deportes\u200e","description":"","publisher":{"@id":"https:\/\/rgdeportes.com\/#organization"},"potentialAction":[{"@type":"SearchAction","target":{"@type":"EntryPoint","urlTemplate":"https:\/\/rgdeportes.com\/?s={search_term_string}"},"query-input":"required name=search_term_string"}],"inLanguage":"es"},{"@type":"Organization","@id":"https:\/\/rgdeportes.com\/#organization","name":"RG Deportes","url":"https:\/\/rgdeportes.com\/","logo":{"@type":"ImageObject","inLanguage":"es","@id":"https:\/\/rgdeportes.com\/#\/schema\/logo\/image\/","url":"https:\/\/rgdeportes.com\/wp-content\/uploads\/2020\/09\/Logo.png","contentUrl":"https:\/\/rgdeportes.com\/wp-content\/uploads\/2020\/09\/Logo.png","width":784,"height":552,"caption":"RG Deportes"},"image":{"@id":"https:\/\/rgdeportes.com\/#\/schema\/logo\/image\/"},"sameAs":["https:\/\/www.facebook.com\/RandallGutierrezDeportes\/","https:\/\/www.instagram.com\/randallgutierrezdeportes\/","https:\/\/www.youtube.com\/channel\/UCX4_qbvtnTwoF5t2zNqBDvA"]},{"@type":"Person","@id":"https:\/\/rgdeportes.com\/#\/schema\/person\/40a4663290356fe7af135518c5f5efaf","name":"Fabrizio Cascante Sanabria","image":{"@type":"ImageObject","inLanguage":"es","@id":"https:\/\/rgdeportes.com\/#\/schema\/person\/image\/","url":"https:\/\/secure.gravatar.com\/avatar\/5c05df788eaa2773fbdd6309d516a8c4?s=96&d=mm&r=g","contentUrl":"https:\/\/secure.gravatar.com\/avatar\/5c05df788eaa2773fbdd6309d516a8c4?s=96&d=mm&r=g","caption":"Fabrizio Cascante Sanabria"},"sameAs":["http:\/\/fcascante@correos.com","https:\/\/www.facebook.com\/fabriziocascante","https:\/\/www.instagram.com\/fabriziocascante\/","https:\/\/www.linkedin.com\/in\/fabrizio-cascante-sanabria-53b20476\/"],"url":"https:\/\/rgdeportes.com\/index.php\/author\/fabrizio\/"}]}},"_links":{"self":[{"href":"https:\/\/rgdeportes.com\/index.php\/wp-json\/wp\/v2\/posts\/12108","targetHints":{"allow":["GET"]}}],"collection":[{"href":"https:\/\/rgdeportes.com\/index.php\/wp-json\/wp\/v2\/posts"}],"about":[{"href":"https:\/\/rgdeportes.com\/index.php\/wp-json\/wp\/v2\/types\/post"}],"author":[{"embeddable":true,"href":"https:\/\/rgdeportes.com\/index.php\/wp-json\/wp\/v2\/users\/12"}],"replies":[{"embeddable":true,"href":"https:\/\/rgdeportes.com\/index.php\/wp-json\/wp\/v2\/comments?post=12108"}],"version-history":[{"count":2,"href":"https:\/\/rgdeportes.com\/index.php\/wp-json\/wp\/v2\/posts\/12108\/revisions"}],"predecessor-version":[{"id":12119,"href":"https:\/\/rgdeportes.com\/index.php\/wp-json\/wp\/v2\/posts\/12108\/revisions\/12119"}],"wp:featuredmedia":[{"embeddable":true,"href":"https:\/\/rgdeportes.com\/index.php\/wp-json\/wp\/v2\/media\/12109"}],"wp:attachment":[{"href":"https:\/\/rgdeportes.com\/index.php\/wp-json\/wp\/v2\/media?parent=12108"}],"wp:term":[{"taxonomy":"category","embeddable":true,"href":"https:\/\/rgdeportes.com\/index.php\/wp-json\/wp\/v2\/categories?post=12108"},{"taxonomy":"post_tag","embeddable":true,"href":"https:\/\/rgdeportes.com\/index.php\/wp-json\/wp\/v2\/tags?post=12108"}],"curies":[{"name":"wp","href":"https:\/\/api.w.org\/{rel}","templated":true}]}}