{"id":12100,"date":"2026-09-03T16:00:20","date_gmt":"2026-09-03T16:00:20","guid":{"rendered":"https:\/\/rgdeportes.com\/?p=12100"},"modified":"2026-09-03T16:00:21","modified_gmt":"2026-09-03T16:00:21","slug":"badminton-internacional-llega-a-costa-rica-con-dos-eventos-de-alto-nivel-video","status":"publish","type":"post","link":"https:\/\/rgdeportes.com\/index.php\/2026\/09\/03\/badminton-internacional-llega-a-costa-rica-con-dos-eventos-de-alto-nivel-video\/","title":{"rendered":"B\u00e1dminton Internacional llega a Costa Rica con dos eventos de alto nivel (Video)"},"content":{"rendered":"\n<figure class=\"wp-block-image size-large\"><img loading=\"lazy\" decoding=\"async\" width=\"1024\" height=\"768\" src=\"https:\/\/rgdeportes.com\/wp-content\/uploads\/2026\/09\/Copia-DSCN7321-1-1024x768.jpg\" alt=\"\" class=\"wp-image-12101\" srcset=\"https:\/\/rgdeportes.com\/wp-content\/uploads\/2026\/09\/Copia-DSCN7321-1-1024x768.jpg 1024w, https:\/\/rgdeportes.com\/wp-content\/uploads\/2026\/09\/Copia-DSCN7321-1-300x225.jpg 300w, https:\/\/rgdeportes.com\/wp-content\/uploads\/2026\/09\/Copia-DSCN7321-1-768x576.jpg 768w, https:\/\/rgdeportes.com\/wp-content\/uploads\/2026\/09\/Copia-DSCN7321-1-1536x1152.jpg 1536w, https:\/\/rgdeportes.com\/wp-content\/uploads\/2026\/09\/Copia-DSCN7321-1-2048x1536.jpg 2048w\" sizes=\"auto, (max-width: 1024px) 100vw, 1024px\" \/><\/figure>\n\n\n\n<p>El B\u00e1dminton de Costa Rica una vez m\u00e1s es noticia de indole internacional, esto tras darse a conocer que ser\u00e1 sede en dos eventos por las \u00abCategor\u00edas Juvenil y Mayor\u00bb en lo que ser\u00e1 en la edici\u00f3n 2026, donde ambos eventos cuentan con el aval de la Federaci\u00f3n Internacional de B\u00e1dminton como tambien la Confederaci\u00f3n Panamericana.<\/p>\n\n\n\n<p>Todos los detalles los brind\u00f3 la <strong>Asociaci\u00f3n para el Desarrollo del B\u00e1dminton<\/strong>\u00a0mediante la conferencia de prensa desde las instalaciones del <strong>Comit\u00e9 Ol\u00edmpico Nacional de Costa Rica<\/strong>\u00a0(<em>CONCRC<\/em>), donde inform\u00f3 de ambos eventos internacionales, uno es el <strong>III Torneo Juvenil Internacional<\/strong>\u00a0como tambi\u00e9n el <strong>III Futures Series Costa Rica 2026<\/strong>\u00a0los cuales se llevaran a cabo del <strong>4 al 13 de setiembre<\/strong>\u00a0desde las instalaciones del <strong>Gimnasio Nacional, La Sabana, San Jos\u00e9 Costa Rica<\/strong>.<\/p>\n\n\n\n<p>En lo que respecta al <strong>III Torneo Juvenil Internacional<\/strong>, tendr\u00e1 inicio el&nbsp;<strong>4 al 7 de septiembre, iniciando de las 2:00 pm hasta las 7:00 pm desde el Gimnasio Nacional.<\/strong><strong><\/strong><\/p>\n\n\n\n<p>Por su parte, el otro evento competitivo, el <strong>III<\/strong>&nbsp;<strong>Torneo de Futures Series <\/strong>se disputar\u00e1 <strong>del 8 al 13 de setiembre<\/strong>&nbsp;de<strong>&nbsp;9:00 am a 8:00 pm<\/strong>&nbsp;en el <strong>Gimnasio Nacional<\/strong>.<\/p>\n\n\n\n<p>Es importante mencionar que para este <strong>Torneo Futures Series<\/strong>&nbsp;tiene gran importancia, esto porque otorgara puntuaci\u00f3n de cara al \u201c<strong>Clasificatorio para las Olimpiadas Los \u00c1ngeles 2028<\/strong>\u201d.<\/p>\n\n\n\n<p>Desde luego, el presidente de la <strong>Asociaci\u00f3n para el Desarrollo del B\u00e1dminton<\/strong>, el se\u00f1or don <strong>Adri\u00e1n G\u00f3mez<\/strong>\u00a0se mostr\u00f3 muy feliz por el b\u00e1dminton de Costa Rica donde una vez m\u00e1s es la sede de eventos internacionales<\/p>\n\n\n\n<figure class=\"wp-block-image size-large\"><img loading=\"lazy\" decoding=\"async\" width=\"1024\" height=\"768\" src=\"https:\/\/rgdeportes.com\/wp-content\/uploads\/2026\/09\/Copia-DSCN7293-1-1024x768.jpg\" alt=\"\" class=\"wp-image-12102\" srcset=\"https:\/\/rgdeportes.com\/wp-content\/uploads\/2026\/09\/Copia-DSCN7293-1-1024x768.jpg 1024w, https:\/\/rgdeportes.com\/wp-content\/uploads\/2026\/09\/Copia-DSCN7293-1-300x225.jpg 300w, https:\/\/rgdeportes.com\/wp-content\/uploads\/2026\/09\/Copia-DSCN7293-1-768x576.jpg 768w, https:\/\/rgdeportes.com\/wp-content\/uploads\/2026\/09\/Copia-DSCN7293-1-1536x1152.jpg 1536w, https:\/\/rgdeportes.com\/wp-content\/uploads\/2026\/09\/Copia-DSCN7293-1-2048x1536.jpg 2048w\" sizes=\"auto, (max-width: 1024px) 100vw, 1024px\" \/><\/figure>\n\n\n\n<p>\u201c<em>La verdad, la preparaci\u00f3n de este evento se viene organizando desde hace un a\u00f1o, sumando que la Confederaci\u00f3n Panamericana nos dio el aval, as\u00ed como tambi\u00e9n la Federaci\u00f3n Internacional, el cual este proceso se ha venido trabajando, junto con el equipo organizador<\/em><em>,<\/em><em>&nbsp;<\/em><em>el cual <\/em><em>tiene toda la log\u00edstica para este magno evento<\/em>\u201d, detall\u00f3 don <strong>Adri\u00e1n G\u00f3mez<\/strong>.<\/p>\n\n\n\n<p>\u201c<em>Es importante destacar, que son dos eventos de \u00edndole internacional de los cuales, el primero es un Torneo Juvenil y el otro un Torneo Mayor. Contaremos con atletas de muy alto nivel como el atleta Kevin Cord\u00f3n de Guatemala, como otros atletas del b\u00e1dminton de diferentes partes del Continente Americano. Nuestras expectativas son muy altas, los atletas de Costa Rica se han estado preparando, donde se competir\u00e1 en las categor\u00edas individuales masculino como femenino, dobles y mixtos, por lo tanto, estamos muy contentos y con muchas ansias de que inicie este evento en Costa Rica<\/em>\u201d, coment\u00f3 don <strong>Adri\u00e1n G\u00f3mez<\/strong>.<\/p>\n\n\n\n<p><strong>Muchos paises dicen poresente en este doble evento internacional<\/strong><\/p>\n\n\n\n<figure class=\"wp-block-image size-large\"><img loading=\"lazy\" decoding=\"async\" width=\"1024\" height=\"768\" src=\"https:\/\/rgdeportes.com\/wp-content\/uploads\/2026\/09\/Copia-DSCN7318-1-1024x768.jpg\" alt=\"\" class=\"wp-image-12103\" srcset=\"https:\/\/rgdeportes.com\/wp-content\/uploads\/2026\/09\/Copia-DSCN7318-1-1024x768.jpg 1024w, https:\/\/rgdeportes.com\/wp-content\/uploads\/2026\/09\/Copia-DSCN7318-1-300x225.jpg 300w, https:\/\/rgdeportes.com\/wp-content\/uploads\/2026\/09\/Copia-DSCN7318-1-768x576.jpg 768w, https:\/\/rgdeportes.com\/wp-content\/uploads\/2026\/09\/Copia-DSCN7318-1-1536x1152.jpg 1536w, https:\/\/rgdeportes.com\/wp-content\/uploads\/2026\/09\/Copia-DSCN7318-1-2048x1536.jpg 2048w\" sizes=\"auto, (max-width: 1024px) 100vw, 1024px\" \/><\/figure>\n\n\n\n<p>Los pa\u00edses que dicen presente en estos eventos internacionales del b\u00e1dminton son;<\/p>\n\n\n\n<p><strong>Colombia, Jamaica, Guatemala, Panam\u00e1, Canad\u00e1, Estados Unidos, M\u00e9xico, Chile, Barbados, Guyana, Australia, Romania, China, Per\u00fa y Costa Rica<\/strong>.<\/p>\n\n\n\n<p>La Ceremonia de Apertura est\u00e1 pactada para este viernes 4 de setiembre&nbsp;a partir de las 1:30 pm desde el Gimnasio Nacional.<\/p>\n\n\n\n<p>Durante la conferencia de prensa, se cont\u00f3 con la presencia de don <strong>Gerardo Cambronero y Joselyn Murillo <\/strong>como parte del equipo de la organizaci\u00f3n.<\/p>\n\n\n\n<p><strong>Costa Rica cuenta con buenos referentes<\/strong> <\/p>\n\n\n\n<figure class=\"wp-block-image size-large\"><img loading=\"lazy\" decoding=\"async\" width=\"1024\" height=\"768\" src=\"https:\/\/rgdeportes.com\/wp-content\/uploads\/2026\/09\/Copia-DSCN7345-1-1024x768.jpg\" alt=\"\" class=\"wp-image-12104\" srcset=\"https:\/\/rgdeportes.com\/wp-content\/uploads\/2026\/09\/Copia-DSCN7345-1-1024x768.jpg 1024w, https:\/\/rgdeportes.com\/wp-content\/uploads\/2026\/09\/Copia-DSCN7345-1-300x225.jpg 300w, https:\/\/rgdeportes.com\/wp-content\/uploads\/2026\/09\/Copia-DSCN7345-1-768x576.jpg 768w, https:\/\/rgdeportes.com\/wp-content\/uploads\/2026\/09\/Copia-DSCN7345-1-1536x1152.jpg 1536w, https:\/\/rgdeportes.com\/wp-content\/uploads\/2026\/09\/Copia-DSCN7345-1-2048x1536.jpg 2048w\" sizes=\"auto, (max-width: 1024px) 100vw, 1024px\" \/><\/figure>\n\n\n\n<p>Estos son algunos de los atletas los atletas del b\u00e1dminton nacional, quienes representaran los colores patrios, Gianpiero Cavalloti, Jos\u00e9 Fabricio Cambronero, Cristal Villarreal y Valentina Villarreal.<\/p>\n\n\n\n<p><strong>Video<\/strong><\/p>\n\n\n\n<figure class=\"wp-block-embed is-type-video is-provider-youtube wp-block-embed-youtube wp-embed-aspect-9-16 wp-has-aspect-ratio\"><div class=\"wp-block-embed__wrapper\">\n<iframe loading=\"lazy\" title=\"Adri\u00e1n G\u00f3mez, presidente de la Asociaci\u00f3n para el Desarrollo del B\u00e1dminton de Costa Rica\" width=\"563\" height=\"1000\" src=\"https:\/\/www.youtube.com\/embed\/V4-S7uE6m_w?feature=oembed\" frameborder=\"0\" allow=\"accelerometer; autoplay; clipboard-write; encrypted-media; gyroscope; picture-in-picture; web-share\" referrerpolicy=\"strict-origin-when-cross-origin\" allowfullscreen><\/iframe>\n<\/div><\/figure>\n\n\n\n<p><strong>Fotos y video &#8211; Cortes\u00eda Asociaci\u00f3n para el Desarrollo del B\u00e1dminton<\/strong><\/p>\n\n\n\n<p><\/p>\n","protected":false},"excerpt":{"rendered":"<p>El B\u00e1dminton de Costa Rica una vez m\u00e1s es noticia de indole internacional, esto tras darse a conocer que ser\u00e1 sede en dos eventos por las \u00abCategor\u00edas Juvenil y Mayor\u00bb&hellip; <\/p>\n","protected":false},"author":2,"featured_media":12101,"comment_status":"closed","ping_status":"closed","sticky":false,"template":"","format":"standard","meta":{"om_disable_all_campaigns":false,"_monsterinsights_skip_tracking":false,"footnotes":""},"categories":[10],"tags":[3273,3730,3729],"class_list":["post-12100","post","type-post","status-publish","format-standard","has-post-thumbnail","hentry","category-in","tag-badmintoncostarica-2","tag-badmintonfuturesseries2026","tag-badmintonjuniocostarica2026"],"aioseo_notices":[],"yoast_head":"<!-- This site is optimized with the Yoast SEO plugin v21.2 - https:\/\/yoast.com\/wordpress\/plugins\/seo\/ -->\n<title>B\u00e1dminton Internacional llega a Costa Rica con dos eventos de alto nivel (Video) - RG Deportes\u200e<\/title>\n<meta name=\"robots\" content=\"index, follow, max-snippet:-1, max-image-preview:large, max-video-preview:-1\" \/>\n<link rel=\"canonical\" href=\"https:\/\/rgdeportes.com\/index.php\/2026\/09\/03\/badminton-internacional-llega-a-costa-rica-con-dos-eventos-de-alto-nivel-video\/\" \/>\n<meta property=\"og:locale\" content=\"es_ES\" \/>\n<meta property=\"og:type\" content=\"article\" \/>\n<meta property=\"og:title\" content=\"B\u00e1dminton Internacional llega a Costa Rica con dos eventos de alto nivel (Video) - RG Deportes\u200e\" \/>\n<meta property=\"og:description\" content=\"El B\u00e1dminton de Costa Rica una vez m\u00e1s es noticia de indole internacional, esto tras darse a conocer que ser\u00e1 sede en dos eventos por las \u00abCategor\u00edas Juvenil y Mayor\u00bb&hellip;\" \/>\n<meta property=\"og:url\" content=\"https:\/\/rgdeportes.com\/index.php\/2026\/09\/03\/badminton-internacional-llega-a-costa-rica-con-dos-eventos-de-alto-nivel-video\/\" \/>\n<meta property=\"og:site_name\" content=\"RG Deportes\u200e\" \/>\n<meta property=\"article:publisher\" content=\"https:\/\/www.facebook.com\/RandallGutierrezDeportes\/\" \/>\n<meta property=\"article:published_time\" content=\"2026-09-03T16:00:20+00:00\" \/>\n<meta property=\"article:modified_time\" content=\"2026-09-03T16:00:21+00:00\" \/>\n<meta property=\"og:image\" content=\"http:\/\/rgdeportes.com\/wp-content\/uploads\/2026\/09\/Copia-DSCN7321-1-scaled.jpg\" \/>\n\t<meta property=\"og:image:width\" content=\"2560\" \/>\n\t<meta property=\"og:image:height\" content=\"1920\" \/>\n\t<meta property=\"og:image:type\" content=\"image\/jpeg\" \/>\n<meta name=\"author\" content=\"Randall Gutierrez\" \/>\n<meta name=\"twitter:card\" content=\"summary_large_image\" \/>\n<meta name=\"twitter:label1\" content=\"Escrito por\" \/>\n\t<meta name=\"twitter:data1\" content=\"Randall Gutierrez\" \/>\n\t<meta name=\"twitter:label2\" content=\"Tiempo de lectura\" \/>\n\t<meta name=\"twitter:data2\" content=\"4 minutos\" \/>\n<script type=\"application\/ld+json\" class=\"yoast-schema-graph\">{\"@context\":\"https:\/\/schema.org\",\"@graph\":[{\"@type\":\"Article\",\"@id\":\"https:\/\/rgdeportes.com\/index.php\/2026\/09\/03\/badminton-internacional-llega-a-costa-rica-con-dos-eventos-de-alto-nivel-video\/#article\",\"isPartOf\":{\"@id\":\"https:\/\/rgdeportes.com\/index.php\/2026\/09\/03\/badminton-internacional-llega-a-costa-rica-con-dos-eventos-de-alto-nivel-video\/\"},\"author\":{\"name\":\"Randall Gutierrez\",\"@id\":\"https:\/\/rgdeportes.com\/#\/schema\/person\/91795323fddb335a4fd017bf0e4b1358\"},\"headline\":\"B\u00e1dminton Internacional llega a Costa Rica con dos eventos de alto nivel (Video)\",\"datePublished\":\"2026-09-03T16:00:20+00:00\",\"dateModified\":\"2026-09-03T16:00:21+00:00\",\"mainEntityOfPage\":{\"@id\":\"https:\/\/rgdeportes.com\/index.php\/2026\/09\/03\/badminton-internacional-llega-a-costa-rica-con-dos-eventos-de-alto-nivel-video\/\"},\"wordCount\":600,\"publisher\":{\"@id\":\"https:\/\/rgdeportes.com\/#organization\"},\"keywords\":[\"#badmintoncostarica\",\"#badmintonfuturesseries2026\",\"#badmintonjuniocostarica2026\"],\"articleSection\":[\"Internacionales\"],\"inLanguage\":\"es\"},{\"@type\":\"WebPage\",\"@id\":\"https:\/\/rgdeportes.com\/index.php\/2026\/09\/03\/badminton-internacional-llega-a-costa-rica-con-dos-eventos-de-alto-nivel-video\/\",\"url\":\"https:\/\/rgdeportes.com\/index.php\/2026\/09\/03\/badminton-internacional-llega-a-costa-rica-con-dos-eventos-de-alto-nivel-video\/\",\"name\":\"B\u00e1dminton Internacional llega a Costa Rica con dos eventos de alto nivel (Video) - RG Deportes\u200e\",\"isPartOf\":{\"@id\":\"https:\/\/rgdeportes.com\/#website\"},\"datePublished\":\"2026-09-03T16:00:20+00:00\",\"dateModified\":\"2026-09-03T16:00:21+00:00\",\"breadcrumb\":{\"@id\":\"https:\/\/rgdeportes.com\/index.php\/2026\/09\/03\/badminton-internacional-llega-a-costa-rica-con-dos-eventos-de-alto-nivel-video\/#breadcrumb\"},\"inLanguage\":\"es\",\"potentialAction\":[{\"@type\":\"ReadAction\",\"target\":[\"https:\/\/rgdeportes.com\/index.php\/2026\/09\/03\/badminton-internacional-llega-a-costa-rica-con-dos-eventos-de-alto-nivel-video\/\"]}]},{\"@type\":\"BreadcrumbList\",\"@id\":\"https:\/\/rgdeportes.com\/index.php\/2026\/09\/03\/badminton-internacional-llega-a-costa-rica-con-dos-eventos-de-alto-nivel-video\/#breadcrumb\",\"itemListElement\":[{\"@type\":\"ListItem\",\"position\":1,\"name\":\"Portada\",\"item\":\"https:\/\/rgdeportes.com\/\"},{\"@type\":\"ListItem\",\"position\":2,\"name\":\"B\u00e1dminton Internacional llega a Costa Rica con dos eventos de alto nivel (Video)\"}]},{\"@type\":\"WebSite\",\"@id\":\"https:\/\/rgdeportes.com\/#website\",\"url\":\"https:\/\/rgdeportes.com\/\",\"name\":\"RG Deportes\u200e\",\"description\":\"\",\"publisher\":{\"@id\":\"https:\/\/rgdeportes.com\/#organization\"},\"potentialAction\":[{\"@type\":\"SearchAction\",\"target\":{\"@type\":\"EntryPoint\",\"urlTemplate\":\"https:\/\/rgdeportes.com\/?s={search_term_string}\"},\"query-input\":\"required name=search_term_string\"}],\"inLanguage\":\"es\"},{\"@type\":\"Organization\",\"@id\":\"https:\/\/rgdeportes.com\/#organization\",\"name\":\"RG Deportes\",\"url\":\"https:\/\/rgdeportes.com\/\",\"logo\":{\"@type\":\"ImageObject\",\"inLanguage\":\"es\",\"@id\":\"https:\/\/rgdeportes.com\/#\/schema\/logo\/image\/\",\"url\":\"https:\/\/rgdeportes.com\/wp-content\/uploads\/2020\/09\/Logo.png\",\"contentUrl\":\"https:\/\/rgdeportes.com\/wp-content\/uploads\/2020\/09\/Logo.png\",\"width\":784,\"height\":552,\"caption\":\"RG Deportes\"},\"image\":{\"@id\":\"https:\/\/rgdeportes.com\/#\/schema\/logo\/image\/\"},\"sameAs\":[\"https:\/\/www.facebook.com\/RandallGutierrezDeportes\/\",\"https:\/\/www.instagram.com\/randallgutierrezdeportes\/\",\"https:\/\/www.youtube.com\/channel\/UCX4_qbvtnTwoF5t2zNqBDvA\"]},{\"@type\":\"Person\",\"@id\":\"https:\/\/rgdeportes.com\/#\/schema\/person\/91795323fddb335a4fd017bf0e4b1358\",\"name\":\"Randall Gutierrez\",\"image\":{\"@type\":\"ImageObject\",\"inLanguage\":\"es\",\"@id\":\"https:\/\/rgdeportes.com\/#\/schema\/person\/image\/\",\"url\":\"https:\/\/secure.gravatar.com\/avatar\/d0884ea8b9b50bcfad3c0d20049361b5?s=96&d=mm&r=g\",\"contentUrl\":\"https:\/\/secure.gravatar.com\/avatar\/d0884ea8b9b50bcfad3c0d20049361b5?s=96&d=mm&r=g\",\"caption\":\"Randall Gutierrez\"},\"url\":\"https:\/\/rgdeportes.com\/index.php\/author\/randall\/\"}]}<\/script>\n<!-- \/ Yoast SEO plugin. -->","yoast_head_json":{"title":"B\u00e1dminton Internacional llega a Costa Rica con dos eventos de alto nivel (Video) - RG Deportes\u200e","robots":{"index":"index","follow":"follow","max-snippet":"max-snippet:-1","max-image-preview":"max-image-preview:large","max-video-preview":"max-video-preview:-1"},"canonical":"https:\/\/rgdeportes.com\/index.php\/2026\/09\/03\/badminton-internacional-llega-a-costa-rica-con-dos-eventos-de-alto-nivel-video\/","og_locale":"es_ES","og_type":"article","og_title":"B\u00e1dminton Internacional llega a Costa Rica con dos eventos de alto nivel (Video) - RG Deportes\u200e","og_description":"El B\u00e1dminton de Costa Rica una vez m\u00e1s es noticia de indole internacional, esto tras darse a conocer que ser\u00e1 sede en dos eventos por las \u00abCategor\u00edas Juvenil y Mayor\u00bb&hellip;","og_url":"https:\/\/rgdeportes.com\/index.php\/2026\/09\/03\/badminton-internacional-llega-a-costa-rica-con-dos-eventos-de-alto-nivel-video\/","og_site_name":"RG Deportes\u200e","article_publisher":"https:\/\/www.facebook.com\/RandallGutierrezDeportes\/","article_published_time":"2026-09-03T16:00:20+00:00","article_modified_time":"2026-09-03T16:00:21+00:00","og_image":[{"width":2560,"height":1920,"url":"http:\/\/rgdeportes.com\/wp-content\/uploads\/2026\/09\/Copia-DSCN7321-1-scaled.jpg","type":"image\/jpeg"}],"author":"Randall Gutierrez","twitter_card":"summary_large_image","twitter_misc":{"Escrito por":"Randall Gutierrez","Tiempo de lectura":"4 minutos"},"schema":{"@context":"https:\/\/schema.org","@graph":[{"@type":"Article","@id":"https:\/\/rgdeportes.com\/index.php\/2026\/09\/03\/badminton-internacional-llega-a-costa-rica-con-dos-eventos-de-alto-nivel-video\/#article","isPartOf":{"@id":"https:\/\/rgdeportes.com\/index.php\/2026\/09\/03\/badminton-internacional-llega-a-costa-rica-con-dos-eventos-de-alto-nivel-video\/"},"author":{"name":"Randall Gutierrez","@id":"https:\/\/rgdeportes.com\/#\/schema\/person\/91795323fddb335a4fd017bf0e4b1358"},"headline":"B\u00e1dminton Internacional llega a Costa Rica con dos eventos de alto nivel (Video)","datePublished":"2026-09-03T16:00:20+00:00","dateModified":"2026-09-03T16:00:21+00:00","mainEntityOfPage":{"@id":"https:\/\/rgdeportes.com\/index.php\/2026\/09\/03\/badminton-internacional-llega-a-costa-rica-con-dos-eventos-de-alto-nivel-video\/"},"wordCount":600,"publisher":{"@id":"https:\/\/rgdeportes.com\/#organization"},"keywords":["#badmintoncostarica","#badmintonfuturesseries2026","#badmintonjuniocostarica2026"],"articleSection":["Internacionales"],"inLanguage":"es"},{"@type":"WebPage","@id":"https:\/\/rgdeportes.com\/index.php\/2026\/09\/03\/badminton-internacional-llega-a-costa-rica-con-dos-eventos-de-alto-nivel-video\/","url":"https:\/\/rgdeportes.com\/index.php\/2026\/09\/03\/badminton-internacional-llega-a-costa-rica-con-dos-eventos-de-alto-nivel-video\/","name":"B\u00e1dminton Internacional llega a Costa Rica con dos eventos de alto nivel (Video) - RG Deportes\u200e","isPartOf":{"@id":"https:\/\/rgdeportes.com\/#website"},"datePublished":"2026-09-03T16:00:20+00:00","dateModified":"2026-09-03T16:00:21+00:00","breadcrumb":{"@id":"https:\/\/rgdeportes.com\/index.php\/2026\/09\/03\/badminton-internacional-llega-a-costa-rica-con-dos-eventos-de-alto-nivel-video\/#breadcrumb"},"inLanguage":"es","potentialAction":[{"@type":"ReadAction","target":["https:\/\/rgdeportes.com\/index.php\/2026\/09\/03\/badminton-internacional-llega-a-costa-rica-con-dos-eventos-de-alto-nivel-video\/"]}]},{"@type":"BreadcrumbList","@id":"https:\/\/rgdeportes.com\/index.php\/2026\/09\/03\/badminton-internacional-llega-a-costa-rica-con-dos-eventos-de-alto-nivel-video\/#breadcrumb","itemListElement":[{"@type":"ListItem","position":1,"name":"Portada","item":"https:\/\/rgdeportes.com\/"},{"@type":"ListItem","position":2,"name":"B\u00e1dminton Internacional llega a Costa Rica con dos eventos de alto nivel (Video)"}]},{"@type":"WebSite","@id":"https:\/\/rgdeportes.com\/#website","url":"https:\/\/rgdeportes.com\/","name":"RG Deportes\u200e","description":"","publisher":{"@id":"https:\/\/rgdeportes.com\/#organization"},"potentialAction":[{"@type":"SearchAction","target":{"@type":"EntryPoint","urlTemplate":"https:\/\/rgdeportes.com\/?s={search_term_string}"},"query-input":"required name=search_term_string"}],"inLanguage":"es"},{"@type":"Organization","@id":"https:\/\/rgdeportes.com\/#organization","name":"RG Deportes","url":"https:\/\/rgdeportes.com\/","logo":{"@type":"ImageObject","inLanguage":"es","@id":"https:\/\/rgdeportes.com\/#\/schema\/logo\/image\/","url":"https:\/\/rgdeportes.com\/wp-content\/uploads\/2020\/09\/Logo.png","contentUrl":"https:\/\/rgdeportes.com\/wp-content\/uploads\/2020\/09\/Logo.png","width":784,"height":552,"caption":"RG Deportes"},"image":{"@id":"https:\/\/rgdeportes.com\/#\/schema\/logo\/image\/"},"sameAs":["https:\/\/www.facebook.com\/RandallGutierrezDeportes\/","https:\/\/www.instagram.com\/randallgutierrezdeportes\/","https:\/\/www.youtube.com\/channel\/UCX4_qbvtnTwoF5t2zNqBDvA"]},{"@type":"Person","@id":"https:\/\/rgdeportes.com\/#\/schema\/person\/91795323fddb335a4fd017bf0e4b1358","name":"Randall Gutierrez","image":{"@type":"ImageObject","inLanguage":"es","@id":"https:\/\/rgdeportes.com\/#\/schema\/person\/image\/","url":"https:\/\/secure.gravatar.com\/avatar\/d0884ea8b9b50bcfad3c0d20049361b5?s=96&d=mm&r=g","contentUrl":"https:\/\/secure.gravatar.com\/avatar\/d0884ea8b9b50bcfad3c0d20049361b5?s=96&d=mm&r=g","caption":"Randall Gutierrez"},"url":"https:\/\/rgdeportes.com\/index.php\/author\/randall\/"}]}},"_links":{"self":[{"href":"https:\/\/rgdeportes.com\/index.php\/wp-json\/wp\/v2\/posts\/12100","targetHints":{"allow":["GET"]}}],"collection":[{"href":"https:\/\/rgdeportes.com\/index.php\/wp-json\/wp\/v2\/posts"}],"about":[{"href":"https:\/\/rgdeportes.com\/index.php\/wp-json\/wp\/v2\/types\/post"}],"author":[{"embeddable":true,"href":"https:\/\/rgdeportes.com\/index.php\/wp-json\/wp\/v2\/users\/2"}],"replies":[{"embeddable":true,"href":"https:\/\/rgdeportes.com\/index.php\/wp-json\/wp\/v2\/comments?post=12100"}],"version-history":[{"count":1,"href":"https:\/\/rgdeportes.com\/index.php\/wp-json\/wp\/v2\/posts\/12100\/revisions"}],"predecessor-version":[{"id":12105,"href":"https:\/\/rgdeportes.com\/index.php\/wp-json\/wp\/v2\/posts\/12100\/revisions\/12105"}],"wp:featuredmedia":[{"embeddable":true,"href":"https:\/\/rgdeportes.com\/index.php\/wp-json\/wp\/v2\/media\/12101"}],"wp:attachment":[{"href":"https:\/\/rgdeportes.com\/index.php\/wp-json\/wp\/v2\/media?parent=12100"}],"wp:term":[{"taxonomy":"category","embeddable":true,"href":"https:\/\/rgdeportes.com\/index.php\/wp-json\/wp\/v2\/categories?post=12100"},{"taxonomy":"post_tag","embeddable":true,"href":"https:\/\/rgdeportes.com\/index.php\/wp-json\/wp\/v2\/tags?post=12100"}],"curies":[{"name":"wp","href":"https:\/\/api.w.org\/{rel}","templated":true}]}}