{"id":11369,"date":"2026-05-01T01:30:52","date_gmt":"2026-05-01T01:30:52","guid":{"rendered":"https:\/\/rgdeportes.com\/?p=11369"},"modified":"2026-05-01T01:30:53","modified_gmt":"2026-05-01T01:30:53","slug":"ticos-logran-su-clasificacion-al-fig-world-cup-parkour-en-territorio-europeo","status":"publish","type":"post","link":"https:\/\/rgdeportes.com\/index.php\/2026\/05\/01\/ticos-logran-su-clasificacion-al-fig-world-cup-parkour-en-territorio-europeo\/","title":{"rendered":"Ticos logran su clasificaci\u00f3n al FIG World Cup Parkour en territorio europeo"},"content":{"rendered":"\n<figure class=\"wp-block-image size-large\"><img loading=\"lazy\" decoding=\"async\" width=\"1024\" height=\"728\" src=\"https:\/\/rgdeportes.com\/wp-content\/uploads\/2026\/05\/PACK-1024x728.jpg\" alt=\"\" class=\"wp-image-11370\" srcset=\"https:\/\/rgdeportes.com\/wp-content\/uploads\/2026\/05\/PACK-1024x728.jpg 1024w, https:\/\/rgdeportes.com\/wp-content\/uploads\/2026\/05\/PACK-300x213.jpg 300w, https:\/\/rgdeportes.com\/wp-content\/uploads\/2026\/05\/PACK-768x546.jpg 768w, https:\/\/rgdeportes.com\/wp-content\/uploads\/2026\/05\/PACK.jpg 1213w\" sizes=\"auto, (max-width: 1024px) 100vw, 1024px\" \/><\/figure>\n\n\n\n<p>Por primera vez en la historia, dos costarricenses dieron el salto de sus vidas al clasificar al FIG World Cup Parkour que se efectuar\u00e1 en Montpellier, Francia del 13 al 18 de mayo de 2026.<\/p>\n\n\n\n<p>La noticia fue celebrada con brincos y saltos para los atletas clasificados: Sabrina Lobo Ju\u00e1rez, actual campeona nacional y centroamericana y Michael Solano Chamorro, Campe\u00f3n nacional y centroamericano de Parkour.<\/p>\n\n\n\n<p>\u201cEste evento representa la m\u00e1xima categor\u00eda del Parkour a nivel global. Por primera vez en la historia, dos atletas costarricenses, \u00fanicos en Centroam\u00e9rica, nos representar\u00e1n en esta competencia\u201d, indic\u00f3 Lorena Villarreal, presidenta de la Federaci\u00f3n Deportiva de Gimnasia y Afines de Costa Rica.<\/p>\n\n\n\n<p>La Montpellier Parkour World Cup es una prestigiosa competici\u00f3n internacional de parkour organizada por la Federaci\u00f3n Internacional de Gimnasia (FIG) que se celebra anualmente en Montpellier, Francia en las modalidades de Speed (velocidad) y Freestyle (estilo libre).<\/p>\n\n\n\n<p>\u201cLa limonense, Sabrina Lobo, de 17 a\u00f1os de edad, estar\u00e1 en la categor\u00eda Senior abriendo el camino para los atletas de Parkour costarricenses con proyecci\u00f3n a las competencias internacionales de alto rendimiento y Michael Solano, de 34 a\u00f1os de edad, es uno de los pioneros de este deporte en nuestro pa\u00eds, con 19 a\u00f1os de experiencia\u201d, destac\u00f3 Jerry Lobo, Director de jueces nacionales de Parkour.<\/p>\n\n\n\n<p>La clasificaci\u00f3n de los ticos lleg\u00f3 al tener el mejor Ranking en masculino y femenino respectivamente en categor\u00eda senior de nuestro pa\u00eds.<\/p>\n\n\n\n<p>El Parkour es una disciplina f\u00edsica centrada en la capacidad motriz del individuo, cuyo objetivo es desplazarse de un punto A a un punto B de manera eficiente, r\u00e1pida y fluida utilizando el cuerpo humano superar obst\u00e1culos urbanos o naturales mediante saltos, carreras, trepadas y giros.<\/p>\n","protected":false},"excerpt":{"rendered":"<p>Por primera vez en la historia, dos costarricenses dieron el salto de sus vidas al clasificar al FIG World Cup Parkour que se efectuar\u00e1 en Montpellier, Francia del 13 al&hellip; <\/p>\n","protected":false},"author":2,"featured_media":11370,"comment_status":"closed","ping_status":"closed","sticky":false,"template":"","format":"standard","meta":{"om_disable_all_campaigns":false,"_monsterinsights_skip_tracking":false,"_monsterinsights_sitenote_active":false,"_monsterinsights_sitenote_note":"","_monsterinsights_sitenote_category":0,"footnotes":""},"categories":[10],"tags":[3517,3519,3518],"class_list":["post-11369","post","type-post","status-publish","format-standard","has-post-thumbnail","hentry","category-in","tag-michaelsolano","tag-parkour","tag-sabrinalobo"],"aioseo_notices":[],"yoast_head":"<!-- This site is optimized with the Yoast SEO plugin v21.2 - https:\/\/yoast.com\/wordpress\/plugins\/seo\/ -->\n<title>Ticos logran su clasificaci\u00f3n al FIG World Cup Parkour en territorio europeo - RG Deportes\u200e<\/title>\n<meta name=\"robots\" content=\"index, follow, max-snippet:-1, max-image-preview:large, max-video-preview:-1\" \/>\n<link rel=\"canonical\" href=\"https:\/\/rgdeportes.com\/index.php\/2026\/05\/01\/ticos-logran-su-clasificacion-al-fig-world-cup-parkour-en-territorio-europeo\/\" \/>\n<meta property=\"og:locale\" content=\"es_ES\" \/>\n<meta property=\"og:type\" content=\"article\" \/>\n<meta property=\"og:title\" content=\"Ticos logran su clasificaci\u00f3n al FIG World Cup Parkour en territorio europeo - RG Deportes\u200e\" \/>\n<meta property=\"og:description\" content=\"Por primera vez en la historia, dos costarricenses dieron el salto de sus vidas al clasificar al FIG World Cup Parkour que se efectuar\u00e1 en Montpellier, Francia del 13 al&hellip;\" \/>\n<meta property=\"og:url\" content=\"https:\/\/rgdeportes.com\/index.php\/2026\/05\/01\/ticos-logran-su-clasificacion-al-fig-world-cup-parkour-en-territorio-europeo\/\" \/>\n<meta property=\"og:site_name\" content=\"RG Deportes\u200e\" \/>\n<meta property=\"article:publisher\" content=\"https:\/\/www.facebook.com\/RandallGutierrezDeportes\/\" \/>\n<meta property=\"article:published_time\" content=\"2026-05-01T01:30:52+00:00\" \/>\n<meta property=\"article:modified_time\" content=\"2026-05-01T01:30:53+00:00\" \/>\n<meta property=\"og:image\" content=\"http:\/\/rgdeportes.com\/wp-content\/uploads\/2026\/05\/PACK.jpg\" \/>\n\t<meta property=\"og:image:width\" content=\"1213\" \/>\n\t<meta property=\"og:image:height\" content=\"862\" \/>\n\t<meta property=\"og:image:type\" content=\"image\/jpeg\" \/>\n<meta name=\"author\" content=\"Randall Gutierrez\" \/>\n<meta name=\"twitter:card\" content=\"summary_large_image\" \/>\n<meta name=\"twitter:label1\" content=\"Escrito por\" \/>\n\t<meta name=\"twitter:data1\" content=\"Randall Gutierrez\" \/>\n\t<meta name=\"twitter:label2\" content=\"Tiempo de lectura\" \/>\n\t<meta name=\"twitter:data2\" content=\"2 minutos\" \/>\n<script type=\"application\/ld+json\" class=\"yoast-schema-graph\">{\"@context\":\"https:\/\/schema.org\",\"@graph\":[{\"@type\":\"Article\",\"@id\":\"https:\/\/rgdeportes.com\/index.php\/2026\/05\/01\/ticos-logran-su-clasificacion-al-fig-world-cup-parkour-en-territorio-europeo\/#article\",\"isPartOf\":{\"@id\":\"https:\/\/rgdeportes.com\/index.php\/2026\/05\/01\/ticos-logran-su-clasificacion-al-fig-world-cup-parkour-en-territorio-europeo\/\"},\"author\":{\"name\":\"Randall Gutierrez\",\"@id\":\"https:\/\/rgdeportes.com\/#\/schema\/person\/91795323fddb335a4fd017bf0e4b1358\"},\"headline\":\"Ticos logran su clasificaci\u00f3n al FIG World Cup Parkour en territorio europeo\",\"datePublished\":\"2026-05-01T01:30:52+00:00\",\"dateModified\":\"2026-05-01T01:30:53+00:00\",\"mainEntityOfPage\":{\"@id\":\"https:\/\/rgdeportes.com\/index.php\/2026\/05\/01\/ticos-logran-su-clasificacion-al-fig-world-cup-parkour-en-territorio-europeo\/\"},\"wordCount\":306,\"publisher\":{\"@id\":\"https:\/\/rgdeportes.com\/#organization\"},\"keywords\":[\"#michaelsolano\",\"#parkour\",\"#sabrinalobo\"],\"articleSection\":[\"Internacionales\"],\"inLanguage\":\"es\"},{\"@type\":\"WebPage\",\"@id\":\"https:\/\/rgdeportes.com\/index.php\/2026\/05\/01\/ticos-logran-su-clasificacion-al-fig-world-cup-parkour-en-territorio-europeo\/\",\"url\":\"https:\/\/rgdeportes.com\/index.php\/2026\/05\/01\/ticos-logran-su-clasificacion-al-fig-world-cup-parkour-en-territorio-europeo\/\",\"name\":\"Ticos logran su clasificaci\u00f3n al FIG World Cup Parkour en territorio europeo - RG Deportes\u200e\",\"isPartOf\":{\"@id\":\"https:\/\/rgdeportes.com\/#website\"},\"datePublished\":\"2026-05-01T01:30:52+00:00\",\"dateModified\":\"2026-05-01T01:30:53+00:00\",\"breadcrumb\":{\"@id\":\"https:\/\/rgdeportes.com\/index.php\/2026\/05\/01\/ticos-logran-su-clasificacion-al-fig-world-cup-parkour-en-territorio-europeo\/#breadcrumb\"},\"inLanguage\":\"es\",\"potentialAction\":[{\"@type\":\"ReadAction\",\"target\":[\"https:\/\/rgdeportes.com\/index.php\/2026\/05\/01\/ticos-logran-su-clasificacion-al-fig-world-cup-parkour-en-territorio-europeo\/\"]}]},{\"@type\":\"BreadcrumbList\",\"@id\":\"https:\/\/rgdeportes.com\/index.php\/2026\/05\/01\/ticos-logran-su-clasificacion-al-fig-world-cup-parkour-en-territorio-europeo\/#breadcrumb\",\"itemListElement\":[{\"@type\":\"ListItem\",\"position\":1,\"name\":\"Portada\",\"item\":\"https:\/\/rgdeportes.com\/\"},{\"@type\":\"ListItem\",\"position\":2,\"name\":\"Ticos logran su clasificaci\u00f3n al FIG World Cup Parkour en territorio europeo\"}]},{\"@type\":\"WebSite\",\"@id\":\"https:\/\/rgdeportes.com\/#website\",\"url\":\"https:\/\/rgdeportes.com\/\",\"name\":\"RG Deportes\u200e\",\"description\":\"\",\"publisher\":{\"@id\":\"https:\/\/rgdeportes.com\/#organization\"},\"potentialAction\":[{\"@type\":\"SearchAction\",\"target\":{\"@type\":\"EntryPoint\",\"urlTemplate\":\"https:\/\/rgdeportes.com\/?s={search_term_string}\"},\"query-input\":\"required name=search_term_string\"}],\"inLanguage\":\"es\"},{\"@type\":\"Organization\",\"@id\":\"https:\/\/rgdeportes.com\/#organization\",\"name\":\"RG Deportes\",\"url\":\"https:\/\/rgdeportes.com\/\",\"logo\":{\"@type\":\"ImageObject\",\"inLanguage\":\"es\",\"@id\":\"https:\/\/rgdeportes.com\/#\/schema\/logo\/image\/\",\"url\":\"https:\/\/rgdeportes.com\/wp-content\/uploads\/2020\/09\/Logo.png\",\"contentUrl\":\"https:\/\/rgdeportes.com\/wp-content\/uploads\/2020\/09\/Logo.png\",\"width\":784,\"height\":552,\"caption\":\"RG Deportes\"},\"image\":{\"@id\":\"https:\/\/rgdeportes.com\/#\/schema\/logo\/image\/\"},\"sameAs\":[\"https:\/\/www.facebook.com\/RandallGutierrezDeportes\/\",\"https:\/\/www.instagram.com\/randallgutierrezdeportes\/\",\"https:\/\/www.youtube.com\/channel\/UCX4_qbvtnTwoF5t2zNqBDvA\"]},{\"@type\":\"Person\",\"@id\":\"https:\/\/rgdeportes.com\/#\/schema\/person\/91795323fddb335a4fd017bf0e4b1358\",\"name\":\"Randall Gutierrez\",\"image\":{\"@type\":\"ImageObject\",\"inLanguage\":\"es\",\"@id\":\"https:\/\/rgdeportes.com\/#\/schema\/person\/image\/\",\"url\":\"https:\/\/secure.gravatar.com\/avatar\/d0884ea8b9b50bcfad3c0d20049361b5?s=96&d=mm&r=g\",\"contentUrl\":\"https:\/\/secure.gravatar.com\/avatar\/d0884ea8b9b50bcfad3c0d20049361b5?s=96&d=mm&r=g\",\"caption\":\"Randall Gutierrez\"},\"url\":\"https:\/\/rgdeportes.com\/index.php\/author\/randall\/\"}]}<\/script>\n<!-- \/ Yoast SEO plugin. -->","yoast_head_json":{"title":"Ticos logran su clasificaci\u00f3n al FIG World Cup Parkour en territorio europeo - RG Deportes\u200e","robots":{"index":"index","follow":"follow","max-snippet":"max-snippet:-1","max-image-preview":"max-image-preview:large","max-video-preview":"max-video-preview:-1"},"canonical":"https:\/\/rgdeportes.com\/index.php\/2026\/05\/01\/ticos-logran-su-clasificacion-al-fig-world-cup-parkour-en-territorio-europeo\/","og_locale":"es_ES","og_type":"article","og_title":"Ticos logran su clasificaci\u00f3n al FIG World Cup Parkour en territorio europeo - RG Deportes\u200e","og_description":"Por primera vez en la historia, dos costarricenses dieron el salto de sus vidas al clasificar al FIG World Cup Parkour que se efectuar\u00e1 en Montpellier, Francia del 13 al&hellip;","og_url":"https:\/\/rgdeportes.com\/index.php\/2026\/05\/01\/ticos-logran-su-clasificacion-al-fig-world-cup-parkour-en-territorio-europeo\/","og_site_name":"RG Deportes\u200e","article_publisher":"https:\/\/www.facebook.com\/RandallGutierrezDeportes\/","article_published_time":"2026-05-01T01:30:52+00:00","article_modified_time":"2026-05-01T01:30:53+00:00","og_image":[{"width":1213,"height":862,"url":"http:\/\/rgdeportes.com\/wp-content\/uploads\/2026\/05\/PACK.jpg","type":"image\/jpeg"}],"author":"Randall Gutierrez","twitter_card":"summary_large_image","twitter_misc":{"Escrito por":"Randall Gutierrez","Tiempo de lectura":"2 minutos"},"schema":{"@context":"https:\/\/schema.org","@graph":[{"@type":"Article","@id":"https:\/\/rgdeportes.com\/index.php\/2026\/05\/01\/ticos-logran-su-clasificacion-al-fig-world-cup-parkour-en-territorio-europeo\/#article","isPartOf":{"@id":"https:\/\/rgdeportes.com\/index.php\/2026\/05\/01\/ticos-logran-su-clasificacion-al-fig-world-cup-parkour-en-territorio-europeo\/"},"author":{"name":"Randall Gutierrez","@id":"https:\/\/rgdeportes.com\/#\/schema\/person\/91795323fddb335a4fd017bf0e4b1358"},"headline":"Ticos logran su clasificaci\u00f3n al FIG World Cup Parkour en territorio europeo","datePublished":"2026-05-01T01:30:52+00:00","dateModified":"2026-05-01T01:30:53+00:00","mainEntityOfPage":{"@id":"https:\/\/rgdeportes.com\/index.php\/2026\/05\/01\/ticos-logran-su-clasificacion-al-fig-world-cup-parkour-en-territorio-europeo\/"},"wordCount":306,"publisher":{"@id":"https:\/\/rgdeportes.com\/#organization"},"keywords":["#michaelsolano","#parkour","#sabrinalobo"],"articleSection":["Internacionales"],"inLanguage":"es"},{"@type":"WebPage","@id":"https:\/\/rgdeportes.com\/index.php\/2026\/05\/01\/ticos-logran-su-clasificacion-al-fig-world-cup-parkour-en-territorio-europeo\/","url":"https:\/\/rgdeportes.com\/index.php\/2026\/05\/01\/ticos-logran-su-clasificacion-al-fig-world-cup-parkour-en-territorio-europeo\/","name":"Ticos logran su clasificaci\u00f3n al FIG World Cup Parkour en territorio europeo - RG Deportes\u200e","isPartOf":{"@id":"https:\/\/rgdeportes.com\/#website"},"datePublished":"2026-05-01T01:30:52+00:00","dateModified":"2026-05-01T01:30:53+00:00","breadcrumb":{"@id":"https:\/\/rgdeportes.com\/index.php\/2026\/05\/01\/ticos-logran-su-clasificacion-al-fig-world-cup-parkour-en-territorio-europeo\/#breadcrumb"},"inLanguage":"es","potentialAction":[{"@type":"ReadAction","target":["https:\/\/rgdeportes.com\/index.php\/2026\/05\/01\/ticos-logran-su-clasificacion-al-fig-world-cup-parkour-en-territorio-europeo\/"]}]},{"@type":"BreadcrumbList","@id":"https:\/\/rgdeportes.com\/index.php\/2026\/05\/01\/ticos-logran-su-clasificacion-al-fig-world-cup-parkour-en-territorio-europeo\/#breadcrumb","itemListElement":[{"@type":"ListItem","position":1,"name":"Portada","item":"https:\/\/rgdeportes.com\/"},{"@type":"ListItem","position":2,"name":"Ticos logran su clasificaci\u00f3n al FIG World Cup Parkour en territorio europeo"}]},{"@type":"WebSite","@id":"https:\/\/rgdeportes.com\/#website","url":"https:\/\/rgdeportes.com\/","name":"RG Deportes\u200e","description":"","publisher":{"@id":"https:\/\/rgdeportes.com\/#organization"},"potentialAction":[{"@type":"SearchAction","target":{"@type":"EntryPoint","urlTemplate":"https:\/\/rgdeportes.com\/?s={search_term_string}"},"query-input":"required name=search_term_string"}],"inLanguage":"es"},{"@type":"Organization","@id":"https:\/\/rgdeportes.com\/#organization","name":"RG Deportes","url":"https:\/\/rgdeportes.com\/","logo":{"@type":"ImageObject","inLanguage":"es","@id":"https:\/\/rgdeportes.com\/#\/schema\/logo\/image\/","url":"https:\/\/rgdeportes.com\/wp-content\/uploads\/2020\/09\/Logo.png","contentUrl":"https:\/\/rgdeportes.com\/wp-content\/uploads\/2020\/09\/Logo.png","width":784,"height":552,"caption":"RG Deportes"},"image":{"@id":"https:\/\/rgdeportes.com\/#\/schema\/logo\/image\/"},"sameAs":["https:\/\/www.facebook.com\/RandallGutierrezDeportes\/","https:\/\/www.instagram.com\/randallgutierrezdeportes\/","https:\/\/www.youtube.com\/channel\/UCX4_qbvtnTwoF5t2zNqBDvA"]},{"@type":"Person","@id":"https:\/\/rgdeportes.com\/#\/schema\/person\/91795323fddb335a4fd017bf0e4b1358","name":"Randall Gutierrez","image":{"@type":"ImageObject","inLanguage":"es","@id":"https:\/\/rgdeportes.com\/#\/schema\/person\/image\/","url":"https:\/\/secure.gravatar.com\/avatar\/d0884ea8b9b50bcfad3c0d20049361b5?s=96&d=mm&r=g","contentUrl":"https:\/\/secure.gravatar.com\/avatar\/d0884ea8b9b50bcfad3c0d20049361b5?s=96&d=mm&r=g","caption":"Randall Gutierrez"},"url":"https:\/\/rgdeportes.com\/index.php\/author\/randall\/"}]}},"_links":{"self":[{"href":"https:\/\/rgdeportes.com\/index.php\/wp-json\/wp\/v2\/posts\/11369","targetHints":{"allow":["GET"]}}],"collection":[{"href":"https:\/\/rgdeportes.com\/index.php\/wp-json\/wp\/v2\/posts"}],"about":[{"href":"https:\/\/rgdeportes.com\/index.php\/wp-json\/wp\/v2\/types\/post"}],"author":[{"embeddable":true,"href":"https:\/\/rgdeportes.com\/index.php\/wp-json\/wp\/v2\/users\/2"}],"replies":[{"embeddable":true,"href":"https:\/\/rgdeportes.com\/index.php\/wp-json\/wp\/v2\/comments?post=11369"}],"version-history":[{"count":1,"href":"https:\/\/rgdeportes.com\/index.php\/wp-json\/wp\/v2\/posts\/11369\/revisions"}],"predecessor-version":[{"id":11371,"href":"https:\/\/rgdeportes.com\/index.php\/wp-json\/wp\/v2\/posts\/11369\/revisions\/11371"}],"wp:featuredmedia":[{"embeddable":true,"href":"https:\/\/rgdeportes.com\/index.php\/wp-json\/wp\/v2\/media\/11370"}],"wp:attachment":[{"href":"https:\/\/rgdeportes.com\/index.php\/wp-json\/wp\/v2\/media?parent=11369"}],"wp:term":[{"taxonomy":"category","embeddable":true,"href":"https:\/\/rgdeportes.com\/index.php\/wp-json\/wp\/v2\/categories?post=11369"},{"taxonomy":"post_tag","embeddable":true,"href":"https:\/\/rgdeportes.com\/index.php\/wp-json\/wp\/v2\/tags?post=11369"}],"curies":[{"name":"wp","href":"https:\/\/api.w.org\/{rel}","templated":true}]}}