{"id":11359,"date":"2026-04-30T21:35:37","date_gmt":"2026-04-30T21:35:37","guid":{"rendered":"https:\/\/rgdeportes.com\/?p=11359"},"modified":"2026-04-30T21:35:38","modified_gmt":"2026-04-30T21:35:38","slug":"costa-rica-epicentro-del-campeonato-latinoamericano-de-kartismo","status":"publish","type":"post","link":"https:\/\/rgdeportes.com\/index.php\/2026\/04\/30\/costa-rica-epicentro-del-campeonato-latinoamericano-de-kartismo\/","title":{"rendered":"Costa Rica epicentro del Campeonato Latinoamericano de Kartismo"},"content":{"rendered":"\n<figure class=\"wp-block-image size-large\"><img loading=\"lazy\" decoding=\"async\" width=\"1024\" height=\"576\" src=\"http:\/\/rgdeportes.com\/wp-content\/uploads\/2026\/04\/LatinoamericanokartismoPUROMOTOR2024-104-1024x576.jpg\" alt=\"\" class=\"wp-image-11358\" srcset=\"https:\/\/rgdeportes.com\/wp-content\/uploads\/2026\/04\/LatinoamericanokartismoPUROMOTOR2024-104-1024x576.jpg 1024w, https:\/\/rgdeportes.com\/wp-content\/uploads\/2026\/04\/LatinoamericanokartismoPUROMOTOR2024-104-300x169.jpg 300w, https:\/\/rgdeportes.com\/wp-content\/uploads\/2026\/04\/LatinoamericanokartismoPUROMOTOR2024-104-768x432.jpg 768w, https:\/\/rgdeportes.com\/wp-content\/uploads\/2026\/04\/LatinoamericanokartismoPUROMOTOR2024-104-1536x864.jpg 1536w, https:\/\/rgdeportes.com\/wp-content\/uploads\/2026\/04\/LatinoamericanokartismoPUROMOTOR2024-104-2048x1152.jpg 2048w\" sizes=\"auto, (max-width: 1024px) 100vw, 1024px\" \/><\/figure>\n\n\n\n<p>Se vienen las emociones, la velocidad y la destreza en los pilotos para competir de manera categorica en el Campeonato Latinoamericano de Kartismo 2026, donde el mismo est\u00e1 pactado a realizarce del 15 al 17 de mayo en el circuito P1 Speedway (contiguo al Parque Diversiones).<\/p>\n\n\n\n<p>Se dar\u00e1n cita&nbsp;m\u00e1s de 200 pilotos de toda Am\u00e9rica Latina, consolid\u00e1ndose como la competencia de kartismo con&nbsp;mayor participaci\u00f3n registrada en Costa Rica, marcando un hito para el deporte motor nacional.<\/p>\n\n\n\n<p><strong>Costa Rica con buena representaci\u00f3n de pilotos <\/strong><\/p>\n\n\n\n<figure class=\"wp-block-image size-large\"><img loading=\"lazy\" decoding=\"async\" width=\"1024\" height=\"576\" src=\"http:\/\/rgdeportes.com\/wp-content\/uploads\/2026\/04\/LatinoamericanokartismoPUROMOTOR2024-53-1024x576.jpg\" alt=\"\" class=\"wp-image-11357\" srcset=\"https:\/\/rgdeportes.com\/wp-content\/uploads\/2026\/04\/LatinoamericanokartismoPUROMOTOR2024-53-1024x576.jpg 1024w, https:\/\/rgdeportes.com\/wp-content\/uploads\/2026\/04\/LatinoamericanokartismoPUROMOTOR2024-53-300x169.jpg 300w, https:\/\/rgdeportes.com\/wp-content\/uploads\/2026\/04\/LatinoamericanokartismoPUROMOTOR2024-53-768x432.jpg 768w, https:\/\/rgdeportes.com\/wp-content\/uploads\/2026\/04\/LatinoamericanokartismoPUROMOTOR2024-53-1536x864.jpg 1536w, https:\/\/rgdeportes.com\/wp-content\/uploads\/2026\/04\/LatinoamericanokartismoPUROMOTOR2024-53-2048x1152.jpg 2048w\" sizes=\"auto, (max-width: 1024px) 100vw, 1024px\" \/><\/figure>\n\n\n\n<p>Entre los pilotos nacionales destacados que formar\u00e1n parte del Campeonato Latinoamericano de Kartismo se encuentra&nbsp;Danny Formal, uno de los costarricenses m\u00e1s reconocidos en el automovilismo internacional y que regresa a la pista tica para competir en este evento; adem\u00e1s, dir\u00e1 presente&nbsp;Sof\u00eda Calder\u00f3n, quien a su corta edad ya acumula varios t\u00edtulos de kartismo en la regi\u00f3n, consolid\u00e1ndose como una de las grandes promesas del deporte motor.&nbsp;<\/p>\n\n\n\n<p>De los internacionales destacan reconocidas figuras como el Holand\u00e9s Marijn Kremers campe\u00f3n mundial 2019, el brasile\u00f1o Rubens Carrapatoso campe\u00f3n mundial 1998 y tambi\u00e9n de Brasil Diego Ramos, piloto oficial de birel. Adem\u00e1s, de nuevas promesas de la regi\u00f3n como Jack Kotowski desde USA.<\/p>\n\n\n\n<figure class=\"wp-block-image size-large\"><img loading=\"lazy\" decoding=\"async\" width=\"1024\" height=\"576\" src=\"https:\/\/rgdeportes.com\/wp-content\/uploads\/2026\/04\/LatinoamericanokartismoPUROMOTOR2024-32-1024x576.jpg\" alt=\"\" class=\"wp-image-11360\" srcset=\"https:\/\/rgdeportes.com\/wp-content\/uploads\/2026\/04\/LatinoamericanokartismoPUROMOTOR2024-32-1024x576.jpg 1024w, https:\/\/rgdeportes.com\/wp-content\/uploads\/2026\/04\/LatinoamericanokartismoPUROMOTOR2024-32-300x169.jpg 300w, https:\/\/rgdeportes.com\/wp-content\/uploads\/2026\/04\/LatinoamericanokartismoPUROMOTOR2024-32-768x432.jpg 768w, https:\/\/rgdeportes.com\/wp-content\/uploads\/2026\/04\/LatinoamericanokartismoPUROMOTOR2024-32-1536x864.jpg 1536w, https:\/\/rgdeportes.com\/wp-content\/uploads\/2026\/04\/LatinoamericanokartismoPUROMOTOR2024-32-2048x1152.jpg 2048w\" sizes=\"auto, (max-width: 1024px) 100vw, 1024px\" \/><\/figure>\n\n\n\n<p>Durante el fin de semana de competencia, los mejores kartistas de la regi\u00f3n se enfrentar\u00e1n en 13 categor\u00edas, abarcando desde los m\u00e1s j\u00f3venes talentos hasta pilotos experimentados. Las categor\u00edas son Kid Kart, Mini Tilly, Stars of Tomorrow, Vortex Micro Rock y Mini Rok, Tillotson 225 (Junior, Senior y Heavy), Vortex VLR 100 (Junior, Senior y Master) y Rok Shifter (Senior y Master).<\/p>\n\n\n\n<p>\u201cEsta diversidad de categor\u00edas refleja el crecimiento del kartismo en Costa Rica y la regi\u00f3n y posiciona al campeonato como una vitrina integral del talento latinoamericano.<\/p>\n\n\n\n<p>La realizaci\u00f3n de este campeonato en suelo costarricense representa una&nbsp;oportunidad clave para los pilotos nacionales, quienes podr\u00e1n medirse ante competidores internacionales sin salir del pa\u00eds, proyectando su nivel y abriendo puertas en el automovilismo regional e incluso global\u201d, indic\u00f3 Gerardo Moreno, presidente de la Asociaci\u00f3n Costarricense de Kartismo (ACEK).<\/p>\n\n\n\n<figure class=\"wp-block-image size-large\"><img loading=\"lazy\" decoding=\"async\" width=\"1024\" height=\"576\" src=\"https:\/\/rgdeportes.com\/wp-content\/uploads\/2026\/04\/LatinoamericanokartismoPUROMOTOR2024-96-1024x576.jpg\" alt=\"\" class=\"wp-image-11361\" srcset=\"https:\/\/rgdeportes.com\/wp-content\/uploads\/2026\/04\/LatinoamericanokartismoPUROMOTOR2024-96-1024x576.jpg 1024w, https:\/\/rgdeportes.com\/wp-content\/uploads\/2026\/04\/LatinoamericanokartismoPUROMOTOR2024-96-300x169.jpg 300w, https:\/\/rgdeportes.com\/wp-content\/uploads\/2026\/04\/LatinoamericanokartismoPUROMOTOR2024-96-768x432.jpg 768w, https:\/\/rgdeportes.com\/wp-content\/uploads\/2026\/04\/LatinoamericanokartismoPUROMOTOR2024-96-1536x864.jpg 1536w, https:\/\/rgdeportes.com\/wp-content\/uploads\/2026\/04\/LatinoamericanokartismoPUROMOTOR2024-96-2048x1152.jpg 2048w\" sizes=\"auto, (max-width: 1024px) 100vw, 1024px\" \/><\/figure>\n\n\n\n<p>La prueba forma parte del calendario del Campeonato Nacional de Kartismo por lo que para los pilotos nacionales es puntuable tanto para el certamen local, como para la renombrada prueba internacional. Adem\u00e1s de la competencia en pista, el evento contar\u00e1 con transmisi\u00f3n en vivo y reunir\u00e1 a equipos, preparadores y aficionados, fortaleciendo el ecosistema del deporte motor en Costa Rica.<\/p>\n\n\n\n<p>Con este campeonato, el pa\u00eds reafirma su capacidad organizativa y su creciente relevancia dentro del kartismo latinoamericano, impulsando el desarrollo de nuevas generaciones de pilotos.<\/p>\n\n\n\n<p>Fotos &#8211; ACEK <\/p>\n","protected":false},"excerpt":{"rendered":"<p>Se vienen las emociones, la velocidad y la destreza en los pilotos para competir de manera categorica en el Campeonato Latinoamericano de Kartismo 2026, donde el mismo est\u00e1 pactado a&hellip; <\/p>\n","protected":false},"author":2,"featured_media":11358,"comment_status":"closed","ping_status":"closed","sticky":false,"template":"","format":"standard","meta":{"om_disable_all_campaigns":false,"_monsterinsights_skip_tracking":false,"_monsterinsights_sitenote_active":false,"_monsterinsights_sitenote_note":"","_monsterinsights_sitenote_category":0,"footnotes":""},"categories":[524],"tags":[3514,118,3515],"class_list":["post-11359","post","type-post","status-publish","format-standard","has-post-thumbnail","hentry","category-ddm","tag-acekcostarics","tag-kartismocr","tag-kartismolatino"],"aioseo_notices":[],"yoast_head":"<!-- This site is optimized with the Yoast SEO plugin v21.2 - https:\/\/yoast.com\/wordpress\/plugins\/seo\/ -->\n<title>Costa Rica epicentro del Campeonato Latinoamericano de Kartismo - RG Deportes\u200e<\/title>\n<meta name=\"robots\" content=\"index, follow, max-snippet:-1, max-image-preview:large, max-video-preview:-1\" \/>\n<link rel=\"canonical\" href=\"https:\/\/rgdeportes.com\/index.php\/2026\/04\/30\/costa-rica-epicentro-del-campeonato-latinoamericano-de-kartismo\/\" \/>\n<meta property=\"og:locale\" content=\"es_ES\" \/>\n<meta property=\"og:type\" content=\"article\" \/>\n<meta property=\"og:title\" content=\"Costa Rica epicentro del Campeonato Latinoamericano de Kartismo - RG Deportes\u200e\" \/>\n<meta property=\"og:description\" content=\"Se vienen las emociones, la velocidad y la destreza en los pilotos para competir de manera categorica en el Campeonato Latinoamericano de Kartismo 2026, donde el mismo est\u00e1 pactado a&hellip;\" \/>\n<meta property=\"og:url\" content=\"https:\/\/rgdeportes.com\/index.php\/2026\/04\/30\/costa-rica-epicentro-del-campeonato-latinoamericano-de-kartismo\/\" \/>\n<meta property=\"og:site_name\" content=\"RG Deportes\u200e\" \/>\n<meta property=\"article:publisher\" content=\"https:\/\/www.facebook.com\/RandallGutierrezDeportes\/\" \/>\n<meta property=\"article:published_time\" content=\"2026-04-30T21:35:37+00:00\" \/>\n<meta property=\"article:modified_time\" content=\"2026-04-30T21:35:38+00:00\" \/>\n<meta property=\"og:image\" content=\"http:\/\/rgdeportes.com\/wp-content\/uploads\/2026\/04\/LatinoamericanokartismoPUROMOTOR2024-104-scaled.jpg\" \/>\n\t<meta property=\"og:image:width\" content=\"2560\" \/>\n\t<meta property=\"og:image:height\" content=\"1440\" \/>\n\t<meta property=\"og:image:type\" content=\"image\/jpeg\" \/>\n<meta name=\"author\" content=\"Randall Gutierrez\" \/>\n<meta name=\"twitter:card\" content=\"summary_large_image\" \/>\n<meta name=\"twitter:label1\" content=\"Escrito por\" \/>\n\t<meta name=\"twitter:data1\" content=\"Randall Gutierrez\" \/>\n\t<meta name=\"twitter:label2\" content=\"Tiempo de lectura\" \/>\n\t<meta name=\"twitter:data2\" content=\"3 minutos\" \/>\n<script type=\"application\/ld+json\" class=\"yoast-schema-graph\">{\"@context\":\"https:\/\/schema.org\",\"@graph\":[{\"@type\":\"Article\",\"@id\":\"https:\/\/rgdeportes.com\/index.php\/2026\/04\/30\/costa-rica-epicentro-del-campeonato-latinoamericano-de-kartismo\/#article\",\"isPartOf\":{\"@id\":\"https:\/\/rgdeportes.com\/index.php\/2026\/04\/30\/costa-rica-epicentro-del-campeonato-latinoamericano-de-kartismo\/\"},\"author\":{\"name\":\"Randall Gutierrez\",\"@id\":\"https:\/\/rgdeportes.com\/#\/schema\/person\/91795323fddb335a4fd017bf0e4b1358\"},\"headline\":\"Costa Rica epicentro del Campeonato Latinoamericano de Kartismo\",\"datePublished\":\"2026-04-30T21:35:37+00:00\",\"dateModified\":\"2026-04-30T21:35:38+00:00\",\"mainEntityOfPage\":{\"@id\":\"https:\/\/rgdeportes.com\/index.php\/2026\/04\/30\/costa-rica-epicentro-del-campeonato-latinoamericano-de-kartismo\/\"},\"wordCount\":463,\"publisher\":{\"@id\":\"https:\/\/rgdeportes.com\/#organization\"},\"keywords\":[\"#acekcostarics\",\"#Kartismocr\",\"#kartismolatino\"],\"articleSection\":[\"Deportes de motor\"],\"inLanguage\":\"es\"},{\"@type\":\"WebPage\",\"@id\":\"https:\/\/rgdeportes.com\/index.php\/2026\/04\/30\/costa-rica-epicentro-del-campeonato-latinoamericano-de-kartismo\/\",\"url\":\"https:\/\/rgdeportes.com\/index.php\/2026\/04\/30\/costa-rica-epicentro-del-campeonato-latinoamericano-de-kartismo\/\",\"name\":\"Costa Rica epicentro del Campeonato Latinoamericano de Kartismo - RG Deportes\u200e\",\"isPartOf\":{\"@id\":\"https:\/\/rgdeportes.com\/#website\"},\"datePublished\":\"2026-04-30T21:35:37+00:00\",\"dateModified\":\"2026-04-30T21:35:38+00:00\",\"breadcrumb\":{\"@id\":\"https:\/\/rgdeportes.com\/index.php\/2026\/04\/30\/costa-rica-epicentro-del-campeonato-latinoamericano-de-kartismo\/#breadcrumb\"},\"inLanguage\":\"es\",\"potentialAction\":[{\"@type\":\"ReadAction\",\"target\":[\"https:\/\/rgdeportes.com\/index.php\/2026\/04\/30\/costa-rica-epicentro-del-campeonato-latinoamericano-de-kartismo\/\"]}]},{\"@type\":\"BreadcrumbList\",\"@id\":\"https:\/\/rgdeportes.com\/index.php\/2026\/04\/30\/costa-rica-epicentro-del-campeonato-latinoamericano-de-kartismo\/#breadcrumb\",\"itemListElement\":[{\"@type\":\"ListItem\",\"position\":1,\"name\":\"Portada\",\"item\":\"https:\/\/rgdeportes.com\/\"},{\"@type\":\"ListItem\",\"position\":2,\"name\":\"Costa Rica epicentro del Campeonato Latinoamericano de Kartismo\"}]},{\"@type\":\"WebSite\",\"@id\":\"https:\/\/rgdeportes.com\/#website\",\"url\":\"https:\/\/rgdeportes.com\/\",\"name\":\"RG Deportes\u200e\",\"description\":\"\",\"publisher\":{\"@id\":\"https:\/\/rgdeportes.com\/#organization\"},\"potentialAction\":[{\"@type\":\"SearchAction\",\"target\":{\"@type\":\"EntryPoint\",\"urlTemplate\":\"https:\/\/rgdeportes.com\/?s={search_term_string}\"},\"query-input\":\"required name=search_term_string\"}],\"inLanguage\":\"es\"},{\"@type\":\"Organization\",\"@id\":\"https:\/\/rgdeportes.com\/#organization\",\"name\":\"RG Deportes\",\"url\":\"https:\/\/rgdeportes.com\/\",\"logo\":{\"@type\":\"ImageObject\",\"inLanguage\":\"es\",\"@id\":\"https:\/\/rgdeportes.com\/#\/schema\/logo\/image\/\",\"url\":\"https:\/\/rgdeportes.com\/wp-content\/uploads\/2020\/09\/Logo.png\",\"contentUrl\":\"https:\/\/rgdeportes.com\/wp-content\/uploads\/2020\/09\/Logo.png\",\"width\":784,\"height\":552,\"caption\":\"RG Deportes\"},\"image\":{\"@id\":\"https:\/\/rgdeportes.com\/#\/schema\/logo\/image\/\"},\"sameAs\":[\"https:\/\/www.facebook.com\/RandallGutierrezDeportes\/\",\"https:\/\/www.instagram.com\/randallgutierrezdeportes\/\",\"https:\/\/www.youtube.com\/channel\/UCX4_qbvtnTwoF5t2zNqBDvA\"]},{\"@type\":\"Person\",\"@id\":\"https:\/\/rgdeportes.com\/#\/schema\/person\/91795323fddb335a4fd017bf0e4b1358\",\"name\":\"Randall Gutierrez\",\"image\":{\"@type\":\"ImageObject\",\"inLanguage\":\"es\",\"@id\":\"https:\/\/rgdeportes.com\/#\/schema\/person\/image\/\",\"url\":\"https:\/\/secure.gravatar.com\/avatar\/d0884ea8b9b50bcfad3c0d20049361b5?s=96&d=mm&r=g\",\"contentUrl\":\"https:\/\/secure.gravatar.com\/avatar\/d0884ea8b9b50bcfad3c0d20049361b5?s=96&d=mm&r=g\",\"caption\":\"Randall Gutierrez\"},\"url\":\"https:\/\/rgdeportes.com\/index.php\/author\/randall\/\"}]}<\/script>\n<!-- \/ Yoast SEO plugin. -->","yoast_head_json":{"title":"Costa Rica epicentro del Campeonato Latinoamericano de Kartismo - RG Deportes\u200e","robots":{"index":"index","follow":"follow","max-snippet":"max-snippet:-1","max-image-preview":"max-image-preview:large","max-video-preview":"max-video-preview:-1"},"canonical":"https:\/\/rgdeportes.com\/index.php\/2026\/04\/30\/costa-rica-epicentro-del-campeonato-latinoamericano-de-kartismo\/","og_locale":"es_ES","og_type":"article","og_title":"Costa Rica epicentro del Campeonato Latinoamericano de Kartismo - RG Deportes\u200e","og_description":"Se vienen las emociones, la velocidad y la destreza en los pilotos para competir de manera categorica en el Campeonato Latinoamericano de Kartismo 2026, donde el mismo est\u00e1 pactado a&hellip;","og_url":"https:\/\/rgdeportes.com\/index.php\/2026\/04\/30\/costa-rica-epicentro-del-campeonato-latinoamericano-de-kartismo\/","og_site_name":"RG Deportes\u200e","article_publisher":"https:\/\/www.facebook.com\/RandallGutierrezDeportes\/","article_published_time":"2026-04-30T21:35:37+00:00","article_modified_time":"2026-04-30T21:35:38+00:00","og_image":[{"width":2560,"height":1440,"url":"http:\/\/rgdeportes.com\/wp-content\/uploads\/2026\/04\/LatinoamericanokartismoPUROMOTOR2024-104-scaled.jpg","type":"image\/jpeg"}],"author":"Randall Gutierrez","twitter_card":"summary_large_image","twitter_misc":{"Escrito por":"Randall Gutierrez","Tiempo de lectura":"3 minutos"},"schema":{"@context":"https:\/\/schema.org","@graph":[{"@type":"Article","@id":"https:\/\/rgdeportes.com\/index.php\/2026\/04\/30\/costa-rica-epicentro-del-campeonato-latinoamericano-de-kartismo\/#article","isPartOf":{"@id":"https:\/\/rgdeportes.com\/index.php\/2026\/04\/30\/costa-rica-epicentro-del-campeonato-latinoamericano-de-kartismo\/"},"author":{"name":"Randall Gutierrez","@id":"https:\/\/rgdeportes.com\/#\/schema\/person\/91795323fddb335a4fd017bf0e4b1358"},"headline":"Costa Rica epicentro del Campeonato Latinoamericano de Kartismo","datePublished":"2026-04-30T21:35:37+00:00","dateModified":"2026-04-30T21:35:38+00:00","mainEntityOfPage":{"@id":"https:\/\/rgdeportes.com\/index.php\/2026\/04\/30\/costa-rica-epicentro-del-campeonato-latinoamericano-de-kartismo\/"},"wordCount":463,"publisher":{"@id":"https:\/\/rgdeportes.com\/#organization"},"keywords":["#acekcostarics","#Kartismocr","#kartismolatino"],"articleSection":["Deportes de motor"],"inLanguage":"es"},{"@type":"WebPage","@id":"https:\/\/rgdeportes.com\/index.php\/2026\/04\/30\/costa-rica-epicentro-del-campeonato-latinoamericano-de-kartismo\/","url":"https:\/\/rgdeportes.com\/index.php\/2026\/04\/30\/costa-rica-epicentro-del-campeonato-latinoamericano-de-kartismo\/","name":"Costa Rica epicentro del Campeonato Latinoamericano de Kartismo - RG Deportes\u200e","isPartOf":{"@id":"https:\/\/rgdeportes.com\/#website"},"datePublished":"2026-04-30T21:35:37+00:00","dateModified":"2026-04-30T21:35:38+00:00","breadcrumb":{"@id":"https:\/\/rgdeportes.com\/index.php\/2026\/04\/30\/costa-rica-epicentro-del-campeonato-latinoamericano-de-kartismo\/#breadcrumb"},"inLanguage":"es","potentialAction":[{"@type":"ReadAction","target":["https:\/\/rgdeportes.com\/index.php\/2026\/04\/30\/costa-rica-epicentro-del-campeonato-latinoamericano-de-kartismo\/"]}]},{"@type":"BreadcrumbList","@id":"https:\/\/rgdeportes.com\/index.php\/2026\/04\/30\/costa-rica-epicentro-del-campeonato-latinoamericano-de-kartismo\/#breadcrumb","itemListElement":[{"@type":"ListItem","position":1,"name":"Portada","item":"https:\/\/rgdeportes.com\/"},{"@type":"ListItem","position":2,"name":"Costa Rica epicentro del Campeonato Latinoamericano de Kartismo"}]},{"@type":"WebSite","@id":"https:\/\/rgdeportes.com\/#website","url":"https:\/\/rgdeportes.com\/","name":"RG Deportes\u200e","description":"","publisher":{"@id":"https:\/\/rgdeportes.com\/#organization"},"potentialAction":[{"@type":"SearchAction","target":{"@type":"EntryPoint","urlTemplate":"https:\/\/rgdeportes.com\/?s={search_term_string}"},"query-input":"required name=search_term_string"}],"inLanguage":"es"},{"@type":"Organization","@id":"https:\/\/rgdeportes.com\/#organization","name":"RG Deportes","url":"https:\/\/rgdeportes.com\/","logo":{"@type":"ImageObject","inLanguage":"es","@id":"https:\/\/rgdeportes.com\/#\/schema\/logo\/image\/","url":"https:\/\/rgdeportes.com\/wp-content\/uploads\/2020\/09\/Logo.png","contentUrl":"https:\/\/rgdeportes.com\/wp-content\/uploads\/2020\/09\/Logo.png","width":784,"height":552,"caption":"RG Deportes"},"image":{"@id":"https:\/\/rgdeportes.com\/#\/schema\/logo\/image\/"},"sameAs":["https:\/\/www.facebook.com\/RandallGutierrezDeportes\/","https:\/\/www.instagram.com\/randallgutierrezdeportes\/","https:\/\/www.youtube.com\/channel\/UCX4_qbvtnTwoF5t2zNqBDvA"]},{"@type":"Person","@id":"https:\/\/rgdeportes.com\/#\/schema\/person\/91795323fddb335a4fd017bf0e4b1358","name":"Randall Gutierrez","image":{"@type":"ImageObject","inLanguage":"es","@id":"https:\/\/rgdeportes.com\/#\/schema\/person\/image\/","url":"https:\/\/secure.gravatar.com\/avatar\/d0884ea8b9b50bcfad3c0d20049361b5?s=96&d=mm&r=g","contentUrl":"https:\/\/secure.gravatar.com\/avatar\/d0884ea8b9b50bcfad3c0d20049361b5?s=96&d=mm&r=g","caption":"Randall Gutierrez"},"url":"https:\/\/rgdeportes.com\/index.php\/author\/randall\/"}]}},"_links":{"self":[{"href":"https:\/\/rgdeportes.com\/index.php\/wp-json\/wp\/v2\/posts\/11359","targetHints":{"allow":["GET"]}}],"collection":[{"href":"https:\/\/rgdeportes.com\/index.php\/wp-json\/wp\/v2\/posts"}],"about":[{"href":"https:\/\/rgdeportes.com\/index.php\/wp-json\/wp\/v2\/types\/post"}],"author":[{"embeddable":true,"href":"https:\/\/rgdeportes.com\/index.php\/wp-json\/wp\/v2\/users\/2"}],"replies":[{"embeddable":true,"href":"https:\/\/rgdeportes.com\/index.php\/wp-json\/wp\/v2\/comments?post=11359"}],"version-history":[{"count":1,"href":"https:\/\/rgdeportes.com\/index.php\/wp-json\/wp\/v2\/posts\/11359\/revisions"}],"predecessor-version":[{"id":11362,"href":"https:\/\/rgdeportes.com\/index.php\/wp-json\/wp\/v2\/posts\/11359\/revisions\/11362"}],"wp:featuredmedia":[{"embeddable":true,"href":"https:\/\/rgdeportes.com\/index.php\/wp-json\/wp\/v2\/media\/11358"}],"wp:attachment":[{"href":"https:\/\/rgdeportes.com\/index.php\/wp-json\/wp\/v2\/media?parent=11359"}],"wp:term":[{"taxonomy":"category","embeddable":true,"href":"https:\/\/rgdeportes.com\/index.php\/wp-json\/wp\/v2\/categories?post=11359"},{"taxonomy":"post_tag","embeddable":true,"href":"https:\/\/rgdeportes.com\/index.php\/wp-json\/wp\/v2\/tags?post=11359"}],"curies":[{"name":"wp","href":"https:\/\/api.w.org\/{rel}","templated":true}]}}