{"id":11349,"date":"2026-04-29T20:09:10","date_gmt":"2026-04-29T20:09:10","guid":{"rendered":"https:\/\/rgdeportes.com\/?p=11349"},"modified":"2026-04-29T20:09:11","modified_gmt":"2026-04-29T20:09:11","slug":"siquirres-vibro-con-el-campeonato-nacional-de-atletismo","status":"publish","type":"post","link":"https:\/\/rgdeportes.com\/index.php\/2026\/04\/29\/siquirres-vibro-con-el-campeonato-nacional-de-atletismo\/","title":{"rendered":"Siquirres vibr\u00f3 con el Campeonato Nacional de Atletismo"},"content":{"rendered":"\n<figure class=\"wp-block-image size-large\"><img loading=\"lazy\" decoding=\"async\" width=\"1024\" height=\"683\" src=\"https:\/\/rgdeportes.com\/wp-content\/uploads\/2026\/04\/89b9d805-f04d-4b5f-9a8c-d6035066f860-1024x683.jpeg\" alt=\"\" class=\"wp-image-11350\" srcset=\"https:\/\/rgdeportes.com\/wp-content\/uploads\/2026\/04\/89b9d805-f04d-4b5f-9a8c-d6035066f860-1024x683.jpeg 1024w, https:\/\/rgdeportes.com\/wp-content\/uploads\/2026\/04\/89b9d805-f04d-4b5f-9a8c-d6035066f860-300x200.jpeg 300w, https:\/\/rgdeportes.com\/wp-content\/uploads\/2026\/04\/89b9d805-f04d-4b5f-9a8c-d6035066f860-768x512.jpeg 768w, https:\/\/rgdeportes.com\/wp-content\/uploads\/2026\/04\/89b9d805-f04d-4b5f-9a8c-d6035066f860-1536x1024.jpeg 1536w, https:\/\/rgdeportes.com\/wp-content\/uploads\/2026\/04\/89b9d805-f04d-4b5f-9a8c-d6035066f860-2048x1365.jpeg 2048w\" sizes=\"auto, (max-width: 1024px) 100vw, 1024px\" \/><\/figure>\n\n\n\n<p>La pista de atletismo del Polideportivo de Siquirres, en la provincia de Lim\u00f3n, fue el escenario donde se consagraron los primeros campeones nacionales del atletismo costarricense 2026, en el marco del Campeonato Nacional de las categor\u00edas U-18 y U-20.<\/p>\n\n\n\n<p>Un total de 341 atletas inscritos se dieron cita en este importante evento, enfrentando no solo a sus rivales, sino tambi\u00e9n a condiciones clim\u00e1ticas adversas propias del Caribe costarricense, marcadas por niebla, lluvias constantes y fuertes vientos durante todo el fin de semana.<\/p>\n\n\n\n<p>A pesar de ello, el compromiso, la disciplina y el alto nivel competitivo de los participantes prevalecieron, reflejando meses de preparaci\u00f3n junto a sus entrenadores, as\u00ed como el valioso apoyo de familiares y amigos que se trasladaron hasta el cant\u00f3n de Siquirres para respaldar a los j\u00f3venes talentos.<\/p>\n\n\n\n<p>Entre los aspectos m\u00e1s destacados del campeonato, sobresalen atletas que comienzan a perfilarse con fuerza hacia las categor\u00edas U-23 y la \u00e9lite nacional:<\/p>\n\n\n\n<p>Rihana Mora Saint Riel (CCDR Coto Brus), de tan solo 17 a\u00f1os, fue la atleta m\u00e1s destacada en la categor\u00eda U-18, al obtener el mayor puntaje individual del evento (990 puntos) gracias a su marca en los 100 metros planos. Adem\u00e1s, se proclam\u00f3 campeona nacional en las pruebas de 100 y 200 metros planos.<\/p>\n\n\n\n<figure class=\"wp-block-image size-large\"><img loading=\"lazy\" decoding=\"async\" width=\"1024\" height=\"683\" src=\"https:\/\/rgdeportes.com\/wp-content\/uploads\/2026\/04\/b7ef5e4f-56e0-4465-a39d-6d9093912efc-1024x683.jpeg\" alt=\"\" class=\"wp-image-11351\" srcset=\"https:\/\/rgdeportes.com\/wp-content\/uploads\/2026\/04\/b7ef5e4f-56e0-4465-a39d-6d9093912efc-1024x683.jpeg 1024w, https:\/\/rgdeportes.com\/wp-content\/uploads\/2026\/04\/b7ef5e4f-56e0-4465-a39d-6d9093912efc-300x200.jpeg 300w, https:\/\/rgdeportes.com\/wp-content\/uploads\/2026\/04\/b7ef5e4f-56e0-4465-a39d-6d9093912efc-768x512.jpeg 768w, https:\/\/rgdeportes.com\/wp-content\/uploads\/2026\/04\/b7ef5e4f-56e0-4465-a39d-6d9093912efc-1536x1024.jpeg 1536w, https:\/\/rgdeportes.com\/wp-content\/uploads\/2026\/04\/b7ef5e4f-56e0-4465-a39d-6d9093912efc-2048x1365.jpeg 2048w\" sizes=\"auto, (max-width: 1024px) 100vw, 1024px\" \/><\/figure>\n\n\n\n<p>Diego Rodr\u00edguez Acosta (Cartago, U-18) brill\u00f3 en las pruebas de medio fondo y fondo, adjudic\u00e1ndose tres t\u00edtulos nacionales en 800, 1500 y 3000 metros planos.<\/p>\n\n\n\n<p>Ferdinand Alejandro Solano Torres (San Jos\u00e9, U-20) domin\u00f3 las pruebas de campo, alcanzando dos t\u00edtulos nacionales en salto alto y salto triple.<\/p>\n\n\n\n<p>Jurgen Andre Mongalo Guzm\u00e1n (Siquirres, U-20) destac\u00f3 como representante local, imponi\u00e9ndose en los 800 y 1500 metros planos.<\/p>\n\n\n\n<p>El evento fue organizado por la Federaci\u00f3n Costarricense de Atletismo (FECOA), con el valioso apoyo del Comit\u00e9 Cantonal de Deporte y Recreaci\u00f3n de Siquirres y la Municipalidad de Siquirres, quienes unieron esfuerzos para posicionar a la localidad como sede de este importante campeonato nacional.<\/p>\n\n\n\n<p>Asimismo, se reconoce el trabajo del equipo t\u00e9cnico, jueces, staff operativo, entrenadores y voluntarios t\u00e9cnicos, quienes garantizaron el desarrollo exitoso de todas las competencias, pese a las condiciones clim\u00e1ticas adversas.<\/p>\n\n\n\n<p>De manera especial, la FECOA extiende un sincero agradecimiento a Electrolit, patrocinador oficial del evento, por su respaldo al atletismo nacional y su compromiso con el rendimiento y la hidrataci\u00f3n de nuestros atletas.<\/p>\n\n\n\n<p>Pr\u00f3ximo evento del calendario nacional:<\/p>\n\n\n\n<p>Torneo Abierto de Atletismo 2026<\/p>\n\n\n\n<p>Pista Rafael \u00c1ngel P\u00e9rez C\u00f3rdoba, Ciudad Deportiva Heiner Ugalde, Hatillo 2<\/p>\n\n\n\n<p>Los d\u00edas 25 y 26 de abril de 2026<\/p>\n","protected":false},"excerpt":{"rendered":"<p>La pista de atletismo del Polideportivo de Siquirres, en la provincia de Lim\u00f3n, fue el escenario donde se consagraron los primeros campeones nacionales del atletismo costarricense 2026, en el marco&hellip; <\/p>\n","protected":false},"author":2,"featured_media":11350,"comment_status":"closed","ping_status":"closed","sticky":false,"template":"","format":"standard","meta":{"om_disable_all_campaigns":false,"_monsterinsights_skip_tracking":false,"_monsterinsights_sitenote_active":false,"_monsterinsights_sitenote_note":"","_monsterinsights_sitenote_category":0,"footnotes":""},"categories":[9],"tags":[3512],"class_list":["post-11349","post","type-post","status-publish","format-standard","has-post-thumbnail","hentry","category-na","tag-atletismosiquirres"],"aioseo_notices":[],"yoast_head":"<!-- This site is optimized with the Yoast SEO plugin v21.2 - https:\/\/yoast.com\/wordpress\/plugins\/seo\/ -->\n<title>Siquirres vibr\u00f3 con el Campeonato Nacional de Atletismo - RG Deportes\u200e<\/title>\n<meta name=\"robots\" content=\"index, follow, max-snippet:-1, max-image-preview:large, max-video-preview:-1\" \/>\n<link rel=\"canonical\" href=\"https:\/\/rgdeportes.com\/index.php\/2026\/04\/29\/siquirres-vibro-con-el-campeonato-nacional-de-atletismo\/\" \/>\n<meta property=\"og:locale\" content=\"es_ES\" \/>\n<meta property=\"og:type\" content=\"article\" \/>\n<meta property=\"og:title\" content=\"Siquirres vibr\u00f3 con el Campeonato Nacional de Atletismo - RG Deportes\u200e\" \/>\n<meta property=\"og:description\" content=\"La pista de atletismo del Polideportivo de Siquirres, en la provincia de Lim\u00f3n, fue el escenario donde se consagraron los primeros campeones nacionales del atletismo costarricense 2026, en el marco&hellip;\" \/>\n<meta property=\"og:url\" content=\"https:\/\/rgdeportes.com\/index.php\/2026\/04\/29\/siquirres-vibro-con-el-campeonato-nacional-de-atletismo\/\" \/>\n<meta property=\"og:site_name\" content=\"RG Deportes\u200e\" \/>\n<meta property=\"article:publisher\" content=\"https:\/\/www.facebook.com\/RandallGutierrezDeportes\/\" \/>\n<meta property=\"article:published_time\" content=\"2026-04-29T20:09:10+00:00\" \/>\n<meta property=\"article:modified_time\" content=\"2026-04-29T20:09:11+00:00\" \/>\n<meta property=\"og:image\" content=\"http:\/\/rgdeportes.com\/wp-content\/uploads\/2026\/04\/89b9d805-f04d-4b5f-9a8c-d6035066f860-scaled.jpeg\" \/>\n\t<meta property=\"og:image:width\" content=\"2560\" \/>\n\t<meta property=\"og:image:height\" content=\"1707\" \/>\n\t<meta property=\"og:image:type\" content=\"image\/jpeg\" \/>\n<meta name=\"author\" content=\"Randall Gutierrez\" \/>\n<meta name=\"twitter:card\" content=\"summary_large_image\" \/>\n<meta name=\"twitter:label1\" content=\"Escrito por\" \/>\n\t<meta name=\"twitter:data1\" content=\"Randall Gutierrez\" \/>\n\t<meta name=\"twitter:label2\" content=\"Tiempo de lectura\" \/>\n\t<meta name=\"twitter:data2\" content=\"3 minutos\" \/>\n<script type=\"application\/ld+json\" class=\"yoast-schema-graph\">{\"@context\":\"https:\/\/schema.org\",\"@graph\":[{\"@type\":\"Article\",\"@id\":\"https:\/\/rgdeportes.com\/index.php\/2026\/04\/29\/siquirres-vibro-con-el-campeonato-nacional-de-atletismo\/#article\",\"isPartOf\":{\"@id\":\"https:\/\/rgdeportes.com\/index.php\/2026\/04\/29\/siquirres-vibro-con-el-campeonato-nacional-de-atletismo\/\"},\"author\":{\"name\":\"Randall Gutierrez\",\"@id\":\"https:\/\/rgdeportes.com\/#\/schema\/person\/91795323fddb335a4fd017bf0e4b1358\"},\"headline\":\"Siquirres vibr\u00f3 con el Campeonato Nacional de Atletismo\",\"datePublished\":\"2026-04-29T20:09:10+00:00\",\"dateModified\":\"2026-04-29T20:09:11+00:00\",\"mainEntityOfPage\":{\"@id\":\"https:\/\/rgdeportes.com\/index.php\/2026\/04\/29\/siquirres-vibro-con-el-campeonato-nacional-de-atletismo\/\"},\"wordCount\":429,\"publisher\":{\"@id\":\"https:\/\/rgdeportes.com\/#organization\"},\"keywords\":[\"#AtletismoSiquirres\"],\"articleSection\":[\"Nacionales\"],\"inLanguage\":\"es\"},{\"@type\":\"WebPage\",\"@id\":\"https:\/\/rgdeportes.com\/index.php\/2026\/04\/29\/siquirres-vibro-con-el-campeonato-nacional-de-atletismo\/\",\"url\":\"https:\/\/rgdeportes.com\/index.php\/2026\/04\/29\/siquirres-vibro-con-el-campeonato-nacional-de-atletismo\/\",\"name\":\"Siquirres vibr\u00f3 con el Campeonato Nacional de Atletismo - RG Deportes\u200e\",\"isPartOf\":{\"@id\":\"https:\/\/rgdeportes.com\/#website\"},\"datePublished\":\"2026-04-29T20:09:10+00:00\",\"dateModified\":\"2026-04-29T20:09:11+00:00\",\"breadcrumb\":{\"@id\":\"https:\/\/rgdeportes.com\/index.php\/2026\/04\/29\/siquirres-vibro-con-el-campeonato-nacional-de-atletismo\/#breadcrumb\"},\"inLanguage\":\"es\",\"potentialAction\":[{\"@type\":\"ReadAction\",\"target\":[\"https:\/\/rgdeportes.com\/index.php\/2026\/04\/29\/siquirres-vibro-con-el-campeonato-nacional-de-atletismo\/\"]}]},{\"@type\":\"BreadcrumbList\",\"@id\":\"https:\/\/rgdeportes.com\/index.php\/2026\/04\/29\/siquirres-vibro-con-el-campeonato-nacional-de-atletismo\/#breadcrumb\",\"itemListElement\":[{\"@type\":\"ListItem\",\"position\":1,\"name\":\"Portada\",\"item\":\"https:\/\/rgdeportes.com\/\"},{\"@type\":\"ListItem\",\"position\":2,\"name\":\"Siquirres vibr\u00f3 con el Campeonato Nacional de Atletismo\"}]},{\"@type\":\"WebSite\",\"@id\":\"https:\/\/rgdeportes.com\/#website\",\"url\":\"https:\/\/rgdeportes.com\/\",\"name\":\"RG Deportes\u200e\",\"description\":\"\",\"publisher\":{\"@id\":\"https:\/\/rgdeportes.com\/#organization\"},\"potentialAction\":[{\"@type\":\"SearchAction\",\"target\":{\"@type\":\"EntryPoint\",\"urlTemplate\":\"https:\/\/rgdeportes.com\/?s={search_term_string}\"},\"query-input\":\"required name=search_term_string\"}],\"inLanguage\":\"es\"},{\"@type\":\"Organization\",\"@id\":\"https:\/\/rgdeportes.com\/#organization\",\"name\":\"RG Deportes\",\"url\":\"https:\/\/rgdeportes.com\/\",\"logo\":{\"@type\":\"ImageObject\",\"inLanguage\":\"es\",\"@id\":\"https:\/\/rgdeportes.com\/#\/schema\/logo\/image\/\",\"url\":\"https:\/\/rgdeportes.com\/wp-content\/uploads\/2020\/09\/Logo.png\",\"contentUrl\":\"https:\/\/rgdeportes.com\/wp-content\/uploads\/2020\/09\/Logo.png\",\"width\":784,\"height\":552,\"caption\":\"RG Deportes\"},\"image\":{\"@id\":\"https:\/\/rgdeportes.com\/#\/schema\/logo\/image\/\"},\"sameAs\":[\"https:\/\/www.facebook.com\/RandallGutierrezDeportes\/\",\"https:\/\/www.instagram.com\/randallgutierrezdeportes\/\",\"https:\/\/www.youtube.com\/channel\/UCX4_qbvtnTwoF5t2zNqBDvA\"]},{\"@type\":\"Person\",\"@id\":\"https:\/\/rgdeportes.com\/#\/schema\/person\/91795323fddb335a4fd017bf0e4b1358\",\"name\":\"Randall Gutierrez\",\"image\":{\"@type\":\"ImageObject\",\"inLanguage\":\"es\",\"@id\":\"https:\/\/rgdeportes.com\/#\/schema\/person\/image\/\",\"url\":\"https:\/\/secure.gravatar.com\/avatar\/d0884ea8b9b50bcfad3c0d20049361b5?s=96&d=mm&r=g\",\"contentUrl\":\"https:\/\/secure.gravatar.com\/avatar\/d0884ea8b9b50bcfad3c0d20049361b5?s=96&d=mm&r=g\",\"caption\":\"Randall Gutierrez\"},\"url\":\"https:\/\/rgdeportes.com\/index.php\/author\/randall\/\"}]}<\/script>\n<!-- \/ Yoast SEO plugin. -->","yoast_head_json":{"title":"Siquirres vibr\u00f3 con el Campeonato Nacional de Atletismo - RG Deportes\u200e","robots":{"index":"index","follow":"follow","max-snippet":"max-snippet:-1","max-image-preview":"max-image-preview:large","max-video-preview":"max-video-preview:-1"},"canonical":"https:\/\/rgdeportes.com\/index.php\/2026\/04\/29\/siquirres-vibro-con-el-campeonato-nacional-de-atletismo\/","og_locale":"es_ES","og_type":"article","og_title":"Siquirres vibr\u00f3 con el Campeonato Nacional de Atletismo - RG Deportes\u200e","og_description":"La pista de atletismo del Polideportivo de Siquirres, en la provincia de Lim\u00f3n, fue el escenario donde se consagraron los primeros campeones nacionales del atletismo costarricense 2026, en el marco&hellip;","og_url":"https:\/\/rgdeportes.com\/index.php\/2026\/04\/29\/siquirres-vibro-con-el-campeonato-nacional-de-atletismo\/","og_site_name":"RG Deportes\u200e","article_publisher":"https:\/\/www.facebook.com\/RandallGutierrezDeportes\/","article_published_time":"2026-04-29T20:09:10+00:00","article_modified_time":"2026-04-29T20:09:11+00:00","og_image":[{"width":2560,"height":1707,"url":"http:\/\/rgdeportes.com\/wp-content\/uploads\/2026\/04\/89b9d805-f04d-4b5f-9a8c-d6035066f860-scaled.jpeg","type":"image\/jpeg"}],"author":"Randall Gutierrez","twitter_card":"summary_large_image","twitter_misc":{"Escrito por":"Randall Gutierrez","Tiempo de lectura":"3 minutos"},"schema":{"@context":"https:\/\/schema.org","@graph":[{"@type":"Article","@id":"https:\/\/rgdeportes.com\/index.php\/2026\/04\/29\/siquirres-vibro-con-el-campeonato-nacional-de-atletismo\/#article","isPartOf":{"@id":"https:\/\/rgdeportes.com\/index.php\/2026\/04\/29\/siquirres-vibro-con-el-campeonato-nacional-de-atletismo\/"},"author":{"name":"Randall Gutierrez","@id":"https:\/\/rgdeportes.com\/#\/schema\/person\/91795323fddb335a4fd017bf0e4b1358"},"headline":"Siquirres vibr\u00f3 con el Campeonato Nacional de Atletismo","datePublished":"2026-04-29T20:09:10+00:00","dateModified":"2026-04-29T20:09:11+00:00","mainEntityOfPage":{"@id":"https:\/\/rgdeportes.com\/index.php\/2026\/04\/29\/siquirres-vibro-con-el-campeonato-nacional-de-atletismo\/"},"wordCount":429,"publisher":{"@id":"https:\/\/rgdeportes.com\/#organization"},"keywords":["#AtletismoSiquirres"],"articleSection":["Nacionales"],"inLanguage":"es"},{"@type":"WebPage","@id":"https:\/\/rgdeportes.com\/index.php\/2026\/04\/29\/siquirres-vibro-con-el-campeonato-nacional-de-atletismo\/","url":"https:\/\/rgdeportes.com\/index.php\/2026\/04\/29\/siquirres-vibro-con-el-campeonato-nacional-de-atletismo\/","name":"Siquirres vibr\u00f3 con el Campeonato Nacional de Atletismo - RG Deportes\u200e","isPartOf":{"@id":"https:\/\/rgdeportes.com\/#website"},"datePublished":"2026-04-29T20:09:10+00:00","dateModified":"2026-04-29T20:09:11+00:00","breadcrumb":{"@id":"https:\/\/rgdeportes.com\/index.php\/2026\/04\/29\/siquirres-vibro-con-el-campeonato-nacional-de-atletismo\/#breadcrumb"},"inLanguage":"es","potentialAction":[{"@type":"ReadAction","target":["https:\/\/rgdeportes.com\/index.php\/2026\/04\/29\/siquirres-vibro-con-el-campeonato-nacional-de-atletismo\/"]}]},{"@type":"BreadcrumbList","@id":"https:\/\/rgdeportes.com\/index.php\/2026\/04\/29\/siquirres-vibro-con-el-campeonato-nacional-de-atletismo\/#breadcrumb","itemListElement":[{"@type":"ListItem","position":1,"name":"Portada","item":"https:\/\/rgdeportes.com\/"},{"@type":"ListItem","position":2,"name":"Siquirres vibr\u00f3 con el Campeonato Nacional de Atletismo"}]},{"@type":"WebSite","@id":"https:\/\/rgdeportes.com\/#website","url":"https:\/\/rgdeportes.com\/","name":"RG Deportes\u200e","description":"","publisher":{"@id":"https:\/\/rgdeportes.com\/#organization"},"potentialAction":[{"@type":"SearchAction","target":{"@type":"EntryPoint","urlTemplate":"https:\/\/rgdeportes.com\/?s={search_term_string}"},"query-input":"required name=search_term_string"}],"inLanguage":"es"},{"@type":"Organization","@id":"https:\/\/rgdeportes.com\/#organization","name":"RG Deportes","url":"https:\/\/rgdeportes.com\/","logo":{"@type":"ImageObject","inLanguage":"es","@id":"https:\/\/rgdeportes.com\/#\/schema\/logo\/image\/","url":"https:\/\/rgdeportes.com\/wp-content\/uploads\/2020\/09\/Logo.png","contentUrl":"https:\/\/rgdeportes.com\/wp-content\/uploads\/2020\/09\/Logo.png","width":784,"height":552,"caption":"RG Deportes"},"image":{"@id":"https:\/\/rgdeportes.com\/#\/schema\/logo\/image\/"},"sameAs":["https:\/\/www.facebook.com\/RandallGutierrezDeportes\/","https:\/\/www.instagram.com\/randallgutierrezdeportes\/","https:\/\/www.youtube.com\/channel\/UCX4_qbvtnTwoF5t2zNqBDvA"]},{"@type":"Person","@id":"https:\/\/rgdeportes.com\/#\/schema\/person\/91795323fddb335a4fd017bf0e4b1358","name":"Randall Gutierrez","image":{"@type":"ImageObject","inLanguage":"es","@id":"https:\/\/rgdeportes.com\/#\/schema\/person\/image\/","url":"https:\/\/secure.gravatar.com\/avatar\/d0884ea8b9b50bcfad3c0d20049361b5?s=96&d=mm&r=g","contentUrl":"https:\/\/secure.gravatar.com\/avatar\/d0884ea8b9b50bcfad3c0d20049361b5?s=96&d=mm&r=g","caption":"Randall Gutierrez"},"url":"https:\/\/rgdeportes.com\/index.php\/author\/randall\/"}]}},"_links":{"self":[{"href":"https:\/\/rgdeportes.com\/index.php\/wp-json\/wp\/v2\/posts\/11349","targetHints":{"allow":["GET"]}}],"collection":[{"href":"https:\/\/rgdeportes.com\/index.php\/wp-json\/wp\/v2\/posts"}],"about":[{"href":"https:\/\/rgdeportes.com\/index.php\/wp-json\/wp\/v2\/types\/post"}],"author":[{"embeddable":true,"href":"https:\/\/rgdeportes.com\/index.php\/wp-json\/wp\/v2\/users\/2"}],"replies":[{"embeddable":true,"href":"https:\/\/rgdeportes.com\/index.php\/wp-json\/wp\/v2\/comments?post=11349"}],"version-history":[{"count":1,"href":"https:\/\/rgdeportes.com\/index.php\/wp-json\/wp\/v2\/posts\/11349\/revisions"}],"predecessor-version":[{"id":11352,"href":"https:\/\/rgdeportes.com\/index.php\/wp-json\/wp\/v2\/posts\/11349\/revisions\/11352"}],"wp:featuredmedia":[{"embeddable":true,"href":"https:\/\/rgdeportes.com\/index.php\/wp-json\/wp\/v2\/media\/11350"}],"wp:attachment":[{"href":"https:\/\/rgdeportes.com\/index.php\/wp-json\/wp\/v2\/media?parent=11349"}],"wp:term":[{"taxonomy":"category","embeddable":true,"href":"https:\/\/rgdeportes.com\/index.php\/wp-json\/wp\/v2\/categories?post=11349"},{"taxonomy":"post_tag","embeddable":true,"href":"https:\/\/rgdeportes.com\/index.php\/wp-json\/wp\/v2\/tags?post=11349"}],"curies":[{"name":"wp","href":"https:\/\/api.w.org\/{rel}","templated":true}]}}