{"id":11329,"date":"2026-04-26T16:26:52","date_gmt":"2026-04-26T16:26:52","guid":{"rendered":"https:\/\/rgdeportes.com\/?p=11329"},"modified":"2026-04-26T16:26:53","modified_gmt":"2026-04-26T16:26:53","slug":"paratleta-melissa-calvo-impone-record-en-el-abierto-de-atletismo-video","status":"publish","type":"post","link":"https:\/\/rgdeportes.com\/index.php\/2026\/04\/26\/paratleta-melissa-calvo-impone-record-en-el-abierto-de-atletismo-video\/","title":{"rendered":"Paratleta Melissa Calvo impone r\u00e9cord en el Abierto de Atletismo (Video)"},"content":{"rendered":"\n<figure class=\"wp-block-image size-large\"><img loading=\"lazy\" decoding=\"async\" width=\"1024\" height=\"621\" src=\"https:\/\/rgdeportes.com\/wp-content\/uploads\/2026\/04\/IMG-20260426-WA0015-1024x621.jpg\" alt=\"\" class=\"wp-image-11330\" srcset=\"https:\/\/rgdeportes.com\/wp-content\/uploads\/2026\/04\/IMG-20260426-WA0015-1024x621.jpg 1024w, https:\/\/rgdeportes.com\/wp-content\/uploads\/2026\/04\/IMG-20260426-WA0015-300x182.jpg 300w, https:\/\/rgdeportes.com\/wp-content\/uploads\/2026\/04\/IMG-20260426-WA0015-768x466.jpg 768w, https:\/\/rgdeportes.com\/wp-content\/uploads\/2026\/04\/IMG-20260426-WA0015.jpg 1280w\" sizes=\"auto, (max-width: 1024px) 100vw, 1024px\" \/><\/figure>\n\n\n\n<p>El j\u00fabilo de la paratleta Melissa Calvo fue evidente cuando este domingo 26 de abril, logr\u00f3 un nuevo r\u00e9cord para centroamericano en la prueba de los 200 metros planos clase T13, cronometrando 27.66 en el Abierto de Atletismo.<\/p>\n\n\n\n<figure class=\"wp-block-image size-large\"><img loading=\"lazy\" decoding=\"async\" width=\"1024\" height=\"688\" src=\"https:\/\/rgdeportes.com\/wp-content\/uploads\/2026\/04\/IMG-20260426-WA0016-1024x688.jpg\" alt=\"\" class=\"wp-image-11331\" srcset=\"https:\/\/rgdeportes.com\/wp-content\/uploads\/2026\/04\/IMG-20260426-WA0016-1024x688.jpg 1024w, https:\/\/rgdeportes.com\/wp-content\/uploads\/2026\/04\/IMG-20260426-WA0016-300x202.jpg 300w, https:\/\/rgdeportes.com\/wp-content\/uploads\/2026\/04\/IMG-20260426-WA0016-768x516.jpg 768w, https:\/\/rgdeportes.com\/wp-content\/uploads\/2026\/04\/IMG-20260426-WA0016.jpg 1280w\" sizes=\"auto, (max-width: 1024px) 100vw, 1024px\" \/><\/figure>\n\n\n\n<p>Su anterior marca en los 200 metros planos fue hasta hoy de 27.82. efectuada en el Campeonato Mundial de Para Atletismo en Nueva Delhi 2025 donde termin\u00f3 como la s\u00e9ptima mejor del planeta.<\/p>\n\n\n\n<p>\u201cNi en el mejor de mis sue\u00f1os, se que los entrenamientos son un buen par\u00e1metro para ver como estamos, pero solo las competencias dir\u00e1n la verdad. Dos r\u00e9cords para centroamericanos en 24 horas es fabuloso. El s\u00e1bado en 400 metros y este domingo en 200 metros es algo maravilloso\u201d, indic\u00f3 la joven de 26 a\u00f1os de edad.<\/p>\n\n\n\n<p>La competencia se realiz\u00f3 este domingo 26 de abril en la pista Rafael \u00c1ngel P\u00e9rez, ubicada en el Polideportivo Heiner Ugalde en Hatillo 2.<\/p>\n\n\n\n<p>\u201cAgradezco a la Fecoa que nos d\u00e9 un espacio a los paratletas para competir porque si no fuera as\u00ed jam\u00e1s sabr\u00edamos nuestro verdadero nivel\u201d manifest\u00f3 Calvo.<\/p>\n\n\n\n<p>Este s\u00e1bado 25 de abril Melissa Calvo compiti\u00f3 en la prueba de los 400 metros planos logrando establecer un nuevo r\u00e9cord centroamericano de 1:01.25, Su anterior marca fue de 1:01.79 efectuado en el Campeonato Mundial de Para Atletismo Nueva Delhi 2025.<\/p>\n\n\n\n<p>En el pasado Campeonato Mundial en Nueva Delhi, Melissa ocup\u00f3 el quinto lugar del mundo en los 400 metros planos.<\/p>\n\n\n\n<p>Melissa Calvo, estudiante de la carrera de Matem\u00e1ticas en la UCR, es una para atleta de baja visi\u00f3n, glaucoma y ceguera nocturna donde para ella: \u201ccada d\u00eda es un nuevo reto\u201d.<\/p>\n\n\n\n<p><strong>Video<\/strong><\/p>\n\n\n\n<figure class=\"wp-block-embed is-type-video is-provider-youtube wp-block-embed-youtube wp-embed-aspect-16-9 wp-has-aspect-ratio\"><div class=\"wp-block-embed__wrapper\">\n<iframe loading=\"lazy\" title=\"Paratleta Melissa Calvo con nuevo r\u00e9cord. \" width=\"1110\" height=\"624\" src=\"https:\/\/www.youtube.com\/embed\/4nmWJKm0D9o?feature=oembed\" frameborder=\"0\" allow=\"accelerometer; autoplay; clipboard-write; encrypted-media; gyroscope; picture-in-picture; web-share\" referrerpolicy=\"strict-origin-when-cross-origin\" allowfullscreen><\/iframe>\n<\/div><\/figure>\n\n\n\n<p>Fotos &#8211; Prensa CPN<\/p>\n","protected":false},"excerpt":{"rendered":"<p>El j\u00fabilo de la paratleta Melissa Calvo fue evidente cuando este domingo 26 de abril, logr\u00f3 un nuevo r\u00e9cord para centroamericano en la prueba de los 200 metros planos clase&hellip; <\/p>\n","protected":false},"author":2,"featured_media":11330,"comment_status":"closed","ping_status":"closed","sticky":false,"template":"","format":"standard","meta":{"om_disable_all_campaigns":false,"_monsterinsights_skip_tracking":false,"_monsterinsights_sitenote_active":false,"_monsterinsights_sitenote_note":"","_monsterinsights_sitenote_category":0,"footnotes":""},"categories":[11],"tags":[3507,404],"class_list":["post-11329","post","type-post","status-publish","format-standard","has-post-thumbnail","hentry","category-de","tag-abiertoatletismo","tag-paratletamelissacalvo"],"aioseo_notices":[],"yoast_head":"<!-- This site is optimized with the Yoast SEO plugin v21.2 - https:\/\/yoast.com\/wordpress\/plugins\/seo\/ -->\n<title>Paratleta Melissa Calvo impone r\u00e9cord en el Abierto de Atletismo (Video) - RG Deportes\u200e<\/title>\n<meta name=\"robots\" content=\"index, follow, max-snippet:-1, max-image-preview:large, max-video-preview:-1\" \/>\n<link rel=\"canonical\" href=\"https:\/\/rgdeportes.com\/index.php\/2026\/04\/26\/paratleta-melissa-calvo-impone-record-en-el-abierto-de-atletismo-video\/\" \/>\n<meta property=\"og:locale\" content=\"es_ES\" \/>\n<meta property=\"og:type\" content=\"article\" \/>\n<meta property=\"og:title\" content=\"Paratleta Melissa Calvo impone r\u00e9cord en el Abierto de Atletismo (Video) - RG Deportes\u200e\" \/>\n<meta property=\"og:description\" content=\"El j\u00fabilo de la paratleta Melissa Calvo fue evidente cuando este domingo 26 de abril, logr\u00f3 un nuevo r\u00e9cord para centroamericano en la prueba de los 200 metros planos clase&hellip;\" \/>\n<meta property=\"og:url\" content=\"https:\/\/rgdeportes.com\/index.php\/2026\/04\/26\/paratleta-melissa-calvo-impone-record-en-el-abierto-de-atletismo-video\/\" \/>\n<meta property=\"og:site_name\" content=\"RG Deportes\u200e\" \/>\n<meta property=\"article:publisher\" content=\"https:\/\/www.facebook.com\/RandallGutierrezDeportes\/\" \/>\n<meta property=\"article:published_time\" content=\"2026-04-26T16:26:52+00:00\" \/>\n<meta property=\"article:modified_time\" content=\"2026-04-26T16:26:53+00:00\" \/>\n<meta property=\"og:image\" content=\"http:\/\/rgdeportes.com\/wp-content\/uploads\/2026\/04\/IMG-20260426-WA0015.jpg\" \/>\n\t<meta property=\"og:image:width\" content=\"1280\" \/>\n\t<meta property=\"og:image:height\" content=\"776\" \/>\n\t<meta property=\"og:image:type\" content=\"image\/jpeg\" \/>\n<meta name=\"author\" content=\"Randall Gutierrez\" \/>\n<meta name=\"twitter:card\" content=\"summary_large_image\" \/>\n<meta name=\"twitter:label1\" content=\"Escrito por\" \/>\n\t<meta name=\"twitter:data1\" content=\"Randall Gutierrez\" \/>\n\t<meta name=\"twitter:label2\" content=\"Tiempo de lectura\" \/>\n\t<meta name=\"twitter:data2\" content=\"2 minutos\" \/>\n<script type=\"application\/ld+json\" class=\"yoast-schema-graph\">{\"@context\":\"https:\/\/schema.org\",\"@graph\":[{\"@type\":\"Article\",\"@id\":\"https:\/\/rgdeportes.com\/index.php\/2026\/04\/26\/paratleta-melissa-calvo-impone-record-en-el-abierto-de-atletismo-video\/#article\",\"isPartOf\":{\"@id\":\"https:\/\/rgdeportes.com\/index.php\/2026\/04\/26\/paratleta-melissa-calvo-impone-record-en-el-abierto-de-atletismo-video\/\"},\"author\":{\"name\":\"Randall Gutierrez\",\"@id\":\"https:\/\/rgdeportes.com\/#\/schema\/person\/91795323fddb335a4fd017bf0e4b1358\"},\"headline\":\"Paratleta Melissa Calvo impone r\u00e9cord en el Abierto de Atletismo (Video)\",\"datePublished\":\"2026-04-26T16:26:52+00:00\",\"dateModified\":\"2026-04-26T16:26:53+00:00\",\"mainEntityOfPage\":{\"@id\":\"https:\/\/rgdeportes.com\/index.php\/2026\/04\/26\/paratleta-melissa-calvo-impone-record-en-el-abierto-de-atletismo-video\/\"},\"wordCount\":294,\"publisher\":{\"@id\":\"https:\/\/rgdeportes.com\/#organization\"},\"keywords\":[\"#abiertoatletismo\",\"#ParatletaMelissaCalvo\"],\"articleSection\":[\"Deporte\"],\"inLanguage\":\"es\"},{\"@type\":\"WebPage\",\"@id\":\"https:\/\/rgdeportes.com\/index.php\/2026\/04\/26\/paratleta-melissa-calvo-impone-record-en-el-abierto-de-atletismo-video\/\",\"url\":\"https:\/\/rgdeportes.com\/index.php\/2026\/04\/26\/paratleta-melissa-calvo-impone-record-en-el-abierto-de-atletismo-video\/\",\"name\":\"Paratleta Melissa Calvo impone r\u00e9cord en el Abierto de Atletismo (Video) - RG Deportes\u200e\",\"isPartOf\":{\"@id\":\"https:\/\/rgdeportes.com\/#website\"},\"datePublished\":\"2026-04-26T16:26:52+00:00\",\"dateModified\":\"2026-04-26T16:26:53+00:00\",\"breadcrumb\":{\"@id\":\"https:\/\/rgdeportes.com\/index.php\/2026\/04\/26\/paratleta-melissa-calvo-impone-record-en-el-abierto-de-atletismo-video\/#breadcrumb\"},\"inLanguage\":\"es\",\"potentialAction\":[{\"@type\":\"ReadAction\",\"target\":[\"https:\/\/rgdeportes.com\/index.php\/2026\/04\/26\/paratleta-melissa-calvo-impone-record-en-el-abierto-de-atletismo-video\/\"]}]},{\"@type\":\"BreadcrumbList\",\"@id\":\"https:\/\/rgdeportes.com\/index.php\/2026\/04\/26\/paratleta-melissa-calvo-impone-record-en-el-abierto-de-atletismo-video\/#breadcrumb\",\"itemListElement\":[{\"@type\":\"ListItem\",\"position\":1,\"name\":\"Portada\",\"item\":\"https:\/\/rgdeportes.com\/\"},{\"@type\":\"ListItem\",\"position\":2,\"name\":\"Paratleta Melissa Calvo impone r\u00e9cord en el Abierto de Atletismo (Video)\"}]},{\"@type\":\"WebSite\",\"@id\":\"https:\/\/rgdeportes.com\/#website\",\"url\":\"https:\/\/rgdeportes.com\/\",\"name\":\"RG Deportes\u200e\",\"description\":\"\",\"publisher\":{\"@id\":\"https:\/\/rgdeportes.com\/#organization\"},\"potentialAction\":[{\"@type\":\"SearchAction\",\"target\":{\"@type\":\"EntryPoint\",\"urlTemplate\":\"https:\/\/rgdeportes.com\/?s={search_term_string}\"},\"query-input\":\"required name=search_term_string\"}],\"inLanguage\":\"es\"},{\"@type\":\"Organization\",\"@id\":\"https:\/\/rgdeportes.com\/#organization\",\"name\":\"RG Deportes\",\"url\":\"https:\/\/rgdeportes.com\/\",\"logo\":{\"@type\":\"ImageObject\",\"inLanguage\":\"es\",\"@id\":\"https:\/\/rgdeportes.com\/#\/schema\/logo\/image\/\",\"url\":\"https:\/\/rgdeportes.com\/wp-content\/uploads\/2020\/09\/Logo.png\",\"contentUrl\":\"https:\/\/rgdeportes.com\/wp-content\/uploads\/2020\/09\/Logo.png\",\"width\":784,\"height\":552,\"caption\":\"RG Deportes\"},\"image\":{\"@id\":\"https:\/\/rgdeportes.com\/#\/schema\/logo\/image\/\"},\"sameAs\":[\"https:\/\/www.facebook.com\/RandallGutierrezDeportes\/\",\"https:\/\/www.instagram.com\/randallgutierrezdeportes\/\",\"https:\/\/www.youtube.com\/channel\/UCX4_qbvtnTwoF5t2zNqBDvA\"]},{\"@type\":\"Person\",\"@id\":\"https:\/\/rgdeportes.com\/#\/schema\/person\/91795323fddb335a4fd017bf0e4b1358\",\"name\":\"Randall Gutierrez\",\"image\":{\"@type\":\"ImageObject\",\"inLanguage\":\"es\",\"@id\":\"https:\/\/rgdeportes.com\/#\/schema\/person\/image\/\",\"url\":\"https:\/\/secure.gravatar.com\/avatar\/d0884ea8b9b50bcfad3c0d20049361b5?s=96&d=mm&r=g\",\"contentUrl\":\"https:\/\/secure.gravatar.com\/avatar\/d0884ea8b9b50bcfad3c0d20049361b5?s=96&d=mm&r=g\",\"caption\":\"Randall Gutierrez\"},\"url\":\"https:\/\/rgdeportes.com\/index.php\/author\/randall\/\"}]}<\/script>\n<!-- \/ Yoast SEO plugin. -->","yoast_head_json":{"title":"Paratleta Melissa Calvo impone r\u00e9cord en el Abierto de Atletismo (Video) - RG Deportes\u200e","robots":{"index":"index","follow":"follow","max-snippet":"max-snippet:-1","max-image-preview":"max-image-preview:large","max-video-preview":"max-video-preview:-1"},"canonical":"https:\/\/rgdeportes.com\/index.php\/2026\/04\/26\/paratleta-melissa-calvo-impone-record-en-el-abierto-de-atletismo-video\/","og_locale":"es_ES","og_type":"article","og_title":"Paratleta Melissa Calvo impone r\u00e9cord en el Abierto de Atletismo (Video) - RG Deportes\u200e","og_description":"El j\u00fabilo de la paratleta Melissa Calvo fue evidente cuando este domingo 26 de abril, logr\u00f3 un nuevo r\u00e9cord para centroamericano en la prueba de los 200 metros planos clase&hellip;","og_url":"https:\/\/rgdeportes.com\/index.php\/2026\/04\/26\/paratleta-melissa-calvo-impone-record-en-el-abierto-de-atletismo-video\/","og_site_name":"RG Deportes\u200e","article_publisher":"https:\/\/www.facebook.com\/RandallGutierrezDeportes\/","article_published_time":"2026-04-26T16:26:52+00:00","article_modified_time":"2026-04-26T16:26:53+00:00","og_image":[{"width":1280,"height":776,"url":"http:\/\/rgdeportes.com\/wp-content\/uploads\/2026\/04\/IMG-20260426-WA0015.jpg","type":"image\/jpeg"}],"author":"Randall Gutierrez","twitter_card":"summary_large_image","twitter_misc":{"Escrito por":"Randall Gutierrez","Tiempo de lectura":"2 minutos"},"schema":{"@context":"https:\/\/schema.org","@graph":[{"@type":"Article","@id":"https:\/\/rgdeportes.com\/index.php\/2026\/04\/26\/paratleta-melissa-calvo-impone-record-en-el-abierto-de-atletismo-video\/#article","isPartOf":{"@id":"https:\/\/rgdeportes.com\/index.php\/2026\/04\/26\/paratleta-melissa-calvo-impone-record-en-el-abierto-de-atletismo-video\/"},"author":{"name":"Randall Gutierrez","@id":"https:\/\/rgdeportes.com\/#\/schema\/person\/91795323fddb335a4fd017bf0e4b1358"},"headline":"Paratleta Melissa Calvo impone r\u00e9cord en el Abierto de Atletismo (Video)","datePublished":"2026-04-26T16:26:52+00:00","dateModified":"2026-04-26T16:26:53+00:00","mainEntityOfPage":{"@id":"https:\/\/rgdeportes.com\/index.php\/2026\/04\/26\/paratleta-melissa-calvo-impone-record-en-el-abierto-de-atletismo-video\/"},"wordCount":294,"publisher":{"@id":"https:\/\/rgdeportes.com\/#organization"},"keywords":["#abiertoatletismo","#ParatletaMelissaCalvo"],"articleSection":["Deporte"],"inLanguage":"es"},{"@type":"WebPage","@id":"https:\/\/rgdeportes.com\/index.php\/2026\/04\/26\/paratleta-melissa-calvo-impone-record-en-el-abierto-de-atletismo-video\/","url":"https:\/\/rgdeportes.com\/index.php\/2026\/04\/26\/paratleta-melissa-calvo-impone-record-en-el-abierto-de-atletismo-video\/","name":"Paratleta Melissa Calvo impone r\u00e9cord en el Abierto de Atletismo (Video) - RG Deportes\u200e","isPartOf":{"@id":"https:\/\/rgdeportes.com\/#website"},"datePublished":"2026-04-26T16:26:52+00:00","dateModified":"2026-04-26T16:26:53+00:00","breadcrumb":{"@id":"https:\/\/rgdeportes.com\/index.php\/2026\/04\/26\/paratleta-melissa-calvo-impone-record-en-el-abierto-de-atletismo-video\/#breadcrumb"},"inLanguage":"es","potentialAction":[{"@type":"ReadAction","target":["https:\/\/rgdeportes.com\/index.php\/2026\/04\/26\/paratleta-melissa-calvo-impone-record-en-el-abierto-de-atletismo-video\/"]}]},{"@type":"BreadcrumbList","@id":"https:\/\/rgdeportes.com\/index.php\/2026\/04\/26\/paratleta-melissa-calvo-impone-record-en-el-abierto-de-atletismo-video\/#breadcrumb","itemListElement":[{"@type":"ListItem","position":1,"name":"Portada","item":"https:\/\/rgdeportes.com\/"},{"@type":"ListItem","position":2,"name":"Paratleta Melissa Calvo impone r\u00e9cord en el Abierto de Atletismo (Video)"}]},{"@type":"WebSite","@id":"https:\/\/rgdeportes.com\/#website","url":"https:\/\/rgdeportes.com\/","name":"RG Deportes\u200e","description":"","publisher":{"@id":"https:\/\/rgdeportes.com\/#organization"},"potentialAction":[{"@type":"SearchAction","target":{"@type":"EntryPoint","urlTemplate":"https:\/\/rgdeportes.com\/?s={search_term_string}"},"query-input":"required name=search_term_string"}],"inLanguage":"es"},{"@type":"Organization","@id":"https:\/\/rgdeportes.com\/#organization","name":"RG Deportes","url":"https:\/\/rgdeportes.com\/","logo":{"@type":"ImageObject","inLanguage":"es","@id":"https:\/\/rgdeportes.com\/#\/schema\/logo\/image\/","url":"https:\/\/rgdeportes.com\/wp-content\/uploads\/2020\/09\/Logo.png","contentUrl":"https:\/\/rgdeportes.com\/wp-content\/uploads\/2020\/09\/Logo.png","width":784,"height":552,"caption":"RG Deportes"},"image":{"@id":"https:\/\/rgdeportes.com\/#\/schema\/logo\/image\/"},"sameAs":["https:\/\/www.facebook.com\/RandallGutierrezDeportes\/","https:\/\/www.instagram.com\/randallgutierrezdeportes\/","https:\/\/www.youtube.com\/channel\/UCX4_qbvtnTwoF5t2zNqBDvA"]},{"@type":"Person","@id":"https:\/\/rgdeportes.com\/#\/schema\/person\/91795323fddb335a4fd017bf0e4b1358","name":"Randall Gutierrez","image":{"@type":"ImageObject","inLanguage":"es","@id":"https:\/\/rgdeportes.com\/#\/schema\/person\/image\/","url":"https:\/\/secure.gravatar.com\/avatar\/d0884ea8b9b50bcfad3c0d20049361b5?s=96&d=mm&r=g","contentUrl":"https:\/\/secure.gravatar.com\/avatar\/d0884ea8b9b50bcfad3c0d20049361b5?s=96&d=mm&r=g","caption":"Randall Gutierrez"},"url":"https:\/\/rgdeportes.com\/index.php\/author\/randall\/"}]}},"_links":{"self":[{"href":"https:\/\/rgdeportes.com\/index.php\/wp-json\/wp\/v2\/posts\/11329","targetHints":{"allow":["GET"]}}],"collection":[{"href":"https:\/\/rgdeportes.com\/index.php\/wp-json\/wp\/v2\/posts"}],"about":[{"href":"https:\/\/rgdeportes.com\/index.php\/wp-json\/wp\/v2\/types\/post"}],"author":[{"embeddable":true,"href":"https:\/\/rgdeportes.com\/index.php\/wp-json\/wp\/v2\/users\/2"}],"replies":[{"embeddable":true,"href":"https:\/\/rgdeportes.com\/index.php\/wp-json\/wp\/v2\/comments?post=11329"}],"version-history":[{"count":1,"href":"https:\/\/rgdeportes.com\/index.php\/wp-json\/wp\/v2\/posts\/11329\/revisions"}],"predecessor-version":[{"id":11332,"href":"https:\/\/rgdeportes.com\/index.php\/wp-json\/wp\/v2\/posts\/11329\/revisions\/11332"}],"wp:featuredmedia":[{"embeddable":true,"href":"https:\/\/rgdeportes.com\/index.php\/wp-json\/wp\/v2\/media\/11330"}],"wp:attachment":[{"href":"https:\/\/rgdeportes.com\/index.php\/wp-json\/wp\/v2\/media?parent=11329"}],"wp:term":[{"taxonomy":"category","embeddable":true,"href":"https:\/\/rgdeportes.com\/index.php\/wp-json\/wp\/v2\/categories?post=11329"},{"taxonomy":"post_tag","embeddable":true,"href":"https:\/\/rgdeportes.com\/index.php\/wp-json\/wp\/v2\/tags?post=11329"}],"curies":[{"name":"wp","href":"https:\/\/api.w.org\/{rel}","templated":true}]}}