{"id":11326,"date":"2026-04-26T01:07:09","date_gmt":"2026-04-26T01:07:09","guid":{"rendered":"https:\/\/rgdeportes.com\/?p=11326"},"modified":"2026-04-26T01:07:11","modified_gmt":"2026-04-26T01:07:11","slug":"tica-logra-medalla-en-el-grand-prix-de-rabat-en-marruecos-video","status":"publish","type":"post","link":"https:\/\/rgdeportes.com\/index.php\/2026\/04\/26\/tica-logra-medalla-en-el-grand-prix-de-rabat-en-marruecos-video\/","title":{"rendered":"Tica logra medalla en el Grand Prix de Rabat en Marruecos (Video)"},"content":{"rendered":"\n<figure class=\"wp-block-image size-full\"><img loading=\"lazy\" decoding=\"async\" width=\"585\" height=\"955\" src=\"https:\/\/rgdeportes.com\/wp-content\/uploads\/2026\/04\/IMG-20260425-WA0032.jpg\" alt=\"\" class=\"wp-image-11327\" srcset=\"https:\/\/rgdeportes.com\/wp-content\/uploads\/2026\/04\/IMG-20260425-WA0032.jpg 585w, https:\/\/rgdeportes.com\/wp-content\/uploads\/2026\/04\/IMG-20260425-WA0032-184x300.jpg 184w\" sizes=\"auto, (max-width: 585px) 100vw, 585px\" \/><\/figure>\n\n\n\n<p>La costarricense Amalia Ortu\u00f1o finaliz\u00f3 su participaci\u00f3n en el Grand Prix de Rabat, obteniendo la medalla de bronce en la prueba de disco mejor marca con 18.84.<\/p>\n\n\n\n<p>\u201cHemos terminado el Grand Prix con una medalla de bronce en la prueba de disco por causa de una luxaci\u00f3n en mi dedo fue un poco inc\u00f3modo cada lanzamiento. Para ser el inicio de la temporada nos vamos contentos sabiendo que tenemos margen para seguir creciendo en busca de la clasificaci\u00f3n a los Juegos Paral\u00edmpicos Los \u00c1ngeles 2028\u201d, indic\u00f3 Ortu\u00f1o.<\/p>\n\n\n\n<p>La medalla de oro en la prueba de disco fue para Raisa Machado de Brasil con 19.19 metros, la plata para Adina Samybeck de Kirguist\u00e1n con 18.99 y el bronce para Amalia Ortu\u00f1o de Costa Rica con 18.84.<\/p>\n\n\n\n<p>La turrialbe\u00f1a compiti\u00f3 adem\u00e1s en las pruebas de impulsi\u00f3n de bala donde obtuvo la medalla de plata y un nuevo r\u00e9cord para nacional con 6.74 metros.<\/p>\n\n\n\n<p>Adem\u00e1s, de la prueba de lanzamiento de Jabalina clase F56 donde finaliz\u00f3 en el 5to lugar con una marca de 13.89 metros, que la deja virtualmente clasificada al Campeonato Mundial de Paratletismo Tashkent 2027 en Uzbekist\u00e1n.<\/p>\n\n\n\n<p>El Grand Prix de Rabat represent\u00f3 para Amalia la oportunidad clave para medir su progreso, ajustar su estrategia de cara a los Juegos Centroamericanos y del Caribe 2026 (a\u00fan por confirmar sede), Juegos Parapanamericanos Lima 2027 y los Juegos Paral\u00edmpicos Los \u00c1ngeles 2028.<\/p>\n\n\n\n<p>Amalia Ortu\u00f1o y su entrenador Jos\u00e9 Andr\u00e9s Pacheco regresar\u00e1n al pa\u00eds este martes 28 de abril a las 5:00 pm.<\/p>\n\n\n\n<p><strong>Video<\/strong><\/p>\n\n\n\n<figure class=\"wp-block-embed is-type-video is-provider-youtube wp-block-embed-youtube wp-embed-aspect-16-9 wp-has-aspect-ratio\"><div class=\"wp-block-embed__wrapper\">\n<iframe loading=\"lazy\" title=\"Amalia Ortu\u00f1o, medalla de bronce en prueba de disco. \" width=\"1110\" height=\"624\" src=\"https:\/\/www.youtube.com\/embed\/l-q9Acg4-SI?feature=oembed\" frameborder=\"0\" allow=\"accelerometer; autoplay; clipboard-write; encrypted-media; gyroscope; picture-in-picture; web-share\" referrerpolicy=\"strict-origin-when-cross-origin\" allowfullscreen><\/iframe>\n<\/div><\/figure>\n\n\n\n<p>Foto y video &#8211; Prensa CPN. <\/p>\n","protected":false},"excerpt":{"rendered":"<p>La costarricense Amalia Ortu\u00f1o finaliz\u00f3 su participaci\u00f3n en el Grand Prix de Rabat, obteniendo la medalla de bronce en la prueba de disco mejor marca con 18.84. \u201cHemos terminado el&hellip; <\/p>\n","protected":false},"author":2,"featured_media":11327,"comment_status":"closed","ping_status":"closed","sticky":false,"template":"","format":"standard","meta":{"om_disable_all_campaigns":false,"_monsterinsights_skip_tracking":false,"_monsterinsights_sitenote_active":false,"_monsterinsights_sitenote_note":"","_monsterinsights_sitenote_category":0,"footnotes":""},"categories":[10],"tags":[3149,3506],"class_list":["post-11326","post","type-post","status-publish","format-standard","has-post-thumbnail","hentry","category-in","tag-amaliaortuno","tag-grandprixrabat"],"aioseo_notices":[],"yoast_head":"<!-- This site is optimized with the Yoast SEO plugin v21.2 - https:\/\/yoast.com\/wordpress\/plugins\/seo\/ -->\n<title>Tica logra medalla en el Grand Prix de Rabat en Marruecos (Video) - RG Deportes\u200e<\/title>\n<meta name=\"robots\" content=\"index, follow, max-snippet:-1, max-image-preview:large, max-video-preview:-1\" \/>\n<link rel=\"canonical\" href=\"https:\/\/rgdeportes.com\/index.php\/2026\/04\/26\/tica-logra-medalla-en-el-grand-prix-de-rabat-en-marruecos-video\/\" \/>\n<meta property=\"og:locale\" content=\"es_ES\" \/>\n<meta property=\"og:type\" content=\"article\" \/>\n<meta property=\"og:title\" content=\"Tica logra medalla en el Grand Prix de Rabat en Marruecos (Video) - RG Deportes\u200e\" \/>\n<meta property=\"og:description\" content=\"La costarricense Amalia Ortu\u00f1o finaliz\u00f3 su participaci\u00f3n en el Grand Prix de Rabat, obteniendo la medalla de bronce en la prueba de disco mejor marca con 18.84. \u201cHemos terminado el&hellip;\" \/>\n<meta property=\"og:url\" content=\"https:\/\/rgdeportes.com\/index.php\/2026\/04\/26\/tica-logra-medalla-en-el-grand-prix-de-rabat-en-marruecos-video\/\" \/>\n<meta property=\"og:site_name\" content=\"RG Deportes\u200e\" \/>\n<meta property=\"article:publisher\" content=\"https:\/\/www.facebook.com\/RandallGutierrezDeportes\/\" \/>\n<meta property=\"article:published_time\" content=\"2026-04-26T01:07:09+00:00\" \/>\n<meta property=\"article:modified_time\" content=\"2026-04-26T01:07:11+00:00\" \/>\n<meta property=\"og:image\" content=\"http:\/\/rgdeportes.com\/wp-content\/uploads\/2026\/04\/IMG-20260425-WA0032.jpg\" \/>\n\t<meta property=\"og:image:width\" content=\"585\" \/>\n\t<meta property=\"og:image:height\" content=\"955\" \/>\n\t<meta property=\"og:image:type\" content=\"image\/jpeg\" \/>\n<meta name=\"author\" content=\"Randall Gutierrez\" \/>\n<meta name=\"twitter:card\" content=\"summary_large_image\" \/>\n<meta name=\"twitter:label1\" content=\"Escrito por\" \/>\n\t<meta name=\"twitter:data1\" content=\"Randall Gutierrez\" \/>\n\t<meta name=\"twitter:label2\" content=\"Tiempo de lectura\" \/>\n\t<meta name=\"twitter:data2\" content=\"2 minutos\" \/>\n<script type=\"application\/ld+json\" class=\"yoast-schema-graph\">{\"@context\":\"https:\/\/schema.org\",\"@graph\":[{\"@type\":\"Article\",\"@id\":\"https:\/\/rgdeportes.com\/index.php\/2026\/04\/26\/tica-logra-medalla-en-el-grand-prix-de-rabat-en-marruecos-video\/#article\",\"isPartOf\":{\"@id\":\"https:\/\/rgdeportes.com\/index.php\/2026\/04\/26\/tica-logra-medalla-en-el-grand-prix-de-rabat-en-marruecos-video\/\"},\"author\":{\"name\":\"Randall Gutierrez\",\"@id\":\"https:\/\/rgdeportes.com\/#\/schema\/person\/91795323fddb335a4fd017bf0e4b1358\"},\"headline\":\"Tica logra medalla en el Grand Prix de Rabat en Marruecos (Video)\",\"datePublished\":\"2026-04-26T01:07:09+00:00\",\"dateModified\":\"2026-04-26T01:07:11+00:00\",\"mainEntityOfPage\":{\"@id\":\"https:\/\/rgdeportes.com\/index.php\/2026\/04\/26\/tica-logra-medalla-en-el-grand-prix-de-rabat-en-marruecos-video\/\"},\"wordCount\":287,\"publisher\":{\"@id\":\"https:\/\/rgdeportes.com\/#organization\"},\"keywords\":[\"#amaliaortu\u00f1o\",\"#grandprixrabat\"],\"articleSection\":[\"Internacionales\"],\"inLanguage\":\"es\"},{\"@type\":\"WebPage\",\"@id\":\"https:\/\/rgdeportes.com\/index.php\/2026\/04\/26\/tica-logra-medalla-en-el-grand-prix-de-rabat-en-marruecos-video\/\",\"url\":\"https:\/\/rgdeportes.com\/index.php\/2026\/04\/26\/tica-logra-medalla-en-el-grand-prix-de-rabat-en-marruecos-video\/\",\"name\":\"Tica logra medalla en el Grand Prix de Rabat en Marruecos (Video) - RG Deportes\u200e\",\"isPartOf\":{\"@id\":\"https:\/\/rgdeportes.com\/#website\"},\"datePublished\":\"2026-04-26T01:07:09+00:00\",\"dateModified\":\"2026-04-26T01:07:11+00:00\",\"breadcrumb\":{\"@id\":\"https:\/\/rgdeportes.com\/index.php\/2026\/04\/26\/tica-logra-medalla-en-el-grand-prix-de-rabat-en-marruecos-video\/#breadcrumb\"},\"inLanguage\":\"es\",\"potentialAction\":[{\"@type\":\"ReadAction\",\"target\":[\"https:\/\/rgdeportes.com\/index.php\/2026\/04\/26\/tica-logra-medalla-en-el-grand-prix-de-rabat-en-marruecos-video\/\"]}]},{\"@type\":\"BreadcrumbList\",\"@id\":\"https:\/\/rgdeportes.com\/index.php\/2026\/04\/26\/tica-logra-medalla-en-el-grand-prix-de-rabat-en-marruecos-video\/#breadcrumb\",\"itemListElement\":[{\"@type\":\"ListItem\",\"position\":1,\"name\":\"Portada\",\"item\":\"https:\/\/rgdeportes.com\/\"},{\"@type\":\"ListItem\",\"position\":2,\"name\":\"Tica logra medalla en el Grand Prix de Rabat en Marruecos (Video)\"}]},{\"@type\":\"WebSite\",\"@id\":\"https:\/\/rgdeportes.com\/#website\",\"url\":\"https:\/\/rgdeportes.com\/\",\"name\":\"RG Deportes\u200e\",\"description\":\"\",\"publisher\":{\"@id\":\"https:\/\/rgdeportes.com\/#organization\"},\"potentialAction\":[{\"@type\":\"SearchAction\",\"target\":{\"@type\":\"EntryPoint\",\"urlTemplate\":\"https:\/\/rgdeportes.com\/?s={search_term_string}\"},\"query-input\":\"required name=search_term_string\"}],\"inLanguage\":\"es\"},{\"@type\":\"Organization\",\"@id\":\"https:\/\/rgdeportes.com\/#organization\",\"name\":\"RG Deportes\",\"url\":\"https:\/\/rgdeportes.com\/\",\"logo\":{\"@type\":\"ImageObject\",\"inLanguage\":\"es\",\"@id\":\"https:\/\/rgdeportes.com\/#\/schema\/logo\/image\/\",\"url\":\"https:\/\/rgdeportes.com\/wp-content\/uploads\/2020\/09\/Logo.png\",\"contentUrl\":\"https:\/\/rgdeportes.com\/wp-content\/uploads\/2020\/09\/Logo.png\",\"width\":784,\"height\":552,\"caption\":\"RG Deportes\"},\"image\":{\"@id\":\"https:\/\/rgdeportes.com\/#\/schema\/logo\/image\/\"},\"sameAs\":[\"https:\/\/www.facebook.com\/RandallGutierrezDeportes\/\",\"https:\/\/www.instagram.com\/randallgutierrezdeportes\/\",\"https:\/\/www.youtube.com\/channel\/UCX4_qbvtnTwoF5t2zNqBDvA\"]},{\"@type\":\"Person\",\"@id\":\"https:\/\/rgdeportes.com\/#\/schema\/person\/91795323fddb335a4fd017bf0e4b1358\",\"name\":\"Randall Gutierrez\",\"image\":{\"@type\":\"ImageObject\",\"inLanguage\":\"es\",\"@id\":\"https:\/\/rgdeportes.com\/#\/schema\/person\/image\/\",\"url\":\"https:\/\/secure.gravatar.com\/avatar\/d0884ea8b9b50bcfad3c0d20049361b5?s=96&d=mm&r=g\",\"contentUrl\":\"https:\/\/secure.gravatar.com\/avatar\/d0884ea8b9b50bcfad3c0d20049361b5?s=96&d=mm&r=g\",\"caption\":\"Randall Gutierrez\"},\"url\":\"https:\/\/rgdeportes.com\/index.php\/author\/randall\/\"}]}<\/script>\n<!-- \/ Yoast SEO plugin. -->","yoast_head_json":{"title":"Tica logra medalla en el Grand Prix de Rabat en Marruecos (Video) - RG Deportes\u200e","robots":{"index":"index","follow":"follow","max-snippet":"max-snippet:-1","max-image-preview":"max-image-preview:large","max-video-preview":"max-video-preview:-1"},"canonical":"https:\/\/rgdeportes.com\/index.php\/2026\/04\/26\/tica-logra-medalla-en-el-grand-prix-de-rabat-en-marruecos-video\/","og_locale":"es_ES","og_type":"article","og_title":"Tica logra medalla en el Grand Prix de Rabat en Marruecos (Video) - RG Deportes\u200e","og_description":"La costarricense Amalia Ortu\u00f1o finaliz\u00f3 su participaci\u00f3n en el Grand Prix de Rabat, obteniendo la medalla de bronce en la prueba de disco mejor marca con 18.84. \u201cHemos terminado el&hellip;","og_url":"https:\/\/rgdeportes.com\/index.php\/2026\/04\/26\/tica-logra-medalla-en-el-grand-prix-de-rabat-en-marruecos-video\/","og_site_name":"RG Deportes\u200e","article_publisher":"https:\/\/www.facebook.com\/RandallGutierrezDeportes\/","article_published_time":"2026-04-26T01:07:09+00:00","article_modified_time":"2026-04-26T01:07:11+00:00","og_image":[{"width":585,"height":955,"url":"http:\/\/rgdeportes.com\/wp-content\/uploads\/2026\/04\/IMG-20260425-WA0032.jpg","type":"image\/jpeg"}],"author":"Randall Gutierrez","twitter_card":"summary_large_image","twitter_misc":{"Escrito por":"Randall Gutierrez","Tiempo de lectura":"2 minutos"},"schema":{"@context":"https:\/\/schema.org","@graph":[{"@type":"Article","@id":"https:\/\/rgdeportes.com\/index.php\/2026\/04\/26\/tica-logra-medalla-en-el-grand-prix-de-rabat-en-marruecos-video\/#article","isPartOf":{"@id":"https:\/\/rgdeportes.com\/index.php\/2026\/04\/26\/tica-logra-medalla-en-el-grand-prix-de-rabat-en-marruecos-video\/"},"author":{"name":"Randall Gutierrez","@id":"https:\/\/rgdeportes.com\/#\/schema\/person\/91795323fddb335a4fd017bf0e4b1358"},"headline":"Tica logra medalla en el Grand Prix de Rabat en Marruecos (Video)","datePublished":"2026-04-26T01:07:09+00:00","dateModified":"2026-04-26T01:07:11+00:00","mainEntityOfPage":{"@id":"https:\/\/rgdeportes.com\/index.php\/2026\/04\/26\/tica-logra-medalla-en-el-grand-prix-de-rabat-en-marruecos-video\/"},"wordCount":287,"publisher":{"@id":"https:\/\/rgdeportes.com\/#organization"},"keywords":["#amaliaortu\u00f1o","#grandprixrabat"],"articleSection":["Internacionales"],"inLanguage":"es"},{"@type":"WebPage","@id":"https:\/\/rgdeportes.com\/index.php\/2026\/04\/26\/tica-logra-medalla-en-el-grand-prix-de-rabat-en-marruecos-video\/","url":"https:\/\/rgdeportes.com\/index.php\/2026\/04\/26\/tica-logra-medalla-en-el-grand-prix-de-rabat-en-marruecos-video\/","name":"Tica logra medalla en el Grand Prix de Rabat en Marruecos (Video) - RG Deportes\u200e","isPartOf":{"@id":"https:\/\/rgdeportes.com\/#website"},"datePublished":"2026-04-26T01:07:09+00:00","dateModified":"2026-04-26T01:07:11+00:00","breadcrumb":{"@id":"https:\/\/rgdeportes.com\/index.php\/2026\/04\/26\/tica-logra-medalla-en-el-grand-prix-de-rabat-en-marruecos-video\/#breadcrumb"},"inLanguage":"es","potentialAction":[{"@type":"ReadAction","target":["https:\/\/rgdeportes.com\/index.php\/2026\/04\/26\/tica-logra-medalla-en-el-grand-prix-de-rabat-en-marruecos-video\/"]}]},{"@type":"BreadcrumbList","@id":"https:\/\/rgdeportes.com\/index.php\/2026\/04\/26\/tica-logra-medalla-en-el-grand-prix-de-rabat-en-marruecos-video\/#breadcrumb","itemListElement":[{"@type":"ListItem","position":1,"name":"Portada","item":"https:\/\/rgdeportes.com\/"},{"@type":"ListItem","position":2,"name":"Tica logra medalla en el Grand Prix de Rabat en Marruecos (Video)"}]},{"@type":"WebSite","@id":"https:\/\/rgdeportes.com\/#website","url":"https:\/\/rgdeportes.com\/","name":"RG Deportes\u200e","description":"","publisher":{"@id":"https:\/\/rgdeportes.com\/#organization"},"potentialAction":[{"@type":"SearchAction","target":{"@type":"EntryPoint","urlTemplate":"https:\/\/rgdeportes.com\/?s={search_term_string}"},"query-input":"required name=search_term_string"}],"inLanguage":"es"},{"@type":"Organization","@id":"https:\/\/rgdeportes.com\/#organization","name":"RG Deportes","url":"https:\/\/rgdeportes.com\/","logo":{"@type":"ImageObject","inLanguage":"es","@id":"https:\/\/rgdeportes.com\/#\/schema\/logo\/image\/","url":"https:\/\/rgdeportes.com\/wp-content\/uploads\/2020\/09\/Logo.png","contentUrl":"https:\/\/rgdeportes.com\/wp-content\/uploads\/2020\/09\/Logo.png","width":784,"height":552,"caption":"RG Deportes"},"image":{"@id":"https:\/\/rgdeportes.com\/#\/schema\/logo\/image\/"},"sameAs":["https:\/\/www.facebook.com\/RandallGutierrezDeportes\/","https:\/\/www.instagram.com\/randallgutierrezdeportes\/","https:\/\/www.youtube.com\/channel\/UCX4_qbvtnTwoF5t2zNqBDvA"]},{"@type":"Person","@id":"https:\/\/rgdeportes.com\/#\/schema\/person\/91795323fddb335a4fd017bf0e4b1358","name":"Randall Gutierrez","image":{"@type":"ImageObject","inLanguage":"es","@id":"https:\/\/rgdeportes.com\/#\/schema\/person\/image\/","url":"https:\/\/secure.gravatar.com\/avatar\/d0884ea8b9b50bcfad3c0d20049361b5?s=96&d=mm&r=g","contentUrl":"https:\/\/secure.gravatar.com\/avatar\/d0884ea8b9b50bcfad3c0d20049361b5?s=96&d=mm&r=g","caption":"Randall Gutierrez"},"url":"https:\/\/rgdeportes.com\/index.php\/author\/randall\/"}]}},"_links":{"self":[{"href":"https:\/\/rgdeportes.com\/index.php\/wp-json\/wp\/v2\/posts\/11326","targetHints":{"allow":["GET"]}}],"collection":[{"href":"https:\/\/rgdeportes.com\/index.php\/wp-json\/wp\/v2\/posts"}],"about":[{"href":"https:\/\/rgdeportes.com\/index.php\/wp-json\/wp\/v2\/types\/post"}],"author":[{"embeddable":true,"href":"https:\/\/rgdeportes.com\/index.php\/wp-json\/wp\/v2\/users\/2"}],"replies":[{"embeddable":true,"href":"https:\/\/rgdeportes.com\/index.php\/wp-json\/wp\/v2\/comments?post=11326"}],"version-history":[{"count":1,"href":"https:\/\/rgdeportes.com\/index.php\/wp-json\/wp\/v2\/posts\/11326\/revisions"}],"predecessor-version":[{"id":11328,"href":"https:\/\/rgdeportes.com\/index.php\/wp-json\/wp\/v2\/posts\/11326\/revisions\/11328"}],"wp:featuredmedia":[{"embeddable":true,"href":"https:\/\/rgdeportes.com\/index.php\/wp-json\/wp\/v2\/media\/11327"}],"wp:attachment":[{"href":"https:\/\/rgdeportes.com\/index.php\/wp-json\/wp\/v2\/media?parent=11326"}],"wp:term":[{"taxonomy":"category","embeddable":true,"href":"https:\/\/rgdeportes.com\/index.php\/wp-json\/wp\/v2\/categories?post=11326"},{"taxonomy":"post_tag","embeddable":true,"href":"https:\/\/rgdeportes.com\/index.php\/wp-json\/wp\/v2\/tags?post=11326"}],"curies":[{"name":"wp","href":"https:\/\/api.w.org\/{rel}","templated":true}]}}