{"id":11137,"date":"2026-03-17T21:50:18","date_gmt":"2026-03-17T21:50:18","guid":{"rendered":"https:\/\/rgdeportes.com\/?p=11137"},"modified":"2026-03-17T21:50:19","modified_gmt":"2026-03-17T21:50:19","slug":"paola-chacon-y-pablo-mudarra-nuevos-monarcas-del-gran-fondo-zona-sur","status":"publish","type":"post","link":"https:\/\/rgdeportes.com\/index.php\/2026\/03\/17\/paola-chacon-y-pablo-mudarra-nuevos-monarcas-del-gran-fondo-zona-sur\/","title":{"rendered":"Paola Chac\u00f3n y Pablo Mudarra nuevos monarcas del Gran Fondo Zona Sur"},"content":{"rendered":"\n<figure class=\"wp-block-image size-large\"><img loading=\"lazy\" decoding=\"async\" width=\"1024\" height=\"684\" src=\"https:\/\/rgdeportes.com\/wp-content\/uploads\/2026\/03\/IMG_0797-1024x684.jpg\" alt=\"\" class=\"wp-image-11138\" srcset=\"https:\/\/rgdeportes.com\/wp-content\/uploads\/2026\/03\/IMG_0797-1024x684.jpg 1024w, https:\/\/rgdeportes.com\/wp-content\/uploads\/2026\/03\/IMG_0797-300x200.jpg 300w, https:\/\/rgdeportes.com\/wp-content\/uploads\/2026\/03\/IMG_0797-768x513.jpg 768w, https:\/\/rgdeportes.com\/wp-content\/uploads\/2026\/03\/IMG_0797-1536x1025.jpg 1536w, https:\/\/rgdeportes.com\/wp-content\/uploads\/2026\/03\/IMG_0797.jpg 2048w\" sizes=\"auto, (max-width: 1024px) 100vw, 1024px\" \/><\/figure>\n\n\n\n<p>El ciclismo de ruta vivi\u00f3 una gran fiesta deportiva con la realizaci\u00f3n del Gran Fondo Zona Sur, considerado el primer gran fondo del a\u00f1o en Costa Rica, evento que reuni\u00f3 a cientos de ciclistas en las exigentes rutas entre P\u00e9rez Zeled\u00f3n y Uvita, uno de los recorridos m\u00e1s emblem\u00e1ticos del pa\u00eds por su nivel de dificultad y por los paisajes del Pac\u00edfico Sur.<\/p>\n\n\n\n<p>La competencia ofreci\u00f3 dos distancias: 154 kil\u00f3metros en la ruta larga (de P\u00e9rez Zeled\u00f3n a Uvita) y 100 kil\u00f3metros en la ruta corta (Buenos Aires a Uvita) permitiendo la participaci\u00f3n tanto de ciclistas experimentados como de aficionados en una de las pruebas m\u00e1s atractivas del calendario nacional.<\/p>\n\n\n\n<p>En la categor\u00eda Open masculina, el triunfo fue para el ciclista Pablo Mudarra, del equipo Colono Bikestation K\u00f6lbi, quien complet\u00f3 el recorrido con un tiempo oficial de 3:31:32. El segundo lugar fue para Jewinson Varela, del equipo ManzaT\u00e9 La Selva Scott, con 3:31:34, mientras que Andr\u00e9s Alp\u00edzar, del equipo Ciclo Caf\u00e9 \u2013 Repuestos Mena \u2013 En su Punto, finaliz\u00f3 en la tercera posici\u00f3n con un tiempo de 3:31:43.&nbsp;<\/p>\n\n\n\n<p>En la categor\u00eda Open femenina de la distancia de 154 kil\u00f3metros, la victoria fue para Paola Chac\u00f3n Fuentes del equipo Victor Vargas, quien logr\u00f3 imponerse tras una llegada muy cerrada con un tiempo oficial de 3:58:05. El segundo lugar fue para Ana M\u00e9ndez del equipo Cycling Lab, con 3:58:09, mientras que el tercer puesto lo obtuvo Amanda Alvarado Quesada, del equipo ManzaT\u00e9-La Selva-No Varix, con un tiempo de 3:58:13.&nbsp;<\/p>\n\n\n\n<p>En las dem\u00e1s categor\u00edas de la distancia de 154 kil\u00f3metros, los ganadores fueron Alejandra Tattenbach, del equipo Guayabillos &amp; DrCabello, en Master A femenina con un tiempo de 3:58:27; Fiorella Herrera en Master B femenina con 4:08:11; Andrea Casalvolone del equipo Trimax, en Master C femenina con 4:08:48; y Karina Hern\u00e1ndez en Master D femenina con 4:52:21.&nbsp;<\/p>\n\n\n\n<p>En las categor\u00edas masculinas de esta misma distancia, los primeros lugares fueron para Vladimir Fern\u00e1ndez en Master A con 3:31:39; Edwin Alberto God\u00ednez, en Master B con 3:34:57; Henry Azofeifa del equipo Team Costafrut, en Master C con 3:45:10; Nelson Webb, del equipo Caciques Team, en Master D con 3:58:21; y Jos\u00e9 Herrera en Master E con 4:08:03.&nbsp;<\/p>\n\n\n\n<p>En la distancia de 100 kil\u00f3metros, la victoria en la categor\u00eda Open femenina fue para Ibi Salas Delgado con un tiempo oficial de 2:37:56, mientras que en la categor\u00eda Open masculina el ganador fue Santiago Prendas con un tiempo de 2:35:04.<\/p>\n\n\n\n<p>El Gran Fondo Zona Sur abri\u00f3 oficialmente el calendario de grandes fondos del pa\u00eds, consolid\u00e1ndose como uno de los eventos m\u00e1s atractivos para los amantes del ciclismo de ruta.<\/p>\n\n\n\n<p>Foto &#8211; MACOMUNICACI\u00d3N<\/p>\n","protected":false},"excerpt":{"rendered":"<p>El ciclismo de ruta vivi\u00f3 una gran fiesta deportiva con la realizaci\u00f3n del Gran Fondo Zona Sur, considerado el primer gran fondo del a\u00f1o en Costa Rica, evento que reuni\u00f3&hellip; <\/p>\n","protected":false},"author":2,"featured_media":11138,"comment_status":"closed","ping_status":"closed","sticky":false,"template":"","format":"standard","meta":{"om_disable_all_campaigns":false,"_monsterinsights_skip_tracking":false,"_monsterinsights_sitenote_active":false,"_monsterinsights_sitenote_note":"","_monsterinsights_sitenote_category":0,"footnotes":""},"categories":[4],"tags":[2596,3453,3452],"class_list":["post-11137","post","type-post","status-publish","format-standard","has-post-thumbnail","hentry","category-noticias","tag-granfondo","tag-pablomudarra","tag-paolachacon"],"aioseo_notices":[],"yoast_head":"<!-- This site is optimized with the Yoast SEO plugin v21.2 - https:\/\/yoast.com\/wordpress\/plugins\/seo\/ -->\n<title>Paola Chac\u00f3n y Pablo Mudarra nuevos monarcas del Gran Fondo Zona Sur - RG Deportes\u200e<\/title>\n<meta name=\"robots\" content=\"index, follow, max-snippet:-1, max-image-preview:large, max-video-preview:-1\" \/>\n<link rel=\"canonical\" href=\"https:\/\/rgdeportes.com\/index.php\/2026\/03\/17\/paola-chacon-y-pablo-mudarra-nuevos-monarcas-del-gran-fondo-zona-sur\/\" \/>\n<meta property=\"og:locale\" content=\"es_ES\" \/>\n<meta property=\"og:type\" content=\"article\" \/>\n<meta property=\"og:title\" content=\"Paola Chac\u00f3n y Pablo Mudarra nuevos monarcas del Gran Fondo Zona Sur - RG Deportes\u200e\" \/>\n<meta property=\"og:description\" content=\"El ciclismo de ruta vivi\u00f3 una gran fiesta deportiva con la realizaci\u00f3n del Gran Fondo Zona Sur, considerado el primer gran fondo del a\u00f1o en Costa Rica, evento que reuni\u00f3&hellip;\" \/>\n<meta property=\"og:url\" content=\"https:\/\/rgdeportes.com\/index.php\/2026\/03\/17\/paola-chacon-y-pablo-mudarra-nuevos-monarcas-del-gran-fondo-zona-sur\/\" \/>\n<meta property=\"og:site_name\" content=\"RG Deportes\u200e\" \/>\n<meta property=\"article:publisher\" content=\"https:\/\/www.facebook.com\/RandallGutierrezDeportes\/\" \/>\n<meta property=\"article:published_time\" content=\"2026-03-17T21:50:18+00:00\" \/>\n<meta property=\"article:modified_time\" content=\"2026-03-17T21:50:19+00:00\" \/>\n<meta property=\"og:image\" content=\"http:\/\/rgdeportes.com\/wp-content\/uploads\/2026\/03\/IMG_0797.jpg\" \/>\n\t<meta property=\"og:image:width\" content=\"2048\" \/>\n\t<meta property=\"og:image:height\" content=\"1367\" \/>\n\t<meta property=\"og:image:type\" content=\"image\/jpeg\" \/>\n<meta name=\"author\" content=\"Randall Gutierrez\" \/>\n<meta name=\"twitter:card\" content=\"summary_large_image\" \/>\n<meta name=\"twitter:label1\" content=\"Escrito por\" \/>\n\t<meta name=\"twitter:data1\" content=\"Randall Gutierrez\" \/>\n\t<meta name=\"twitter:label2\" content=\"Tiempo de lectura\" \/>\n\t<meta name=\"twitter:data2\" content=\"3 minutos\" \/>\n<script type=\"application\/ld+json\" class=\"yoast-schema-graph\">{\"@context\":\"https:\/\/schema.org\",\"@graph\":[{\"@type\":\"Article\",\"@id\":\"https:\/\/rgdeportes.com\/index.php\/2026\/03\/17\/paola-chacon-y-pablo-mudarra-nuevos-monarcas-del-gran-fondo-zona-sur\/#article\",\"isPartOf\":{\"@id\":\"https:\/\/rgdeportes.com\/index.php\/2026\/03\/17\/paola-chacon-y-pablo-mudarra-nuevos-monarcas-del-gran-fondo-zona-sur\/\"},\"author\":{\"name\":\"Randall Gutierrez\",\"@id\":\"https:\/\/rgdeportes.com\/#\/schema\/person\/91795323fddb335a4fd017bf0e4b1358\"},\"headline\":\"Paola Chac\u00f3n y Pablo Mudarra nuevos monarcas del Gran Fondo Zona Sur\",\"datePublished\":\"2026-03-17T21:50:18+00:00\",\"dateModified\":\"2026-03-17T21:50:19+00:00\",\"mainEntityOfPage\":{\"@id\":\"https:\/\/rgdeportes.com\/index.php\/2026\/03\/17\/paola-chacon-y-pablo-mudarra-nuevos-monarcas-del-gran-fondo-zona-sur\/\"},\"wordCount\":466,\"publisher\":{\"@id\":\"https:\/\/rgdeportes.com\/#organization\"},\"keywords\":[\"#granfondo\",\"#pablomudarra\",\"#paolachac\u00f3n\"],\"articleSection\":[\"Noticias\"],\"inLanguage\":\"es\"},{\"@type\":\"WebPage\",\"@id\":\"https:\/\/rgdeportes.com\/index.php\/2026\/03\/17\/paola-chacon-y-pablo-mudarra-nuevos-monarcas-del-gran-fondo-zona-sur\/\",\"url\":\"https:\/\/rgdeportes.com\/index.php\/2026\/03\/17\/paola-chacon-y-pablo-mudarra-nuevos-monarcas-del-gran-fondo-zona-sur\/\",\"name\":\"Paola Chac\u00f3n y Pablo Mudarra nuevos monarcas del Gran Fondo Zona Sur - RG Deportes\u200e\",\"isPartOf\":{\"@id\":\"https:\/\/rgdeportes.com\/#website\"},\"datePublished\":\"2026-03-17T21:50:18+00:00\",\"dateModified\":\"2026-03-17T21:50:19+00:00\",\"breadcrumb\":{\"@id\":\"https:\/\/rgdeportes.com\/index.php\/2026\/03\/17\/paola-chacon-y-pablo-mudarra-nuevos-monarcas-del-gran-fondo-zona-sur\/#breadcrumb\"},\"inLanguage\":\"es\",\"potentialAction\":[{\"@type\":\"ReadAction\",\"target\":[\"https:\/\/rgdeportes.com\/index.php\/2026\/03\/17\/paola-chacon-y-pablo-mudarra-nuevos-monarcas-del-gran-fondo-zona-sur\/\"]}]},{\"@type\":\"BreadcrumbList\",\"@id\":\"https:\/\/rgdeportes.com\/index.php\/2026\/03\/17\/paola-chacon-y-pablo-mudarra-nuevos-monarcas-del-gran-fondo-zona-sur\/#breadcrumb\",\"itemListElement\":[{\"@type\":\"ListItem\",\"position\":1,\"name\":\"Portada\",\"item\":\"https:\/\/rgdeportes.com\/\"},{\"@type\":\"ListItem\",\"position\":2,\"name\":\"Paola Chac\u00f3n y Pablo Mudarra nuevos monarcas del Gran Fondo Zona Sur\"}]},{\"@type\":\"WebSite\",\"@id\":\"https:\/\/rgdeportes.com\/#website\",\"url\":\"https:\/\/rgdeportes.com\/\",\"name\":\"RG Deportes\u200e\",\"description\":\"\",\"publisher\":{\"@id\":\"https:\/\/rgdeportes.com\/#organization\"},\"potentialAction\":[{\"@type\":\"SearchAction\",\"target\":{\"@type\":\"EntryPoint\",\"urlTemplate\":\"https:\/\/rgdeportes.com\/?s={search_term_string}\"},\"query-input\":\"required name=search_term_string\"}],\"inLanguage\":\"es\"},{\"@type\":\"Organization\",\"@id\":\"https:\/\/rgdeportes.com\/#organization\",\"name\":\"RG Deportes\",\"url\":\"https:\/\/rgdeportes.com\/\",\"logo\":{\"@type\":\"ImageObject\",\"inLanguage\":\"es\",\"@id\":\"https:\/\/rgdeportes.com\/#\/schema\/logo\/image\/\",\"url\":\"https:\/\/rgdeportes.com\/wp-content\/uploads\/2020\/09\/Logo.png\",\"contentUrl\":\"https:\/\/rgdeportes.com\/wp-content\/uploads\/2020\/09\/Logo.png\",\"width\":784,\"height\":552,\"caption\":\"RG Deportes\"},\"image\":{\"@id\":\"https:\/\/rgdeportes.com\/#\/schema\/logo\/image\/\"},\"sameAs\":[\"https:\/\/www.facebook.com\/RandallGutierrezDeportes\/\",\"https:\/\/www.instagram.com\/randallgutierrezdeportes\/\",\"https:\/\/www.youtube.com\/channel\/UCX4_qbvtnTwoF5t2zNqBDvA\"]},{\"@type\":\"Person\",\"@id\":\"https:\/\/rgdeportes.com\/#\/schema\/person\/91795323fddb335a4fd017bf0e4b1358\",\"name\":\"Randall Gutierrez\",\"image\":{\"@type\":\"ImageObject\",\"inLanguage\":\"es\",\"@id\":\"https:\/\/rgdeportes.com\/#\/schema\/person\/image\/\",\"url\":\"https:\/\/secure.gravatar.com\/avatar\/d0884ea8b9b50bcfad3c0d20049361b5?s=96&d=mm&r=g\",\"contentUrl\":\"https:\/\/secure.gravatar.com\/avatar\/d0884ea8b9b50bcfad3c0d20049361b5?s=96&d=mm&r=g\",\"caption\":\"Randall Gutierrez\"},\"url\":\"https:\/\/rgdeportes.com\/index.php\/author\/randall\/\"}]}<\/script>\n<!-- \/ Yoast SEO plugin. -->","yoast_head_json":{"title":"Paola Chac\u00f3n y Pablo Mudarra nuevos monarcas del Gran Fondo Zona Sur - RG Deportes\u200e","robots":{"index":"index","follow":"follow","max-snippet":"max-snippet:-1","max-image-preview":"max-image-preview:large","max-video-preview":"max-video-preview:-1"},"canonical":"https:\/\/rgdeportes.com\/index.php\/2026\/03\/17\/paola-chacon-y-pablo-mudarra-nuevos-monarcas-del-gran-fondo-zona-sur\/","og_locale":"es_ES","og_type":"article","og_title":"Paola Chac\u00f3n y Pablo Mudarra nuevos monarcas del Gran Fondo Zona Sur - RG Deportes\u200e","og_description":"El ciclismo de ruta vivi\u00f3 una gran fiesta deportiva con la realizaci\u00f3n del Gran Fondo Zona Sur, considerado el primer gran fondo del a\u00f1o en Costa Rica, evento que reuni\u00f3&hellip;","og_url":"https:\/\/rgdeportes.com\/index.php\/2026\/03\/17\/paola-chacon-y-pablo-mudarra-nuevos-monarcas-del-gran-fondo-zona-sur\/","og_site_name":"RG Deportes\u200e","article_publisher":"https:\/\/www.facebook.com\/RandallGutierrezDeportes\/","article_published_time":"2026-03-17T21:50:18+00:00","article_modified_time":"2026-03-17T21:50:19+00:00","og_image":[{"width":2048,"height":1367,"url":"http:\/\/rgdeportes.com\/wp-content\/uploads\/2026\/03\/IMG_0797.jpg","type":"image\/jpeg"}],"author":"Randall Gutierrez","twitter_card":"summary_large_image","twitter_misc":{"Escrito por":"Randall Gutierrez","Tiempo de lectura":"3 minutos"},"schema":{"@context":"https:\/\/schema.org","@graph":[{"@type":"Article","@id":"https:\/\/rgdeportes.com\/index.php\/2026\/03\/17\/paola-chacon-y-pablo-mudarra-nuevos-monarcas-del-gran-fondo-zona-sur\/#article","isPartOf":{"@id":"https:\/\/rgdeportes.com\/index.php\/2026\/03\/17\/paola-chacon-y-pablo-mudarra-nuevos-monarcas-del-gran-fondo-zona-sur\/"},"author":{"name":"Randall Gutierrez","@id":"https:\/\/rgdeportes.com\/#\/schema\/person\/91795323fddb335a4fd017bf0e4b1358"},"headline":"Paola Chac\u00f3n y Pablo Mudarra nuevos monarcas del Gran Fondo Zona Sur","datePublished":"2026-03-17T21:50:18+00:00","dateModified":"2026-03-17T21:50:19+00:00","mainEntityOfPage":{"@id":"https:\/\/rgdeportes.com\/index.php\/2026\/03\/17\/paola-chacon-y-pablo-mudarra-nuevos-monarcas-del-gran-fondo-zona-sur\/"},"wordCount":466,"publisher":{"@id":"https:\/\/rgdeportes.com\/#organization"},"keywords":["#granfondo","#pablomudarra","#paolachac\u00f3n"],"articleSection":["Noticias"],"inLanguage":"es"},{"@type":"WebPage","@id":"https:\/\/rgdeportes.com\/index.php\/2026\/03\/17\/paola-chacon-y-pablo-mudarra-nuevos-monarcas-del-gran-fondo-zona-sur\/","url":"https:\/\/rgdeportes.com\/index.php\/2026\/03\/17\/paola-chacon-y-pablo-mudarra-nuevos-monarcas-del-gran-fondo-zona-sur\/","name":"Paola Chac\u00f3n y Pablo Mudarra nuevos monarcas del Gran Fondo Zona Sur - RG Deportes\u200e","isPartOf":{"@id":"https:\/\/rgdeportes.com\/#website"},"datePublished":"2026-03-17T21:50:18+00:00","dateModified":"2026-03-17T21:50:19+00:00","breadcrumb":{"@id":"https:\/\/rgdeportes.com\/index.php\/2026\/03\/17\/paola-chacon-y-pablo-mudarra-nuevos-monarcas-del-gran-fondo-zona-sur\/#breadcrumb"},"inLanguage":"es","potentialAction":[{"@type":"ReadAction","target":["https:\/\/rgdeportes.com\/index.php\/2026\/03\/17\/paola-chacon-y-pablo-mudarra-nuevos-monarcas-del-gran-fondo-zona-sur\/"]}]},{"@type":"BreadcrumbList","@id":"https:\/\/rgdeportes.com\/index.php\/2026\/03\/17\/paola-chacon-y-pablo-mudarra-nuevos-monarcas-del-gran-fondo-zona-sur\/#breadcrumb","itemListElement":[{"@type":"ListItem","position":1,"name":"Portada","item":"https:\/\/rgdeportes.com\/"},{"@type":"ListItem","position":2,"name":"Paola Chac\u00f3n y Pablo Mudarra nuevos monarcas del Gran Fondo Zona Sur"}]},{"@type":"WebSite","@id":"https:\/\/rgdeportes.com\/#website","url":"https:\/\/rgdeportes.com\/","name":"RG Deportes\u200e","description":"","publisher":{"@id":"https:\/\/rgdeportes.com\/#organization"},"potentialAction":[{"@type":"SearchAction","target":{"@type":"EntryPoint","urlTemplate":"https:\/\/rgdeportes.com\/?s={search_term_string}"},"query-input":"required name=search_term_string"}],"inLanguage":"es"},{"@type":"Organization","@id":"https:\/\/rgdeportes.com\/#organization","name":"RG Deportes","url":"https:\/\/rgdeportes.com\/","logo":{"@type":"ImageObject","inLanguage":"es","@id":"https:\/\/rgdeportes.com\/#\/schema\/logo\/image\/","url":"https:\/\/rgdeportes.com\/wp-content\/uploads\/2020\/09\/Logo.png","contentUrl":"https:\/\/rgdeportes.com\/wp-content\/uploads\/2020\/09\/Logo.png","width":784,"height":552,"caption":"RG Deportes"},"image":{"@id":"https:\/\/rgdeportes.com\/#\/schema\/logo\/image\/"},"sameAs":["https:\/\/www.facebook.com\/RandallGutierrezDeportes\/","https:\/\/www.instagram.com\/randallgutierrezdeportes\/","https:\/\/www.youtube.com\/channel\/UCX4_qbvtnTwoF5t2zNqBDvA"]},{"@type":"Person","@id":"https:\/\/rgdeportes.com\/#\/schema\/person\/91795323fddb335a4fd017bf0e4b1358","name":"Randall Gutierrez","image":{"@type":"ImageObject","inLanguage":"es","@id":"https:\/\/rgdeportes.com\/#\/schema\/person\/image\/","url":"https:\/\/secure.gravatar.com\/avatar\/d0884ea8b9b50bcfad3c0d20049361b5?s=96&d=mm&r=g","contentUrl":"https:\/\/secure.gravatar.com\/avatar\/d0884ea8b9b50bcfad3c0d20049361b5?s=96&d=mm&r=g","caption":"Randall Gutierrez"},"url":"https:\/\/rgdeportes.com\/index.php\/author\/randall\/"}]}},"_links":{"self":[{"href":"https:\/\/rgdeportes.com\/index.php\/wp-json\/wp\/v2\/posts\/11137","targetHints":{"allow":["GET"]}}],"collection":[{"href":"https:\/\/rgdeportes.com\/index.php\/wp-json\/wp\/v2\/posts"}],"about":[{"href":"https:\/\/rgdeportes.com\/index.php\/wp-json\/wp\/v2\/types\/post"}],"author":[{"embeddable":true,"href":"https:\/\/rgdeportes.com\/index.php\/wp-json\/wp\/v2\/users\/2"}],"replies":[{"embeddable":true,"href":"https:\/\/rgdeportes.com\/index.php\/wp-json\/wp\/v2\/comments?post=11137"}],"version-history":[{"count":1,"href":"https:\/\/rgdeportes.com\/index.php\/wp-json\/wp\/v2\/posts\/11137\/revisions"}],"predecessor-version":[{"id":11139,"href":"https:\/\/rgdeportes.com\/index.php\/wp-json\/wp\/v2\/posts\/11137\/revisions\/11139"}],"wp:featuredmedia":[{"embeddable":true,"href":"https:\/\/rgdeportes.com\/index.php\/wp-json\/wp\/v2\/media\/11138"}],"wp:attachment":[{"href":"https:\/\/rgdeportes.com\/index.php\/wp-json\/wp\/v2\/media?parent=11137"}],"wp:term":[{"taxonomy":"category","embeddable":true,"href":"https:\/\/rgdeportes.com\/index.php\/wp-json\/wp\/v2\/categories?post=11137"},{"taxonomy":"post_tag","embeddable":true,"href":"https:\/\/rgdeportes.com\/index.php\/wp-json\/wp\/v2\/tags?post=11137"}],"curies":[{"name":"wp","href":"https:\/\/api.w.org\/{rel}","templated":true}]}}