{"id":11131,"date":"2026-03-17T21:22:49","date_gmt":"2026-03-17T21:22:49","guid":{"rendered":"https:\/\/rgdeportes.com\/?p=11131"},"modified":"2026-03-17T21:22:50","modified_gmt":"2026-03-17T21:22:50","slug":"representacion-tica-conquista-podio-en-el-baloncesto-de-silla-de-ruedas-en-mexico","status":"publish","type":"post","link":"https:\/\/rgdeportes.com\/index.php\/2026\/03\/17\/representacion-tica-conquista-podio-en-el-baloncesto-de-silla-de-ruedas-en-mexico\/","title":{"rendered":"Representaci\u00f3n tica conquista podio en el Baloncesto de Silla de Ruedas en M\u00e9xico"},"content":{"rendered":"\n<figure class=\"wp-block-image size-large\"><img loading=\"lazy\" decoding=\"async\" width=\"1024\" height=\"473\" src=\"https:\/\/rgdeportes.com\/wp-content\/uploads\/2026\/03\/baloncesto-silla-de-ruedas-1024x473.jpg\" alt=\"\" class=\"wp-image-11132\" srcset=\"https:\/\/rgdeportes.com\/wp-content\/uploads\/2026\/03\/baloncesto-silla-de-ruedas-1024x473.jpg 1024w, https:\/\/rgdeportes.com\/wp-content\/uploads\/2026\/03\/baloncesto-silla-de-ruedas-300x139.jpg 300w, https:\/\/rgdeportes.com\/wp-content\/uploads\/2026\/03\/baloncesto-silla-de-ruedas-768x355.jpg 768w, https:\/\/rgdeportes.com\/wp-content\/uploads\/2026\/03\/baloncesto-silla-de-ruedas-1536x709.jpg 1536w, https:\/\/rgdeportes.com\/wp-content\/uploads\/2026\/03\/baloncesto-silla-de-ruedas.jpg 1600w\" sizes=\"auto, (max-width: 1024px) 100vw, 1024px\" \/><\/figure>\n\n\n\n<p>El equipo de Baloncesto en Silla de Ruedas de Heredia tuvo una destacada participaci\u00f3n en el Open Internacional BSR 2026, realizado del 12 al 15 de marzo en Celaya, Guanajuato (M\u00e9xico), donde logr\u00f3 subir al podio con un meritorio tercer lugar en un torneo de alto nivel competitivo.<\/p>\n\n\n\n<p>Durante la fase de grupos, los heredianos demostraron su gran nivel deportivo al conseguir importantes victorias ante los equipos de Panam\u00e1, Celaya y San Luis de Potos\u00ed, asegurando su pase a las semifinales.<\/p>\n\n\n\n<p>En la semifinal, el equipo se enfrent\u00f3 al conjunto de Le\u00f3n, en un partido muy disputado que finaliz\u00f3 con un marcador ajustado a favor del equipo mexicano.<\/p>\n\n\n\n<p>Posteriormente, los heredianos disputaron el partido por el tercer lugar frente al equipo local de Celaya, donde lograron la victoria para asegurar un lugar en el podio y dejar desde ya su huella rumbo al Open Celaya 2027.<\/p>\n\n\n\n<p>El entrenador Max Viales destac\u00f3 el alto nivel del torneo y el desempe\u00f1o del equipo:<\/p>\n\n\n\n<p>\u201cFue un torneo de much\u00edsimo nivel competitivo. El equipo de Heredia, Costa Rica, se comport\u00f3 al m\u00e1s alto nivel. Logramos llegar a semifinales con cuatro partidos ganados y, aunque perdimos por una diferencia muy corta, pudimos cerrar el torneo con una victoria ante Celaya para obtener el tercer lugar.<\/p>\n\n\n\n<p>Participaron delegaciones internacionales como Colombia, Panam\u00e1 y Costa Rica, adem\u00e1s de varios equipos mexicanos, lo que hizo de este evento una competencia muy exigente.<\/p>\n\n\n\n<p>Estamos muy contentos porque, aunque el a\u00f1o pasado fuimos campeones del Open, hoy logramos un tercer lugar que tambi\u00e9n nos llena de orgullo, poniendo nuevamente en alto el nombre de Costa Rica y del Cant\u00f3n Central de Heredia.<\/p>\n\n\n\n<p>Agradecemos al Comit\u00e9 Cantonal de Deportes y Recreaci\u00f3n de Heredia por el apoyo brindado al equipo y a toda la afici\u00f3n herediana por su respaldo y sus oraciones. Seguiremos trabajando para continuar representando al pa\u00eds al m\u00e1s alto nivel\u201d.<\/p>\n\n\n\n<p>Con este resultado, el equipo herediano contin\u00faa consolid\u00e1ndose como uno de los referentes del baloncesto en silla de ruedas en la regi\u00f3n, manteni\u00e9ndose en el podio de esta importante competencia internacional en los \u00faltimos a\u00f1os.<\/p>\n","protected":false},"excerpt":{"rendered":"<p>El equipo de Baloncesto en Silla de Ruedas de Heredia tuvo una destacada participaci\u00f3n en el Open Internacional BSR 2026, realizado del 12 al 15 de marzo en Celaya, Guanajuato&hellip; <\/p>\n","protected":false},"author":2,"featured_media":11132,"comment_status":"closed","ping_status":"closed","sticky":false,"template":"","format":"standard","meta":{"om_disable_all_campaigns":false,"_monsterinsights_skip_tracking":false,"_monsterinsights_sitenote_active":false,"_monsterinsights_sitenote_note":"","_monsterinsights_sitenote_category":0,"footnotes":""},"categories":[7],"tags":[3350],"class_list":["post-11131","post","type-post","status-publish","format-standard","has-post-thumbnail","hentry","category-da","tag-baloncestosilladeruedas"],"aioseo_notices":[],"yoast_head":"<!-- This site is optimized with the Yoast SEO plugin v21.2 - https:\/\/yoast.com\/wordpress\/plugins\/seo\/ -->\n<title>Representaci\u00f3n tica conquista podio en el Baloncesto de Silla de Ruedas en M\u00e9xico - RG Deportes\u200e<\/title>\n<meta name=\"robots\" content=\"index, follow, max-snippet:-1, max-image-preview:large, max-video-preview:-1\" \/>\n<link rel=\"canonical\" href=\"https:\/\/rgdeportes.com\/index.php\/2026\/03\/17\/representacion-tica-conquista-podio-en-el-baloncesto-de-silla-de-ruedas-en-mexico\/\" \/>\n<meta property=\"og:locale\" content=\"es_ES\" \/>\n<meta property=\"og:type\" content=\"article\" \/>\n<meta property=\"og:title\" content=\"Representaci\u00f3n tica conquista podio en el Baloncesto de Silla de Ruedas en M\u00e9xico - RG Deportes\u200e\" \/>\n<meta property=\"og:description\" content=\"El equipo de Baloncesto en Silla de Ruedas de Heredia tuvo una destacada participaci\u00f3n en el Open Internacional BSR 2026, realizado del 12 al 15 de marzo en Celaya, Guanajuato&hellip;\" \/>\n<meta property=\"og:url\" content=\"https:\/\/rgdeportes.com\/index.php\/2026\/03\/17\/representacion-tica-conquista-podio-en-el-baloncesto-de-silla-de-ruedas-en-mexico\/\" \/>\n<meta property=\"og:site_name\" content=\"RG Deportes\u200e\" \/>\n<meta property=\"article:publisher\" content=\"https:\/\/www.facebook.com\/RandallGutierrezDeportes\/\" \/>\n<meta property=\"article:published_time\" content=\"2026-03-17T21:22:49+00:00\" \/>\n<meta property=\"article:modified_time\" content=\"2026-03-17T21:22:50+00:00\" \/>\n<meta property=\"og:image\" content=\"http:\/\/rgdeportes.com\/wp-content\/uploads\/2026\/03\/baloncesto-silla-de-ruedas.jpg\" \/>\n\t<meta property=\"og:image:width\" content=\"1600\" \/>\n\t<meta property=\"og:image:height\" content=\"739\" \/>\n\t<meta property=\"og:image:type\" content=\"image\/jpeg\" \/>\n<meta name=\"author\" content=\"Randall Gutierrez\" \/>\n<meta name=\"twitter:card\" content=\"summary_large_image\" \/>\n<meta name=\"twitter:label1\" content=\"Escrito por\" \/>\n\t<meta name=\"twitter:data1\" content=\"Randall Gutierrez\" \/>\n\t<meta name=\"twitter:label2\" content=\"Tiempo de lectura\" \/>\n\t<meta name=\"twitter:data2\" content=\"2 minutos\" \/>\n<script type=\"application\/ld+json\" class=\"yoast-schema-graph\">{\"@context\":\"https:\/\/schema.org\",\"@graph\":[{\"@type\":\"Article\",\"@id\":\"https:\/\/rgdeportes.com\/index.php\/2026\/03\/17\/representacion-tica-conquista-podio-en-el-baloncesto-de-silla-de-ruedas-en-mexico\/#article\",\"isPartOf\":{\"@id\":\"https:\/\/rgdeportes.com\/index.php\/2026\/03\/17\/representacion-tica-conquista-podio-en-el-baloncesto-de-silla-de-ruedas-en-mexico\/\"},\"author\":{\"name\":\"Randall Gutierrez\",\"@id\":\"https:\/\/rgdeportes.com\/#\/schema\/person\/91795323fddb335a4fd017bf0e4b1358\"},\"headline\":\"Representaci\u00f3n tica conquista podio en el Baloncesto de Silla de Ruedas en M\u00e9xico\",\"datePublished\":\"2026-03-17T21:22:49+00:00\",\"dateModified\":\"2026-03-17T21:22:50+00:00\",\"mainEntityOfPage\":{\"@id\":\"https:\/\/rgdeportes.com\/index.php\/2026\/03\/17\/representacion-tica-conquista-podio-en-el-baloncesto-de-silla-de-ruedas-en-mexico\/\"},\"wordCount\":376,\"publisher\":{\"@id\":\"https:\/\/rgdeportes.com\/#organization\"},\"keywords\":[\"#baloncestosilladeruedas\"],\"articleSection\":[\"Deporte Adaptado\"],\"inLanguage\":\"es\"},{\"@type\":\"WebPage\",\"@id\":\"https:\/\/rgdeportes.com\/index.php\/2026\/03\/17\/representacion-tica-conquista-podio-en-el-baloncesto-de-silla-de-ruedas-en-mexico\/\",\"url\":\"https:\/\/rgdeportes.com\/index.php\/2026\/03\/17\/representacion-tica-conquista-podio-en-el-baloncesto-de-silla-de-ruedas-en-mexico\/\",\"name\":\"Representaci\u00f3n tica conquista podio en el Baloncesto de Silla de Ruedas en M\u00e9xico - RG Deportes\u200e\",\"isPartOf\":{\"@id\":\"https:\/\/rgdeportes.com\/#website\"},\"datePublished\":\"2026-03-17T21:22:49+00:00\",\"dateModified\":\"2026-03-17T21:22:50+00:00\",\"breadcrumb\":{\"@id\":\"https:\/\/rgdeportes.com\/index.php\/2026\/03\/17\/representacion-tica-conquista-podio-en-el-baloncesto-de-silla-de-ruedas-en-mexico\/#breadcrumb\"},\"inLanguage\":\"es\",\"potentialAction\":[{\"@type\":\"ReadAction\",\"target\":[\"https:\/\/rgdeportes.com\/index.php\/2026\/03\/17\/representacion-tica-conquista-podio-en-el-baloncesto-de-silla-de-ruedas-en-mexico\/\"]}]},{\"@type\":\"BreadcrumbList\",\"@id\":\"https:\/\/rgdeportes.com\/index.php\/2026\/03\/17\/representacion-tica-conquista-podio-en-el-baloncesto-de-silla-de-ruedas-en-mexico\/#breadcrumb\",\"itemListElement\":[{\"@type\":\"ListItem\",\"position\":1,\"name\":\"Portada\",\"item\":\"https:\/\/rgdeportes.com\/\"},{\"@type\":\"ListItem\",\"position\":2,\"name\":\"Representaci\u00f3n tica conquista podio en el Baloncesto de Silla de Ruedas en M\u00e9xico\"}]},{\"@type\":\"WebSite\",\"@id\":\"https:\/\/rgdeportes.com\/#website\",\"url\":\"https:\/\/rgdeportes.com\/\",\"name\":\"RG Deportes\u200e\",\"description\":\"\",\"publisher\":{\"@id\":\"https:\/\/rgdeportes.com\/#organization\"},\"potentialAction\":[{\"@type\":\"SearchAction\",\"target\":{\"@type\":\"EntryPoint\",\"urlTemplate\":\"https:\/\/rgdeportes.com\/?s={search_term_string}\"},\"query-input\":\"required name=search_term_string\"}],\"inLanguage\":\"es\"},{\"@type\":\"Organization\",\"@id\":\"https:\/\/rgdeportes.com\/#organization\",\"name\":\"RG Deportes\",\"url\":\"https:\/\/rgdeportes.com\/\",\"logo\":{\"@type\":\"ImageObject\",\"inLanguage\":\"es\",\"@id\":\"https:\/\/rgdeportes.com\/#\/schema\/logo\/image\/\",\"url\":\"https:\/\/rgdeportes.com\/wp-content\/uploads\/2020\/09\/Logo.png\",\"contentUrl\":\"https:\/\/rgdeportes.com\/wp-content\/uploads\/2020\/09\/Logo.png\",\"width\":784,\"height\":552,\"caption\":\"RG Deportes\"},\"image\":{\"@id\":\"https:\/\/rgdeportes.com\/#\/schema\/logo\/image\/\"},\"sameAs\":[\"https:\/\/www.facebook.com\/RandallGutierrezDeportes\/\",\"https:\/\/www.instagram.com\/randallgutierrezdeportes\/\",\"https:\/\/www.youtube.com\/channel\/UCX4_qbvtnTwoF5t2zNqBDvA\"]},{\"@type\":\"Person\",\"@id\":\"https:\/\/rgdeportes.com\/#\/schema\/person\/91795323fddb335a4fd017bf0e4b1358\",\"name\":\"Randall Gutierrez\",\"image\":{\"@type\":\"ImageObject\",\"inLanguage\":\"es\",\"@id\":\"https:\/\/rgdeportes.com\/#\/schema\/person\/image\/\",\"url\":\"https:\/\/secure.gravatar.com\/avatar\/d0884ea8b9b50bcfad3c0d20049361b5?s=96&d=mm&r=g\",\"contentUrl\":\"https:\/\/secure.gravatar.com\/avatar\/d0884ea8b9b50bcfad3c0d20049361b5?s=96&d=mm&r=g\",\"caption\":\"Randall Gutierrez\"},\"url\":\"https:\/\/rgdeportes.com\/index.php\/author\/randall\/\"}]}<\/script>\n<!-- \/ Yoast SEO plugin. -->","yoast_head_json":{"title":"Representaci\u00f3n tica conquista podio en el Baloncesto de Silla de Ruedas en M\u00e9xico - RG Deportes\u200e","robots":{"index":"index","follow":"follow","max-snippet":"max-snippet:-1","max-image-preview":"max-image-preview:large","max-video-preview":"max-video-preview:-1"},"canonical":"https:\/\/rgdeportes.com\/index.php\/2026\/03\/17\/representacion-tica-conquista-podio-en-el-baloncesto-de-silla-de-ruedas-en-mexico\/","og_locale":"es_ES","og_type":"article","og_title":"Representaci\u00f3n tica conquista podio en el Baloncesto de Silla de Ruedas en M\u00e9xico - RG Deportes\u200e","og_description":"El equipo de Baloncesto en Silla de Ruedas de Heredia tuvo una destacada participaci\u00f3n en el Open Internacional BSR 2026, realizado del 12 al 15 de marzo en Celaya, Guanajuato&hellip;","og_url":"https:\/\/rgdeportes.com\/index.php\/2026\/03\/17\/representacion-tica-conquista-podio-en-el-baloncesto-de-silla-de-ruedas-en-mexico\/","og_site_name":"RG Deportes\u200e","article_publisher":"https:\/\/www.facebook.com\/RandallGutierrezDeportes\/","article_published_time":"2026-03-17T21:22:49+00:00","article_modified_time":"2026-03-17T21:22:50+00:00","og_image":[{"width":1600,"height":739,"url":"http:\/\/rgdeportes.com\/wp-content\/uploads\/2026\/03\/baloncesto-silla-de-ruedas.jpg","type":"image\/jpeg"}],"author":"Randall Gutierrez","twitter_card":"summary_large_image","twitter_misc":{"Escrito por":"Randall Gutierrez","Tiempo de lectura":"2 minutos"},"schema":{"@context":"https:\/\/schema.org","@graph":[{"@type":"Article","@id":"https:\/\/rgdeportes.com\/index.php\/2026\/03\/17\/representacion-tica-conquista-podio-en-el-baloncesto-de-silla-de-ruedas-en-mexico\/#article","isPartOf":{"@id":"https:\/\/rgdeportes.com\/index.php\/2026\/03\/17\/representacion-tica-conquista-podio-en-el-baloncesto-de-silla-de-ruedas-en-mexico\/"},"author":{"name":"Randall Gutierrez","@id":"https:\/\/rgdeportes.com\/#\/schema\/person\/91795323fddb335a4fd017bf0e4b1358"},"headline":"Representaci\u00f3n tica conquista podio en el Baloncesto de Silla de Ruedas en M\u00e9xico","datePublished":"2026-03-17T21:22:49+00:00","dateModified":"2026-03-17T21:22:50+00:00","mainEntityOfPage":{"@id":"https:\/\/rgdeportes.com\/index.php\/2026\/03\/17\/representacion-tica-conquista-podio-en-el-baloncesto-de-silla-de-ruedas-en-mexico\/"},"wordCount":376,"publisher":{"@id":"https:\/\/rgdeportes.com\/#organization"},"keywords":["#baloncestosilladeruedas"],"articleSection":["Deporte Adaptado"],"inLanguage":"es"},{"@type":"WebPage","@id":"https:\/\/rgdeportes.com\/index.php\/2026\/03\/17\/representacion-tica-conquista-podio-en-el-baloncesto-de-silla-de-ruedas-en-mexico\/","url":"https:\/\/rgdeportes.com\/index.php\/2026\/03\/17\/representacion-tica-conquista-podio-en-el-baloncesto-de-silla-de-ruedas-en-mexico\/","name":"Representaci\u00f3n tica conquista podio en el Baloncesto de Silla de Ruedas en M\u00e9xico - RG Deportes\u200e","isPartOf":{"@id":"https:\/\/rgdeportes.com\/#website"},"datePublished":"2026-03-17T21:22:49+00:00","dateModified":"2026-03-17T21:22:50+00:00","breadcrumb":{"@id":"https:\/\/rgdeportes.com\/index.php\/2026\/03\/17\/representacion-tica-conquista-podio-en-el-baloncesto-de-silla-de-ruedas-en-mexico\/#breadcrumb"},"inLanguage":"es","potentialAction":[{"@type":"ReadAction","target":["https:\/\/rgdeportes.com\/index.php\/2026\/03\/17\/representacion-tica-conquista-podio-en-el-baloncesto-de-silla-de-ruedas-en-mexico\/"]}]},{"@type":"BreadcrumbList","@id":"https:\/\/rgdeportes.com\/index.php\/2026\/03\/17\/representacion-tica-conquista-podio-en-el-baloncesto-de-silla-de-ruedas-en-mexico\/#breadcrumb","itemListElement":[{"@type":"ListItem","position":1,"name":"Portada","item":"https:\/\/rgdeportes.com\/"},{"@type":"ListItem","position":2,"name":"Representaci\u00f3n tica conquista podio en el Baloncesto de Silla de Ruedas en M\u00e9xico"}]},{"@type":"WebSite","@id":"https:\/\/rgdeportes.com\/#website","url":"https:\/\/rgdeportes.com\/","name":"RG Deportes\u200e","description":"","publisher":{"@id":"https:\/\/rgdeportes.com\/#organization"},"potentialAction":[{"@type":"SearchAction","target":{"@type":"EntryPoint","urlTemplate":"https:\/\/rgdeportes.com\/?s={search_term_string}"},"query-input":"required name=search_term_string"}],"inLanguage":"es"},{"@type":"Organization","@id":"https:\/\/rgdeportes.com\/#organization","name":"RG Deportes","url":"https:\/\/rgdeportes.com\/","logo":{"@type":"ImageObject","inLanguage":"es","@id":"https:\/\/rgdeportes.com\/#\/schema\/logo\/image\/","url":"https:\/\/rgdeportes.com\/wp-content\/uploads\/2020\/09\/Logo.png","contentUrl":"https:\/\/rgdeportes.com\/wp-content\/uploads\/2020\/09\/Logo.png","width":784,"height":552,"caption":"RG Deportes"},"image":{"@id":"https:\/\/rgdeportes.com\/#\/schema\/logo\/image\/"},"sameAs":["https:\/\/www.facebook.com\/RandallGutierrezDeportes\/","https:\/\/www.instagram.com\/randallgutierrezdeportes\/","https:\/\/www.youtube.com\/channel\/UCX4_qbvtnTwoF5t2zNqBDvA"]},{"@type":"Person","@id":"https:\/\/rgdeportes.com\/#\/schema\/person\/91795323fddb335a4fd017bf0e4b1358","name":"Randall Gutierrez","image":{"@type":"ImageObject","inLanguage":"es","@id":"https:\/\/rgdeportes.com\/#\/schema\/person\/image\/","url":"https:\/\/secure.gravatar.com\/avatar\/d0884ea8b9b50bcfad3c0d20049361b5?s=96&d=mm&r=g","contentUrl":"https:\/\/secure.gravatar.com\/avatar\/d0884ea8b9b50bcfad3c0d20049361b5?s=96&d=mm&r=g","caption":"Randall Gutierrez"},"url":"https:\/\/rgdeportes.com\/index.php\/author\/randall\/"}]}},"_links":{"self":[{"href":"https:\/\/rgdeportes.com\/index.php\/wp-json\/wp\/v2\/posts\/11131","targetHints":{"allow":["GET"]}}],"collection":[{"href":"https:\/\/rgdeportes.com\/index.php\/wp-json\/wp\/v2\/posts"}],"about":[{"href":"https:\/\/rgdeportes.com\/index.php\/wp-json\/wp\/v2\/types\/post"}],"author":[{"embeddable":true,"href":"https:\/\/rgdeportes.com\/index.php\/wp-json\/wp\/v2\/users\/2"}],"replies":[{"embeddable":true,"href":"https:\/\/rgdeportes.com\/index.php\/wp-json\/wp\/v2\/comments?post=11131"}],"version-history":[{"count":1,"href":"https:\/\/rgdeportes.com\/index.php\/wp-json\/wp\/v2\/posts\/11131\/revisions"}],"predecessor-version":[{"id":11133,"href":"https:\/\/rgdeportes.com\/index.php\/wp-json\/wp\/v2\/posts\/11131\/revisions\/11133"}],"wp:featuredmedia":[{"embeddable":true,"href":"https:\/\/rgdeportes.com\/index.php\/wp-json\/wp\/v2\/media\/11132"}],"wp:attachment":[{"href":"https:\/\/rgdeportes.com\/index.php\/wp-json\/wp\/v2\/media?parent=11131"}],"wp:term":[{"taxonomy":"category","embeddable":true,"href":"https:\/\/rgdeportes.com\/index.php\/wp-json\/wp\/v2\/categories?post=11131"},{"taxonomy":"post_tag","embeddable":true,"href":"https:\/\/rgdeportes.com\/index.php\/wp-json\/wp\/v2\/tags?post=11131"}],"curies":[{"name":"wp","href":"https:\/\/api.w.org\/{rel}","templated":true}]}}