{"id":11119,"date":"2026-03-16T01:11:45","date_gmt":"2026-03-16T01:11:45","guid":{"rendered":"https:\/\/rgdeportes.com\/?p=11119"},"modified":"2026-03-16T01:11:46","modified_gmt":"2026-03-16T01:11:46","slug":"motociclismo-dio-a-conocer-el-equipo-honda-repsol-de-la-temporada-2026","status":"publish","type":"post","link":"https:\/\/rgdeportes.com\/index.php\/2026\/03\/16\/motociclismo-dio-a-conocer-el-equipo-honda-repsol-de-la-temporada-2026\/","title":{"rendered":"Motociclismo dio a conocer el equipo Honda Repsol de la temporada 2026"},"content":{"rendered":"\n<figure class=\"wp-block-image size-large\"><img loading=\"lazy\" decoding=\"async\" width=\"1024\" height=\"682\" src=\"https:\/\/rgdeportes.com\/wp-content\/uploads\/2026\/03\/1527-1024x682.jpeg\" alt=\"\" class=\"wp-image-11120\" srcset=\"https:\/\/rgdeportes.com\/wp-content\/uploads\/2026\/03\/1527-1024x682.jpeg 1024w, https:\/\/rgdeportes.com\/wp-content\/uploads\/2026\/03\/1527-300x200.jpeg 300w, https:\/\/rgdeportes.com\/wp-content\/uploads\/2026\/03\/1527-768x512.jpeg 768w, https:\/\/rgdeportes.com\/wp-content\/uploads\/2026\/03\/1527.jpeg 1280w\" sizes=\"auto, (max-width: 1024px) 100vw, 1024px\" \/><\/figure>\n\n\n\n<p>El equipo Honda Repsol, con el copatrocinio de Dunlop, present\u00f3 oficialmente la n\u00f3mina de pilotos que formar\u00e1n parte de su estructura deportiva durante la temporada 2026 en distintas modalidades del deporte motor nacional.<\/p>\n\n\n\n<p>La escuadra competir\u00e1 este a\u00f1o en varios de los principales campeonatos del pa\u00eds, incluyendo el Campeonato Nacional de Motocross, el Campeonato AMA Superbike Costa Rica y el Campeonato Nacional de Motovelocidad, consolidando as\u00ed su presencia en diferentes disciplinas del motociclismo.<\/p>\n\n\n\n<p>El equipo contar\u00e1 con pilotos en distintas categor\u00edas, combinando experiencia y nuevas figuras dentro del deporte motor nacional.<\/p>\n\n\n\n<p>En la disciplina de motocross, el equipo Honda Repsol contar\u00e1 con una amplia representaci\u00f3n en distintas categor\u00edas. La escuadra estar\u00e1 integrada por Antonio Antill\u00f3n y Alberto Antill\u00f3n (hijo) en Pre Expertos 250, Alberto Antill\u00f3n (padre) en Veteranos 50+, y Andrea Campos \u201cCookie\u201d en la categor\u00eda femenina,&nbsp; tambi\u00e9n destacan Tommy Herrera en MX2 Pro, Esteban Naranjo en Amateur +15, Conrad Haehner y Felipe Bonilla en Pre MX2, Ignacio Pazos y Daniel Zamora en MX2, adem\u00e1s de Adri\u00e1n Lobo en la categor\u00eda M\u00e1ster, conformando as\u00ed una estructura s\u00f3lida para afrontar la temporada 2026.<\/p>\n\n\n\n<p>El Campeonato Nacional de Motocross dar\u00e1 inicio el pr\u00f3ximo 22 de marzo, teniendo como sede para la primera fecha la pista La Olla en Alajuela.&nbsp;<\/p>\n\n\n\n<p>En la disciplina de motovelocidad, el equipo estar\u00e1 representado por Gerardo G\u00f3mez \u201cTatuaje\u201d y Adri\u00e1n Lobo, ambos en la categor\u00eda SM1 450. Los pilotos participar\u00e1n en dos importantes cert\u00e1menes del calendario nacional. El primero es el Campeonato AMA Superbike Costa Rica, que inici\u00f3 hace unas semanas en el circuito ubicado en Parque Diversiones y que tendr\u00e1 varias fechas programadas tanto en ese escenario como en el Circuito StarCars de Parque Viva.&nbsp; Adem\u00e1s, competir\u00e1n en el Campeonato Nacional de Motovelocidad ACM, que dar\u00e1 inicio este fin de semana en Parque Viva como parte del evento Moto Fest.<\/p>\n\n\n\n<p>\u201cPara nosotros en Sava es muy importante respaldar el deporte motor nacional y apoyar a los pilotos que representan nuestras marcas dentro de las diferentes competencias del pa\u00eds. El equipo Honda Repsol refleja ese compromiso con el desarrollo del talento y con la excelencia t\u00e9cnica, combinando experiencia y nuevas generaciones de pilotos. Desde nuestras \u00e1reas de Honda y Repsol buscamos acompa\u00f1arlos no solo con productos y soporte t\u00e9cnico, sino tambi\u00e9n con una estructura que les permita competir al m\u00e1s alto nivel durante la temporada 2026\u201d, se\u00f1al\u00f3 Freddy Alvarado, gerente de Postventa de Sava y representante de las marcas Honda y Repsol.<\/p>\n\n\n\n<p>Con esta estructura deportiva, el equipo Honda Repsol reafirma su compromiso con el desarrollo del deporte motor en Costa Rica, apostando por el talento nacional y por la participaci\u00f3n activa en las principales competencias del calendario 2026.<\/p>\n\n\n\n<p>Foto &#8211; MA COMUNICACI\u00d3N. <\/p>\n","protected":false},"excerpt":{"rendered":"<p>El equipo Honda Repsol, con el copatrocinio de Dunlop, present\u00f3 oficialmente la n\u00f3mina de pilotos que formar\u00e1n parte de su estructura deportiva durante la temporada 2026 en distintas modalidades del&hellip; <\/p>\n","protected":false},"author":2,"featured_media":11120,"comment_status":"closed","ping_status":"closed","sticky":false,"template":"","format":"standard","meta":{"om_disable_all_campaigns":false,"_monsterinsights_skip_tracking":false,"_monsterinsights_sitenote_active":false,"_monsterinsights_sitenote_note":"","_monsterinsights_sitenote_category":0,"footnotes":""},"categories":[524],"tags":[173],"class_list":["post-11119","post","type-post","status-publish","format-standard","has-post-thumbnail","hentry","category-ddm","tag-motociclismocr"],"aioseo_notices":[],"yoast_head":"<!-- This site is optimized with the Yoast SEO plugin v21.2 - https:\/\/yoast.com\/wordpress\/plugins\/seo\/ -->\n<title>Motociclismo dio a conocer el equipo Honda Repsol de la temporada 2026 - RG Deportes\u200e<\/title>\n<meta name=\"robots\" content=\"index, follow, max-snippet:-1, max-image-preview:large, max-video-preview:-1\" \/>\n<link rel=\"canonical\" href=\"https:\/\/rgdeportes.com\/index.php\/2026\/03\/16\/motociclismo-dio-a-conocer-el-equipo-honda-repsol-de-la-temporada-2026\/\" \/>\n<meta property=\"og:locale\" content=\"es_ES\" \/>\n<meta property=\"og:type\" content=\"article\" \/>\n<meta property=\"og:title\" content=\"Motociclismo dio a conocer el equipo Honda Repsol de la temporada 2026 - RG Deportes\u200e\" \/>\n<meta property=\"og:description\" content=\"El equipo Honda Repsol, con el copatrocinio de Dunlop, present\u00f3 oficialmente la n\u00f3mina de pilotos que formar\u00e1n parte de su estructura deportiva durante la temporada 2026 en distintas modalidades del&hellip;\" \/>\n<meta property=\"og:url\" content=\"https:\/\/rgdeportes.com\/index.php\/2026\/03\/16\/motociclismo-dio-a-conocer-el-equipo-honda-repsol-de-la-temporada-2026\/\" \/>\n<meta property=\"og:site_name\" content=\"RG Deportes\u200e\" \/>\n<meta property=\"article:publisher\" content=\"https:\/\/www.facebook.com\/RandallGutierrezDeportes\/\" \/>\n<meta property=\"article:published_time\" content=\"2026-03-16T01:11:45+00:00\" \/>\n<meta property=\"article:modified_time\" content=\"2026-03-16T01:11:46+00:00\" \/>\n<meta property=\"og:image\" content=\"http:\/\/rgdeportes.com\/wp-content\/uploads\/2026\/03\/1527.jpeg\" \/>\n\t<meta property=\"og:image:width\" content=\"1280\" \/>\n\t<meta property=\"og:image:height\" content=\"853\" \/>\n\t<meta property=\"og:image:type\" content=\"image\/jpeg\" \/>\n<meta name=\"author\" content=\"Randall Gutierrez\" \/>\n<meta name=\"twitter:card\" content=\"summary_large_image\" \/>\n<meta name=\"twitter:label1\" content=\"Escrito por\" \/>\n\t<meta name=\"twitter:data1\" content=\"Randall Gutierrez\" \/>\n\t<meta name=\"twitter:label2\" content=\"Tiempo de lectura\" \/>\n\t<meta name=\"twitter:data2\" content=\"3 minutos\" \/>\n<script type=\"application\/ld+json\" class=\"yoast-schema-graph\">{\"@context\":\"https:\/\/schema.org\",\"@graph\":[{\"@type\":\"Article\",\"@id\":\"https:\/\/rgdeportes.com\/index.php\/2026\/03\/16\/motociclismo-dio-a-conocer-el-equipo-honda-repsol-de-la-temporada-2026\/#article\",\"isPartOf\":{\"@id\":\"https:\/\/rgdeportes.com\/index.php\/2026\/03\/16\/motociclismo-dio-a-conocer-el-equipo-honda-repsol-de-la-temporada-2026\/\"},\"author\":{\"name\":\"Randall Gutierrez\",\"@id\":\"https:\/\/rgdeportes.com\/#\/schema\/person\/91795323fddb335a4fd017bf0e4b1358\"},\"headline\":\"Motociclismo dio a conocer el equipo Honda Repsol de la temporada 2026\",\"datePublished\":\"2026-03-16T01:11:45+00:00\",\"dateModified\":\"2026-03-16T01:11:46+00:00\",\"mainEntityOfPage\":{\"@id\":\"https:\/\/rgdeportes.com\/index.php\/2026\/03\/16\/motociclismo-dio-a-conocer-el-equipo-honda-repsol-de-la-temporada-2026\/\"},\"wordCount\":484,\"publisher\":{\"@id\":\"https:\/\/rgdeportes.com\/#organization\"},\"keywords\":[\"#MotociclismoCR\"],\"articleSection\":[\"Deportes de motor\"],\"inLanguage\":\"es\"},{\"@type\":\"WebPage\",\"@id\":\"https:\/\/rgdeportes.com\/index.php\/2026\/03\/16\/motociclismo-dio-a-conocer-el-equipo-honda-repsol-de-la-temporada-2026\/\",\"url\":\"https:\/\/rgdeportes.com\/index.php\/2026\/03\/16\/motociclismo-dio-a-conocer-el-equipo-honda-repsol-de-la-temporada-2026\/\",\"name\":\"Motociclismo dio a conocer el equipo Honda Repsol de la temporada 2026 - RG Deportes\u200e\",\"isPartOf\":{\"@id\":\"https:\/\/rgdeportes.com\/#website\"},\"datePublished\":\"2026-03-16T01:11:45+00:00\",\"dateModified\":\"2026-03-16T01:11:46+00:00\",\"breadcrumb\":{\"@id\":\"https:\/\/rgdeportes.com\/index.php\/2026\/03\/16\/motociclismo-dio-a-conocer-el-equipo-honda-repsol-de-la-temporada-2026\/#breadcrumb\"},\"inLanguage\":\"es\",\"potentialAction\":[{\"@type\":\"ReadAction\",\"target\":[\"https:\/\/rgdeportes.com\/index.php\/2026\/03\/16\/motociclismo-dio-a-conocer-el-equipo-honda-repsol-de-la-temporada-2026\/\"]}]},{\"@type\":\"BreadcrumbList\",\"@id\":\"https:\/\/rgdeportes.com\/index.php\/2026\/03\/16\/motociclismo-dio-a-conocer-el-equipo-honda-repsol-de-la-temporada-2026\/#breadcrumb\",\"itemListElement\":[{\"@type\":\"ListItem\",\"position\":1,\"name\":\"Portada\",\"item\":\"https:\/\/rgdeportes.com\/\"},{\"@type\":\"ListItem\",\"position\":2,\"name\":\"Motociclismo dio a conocer el equipo Honda Repsol de la temporada 2026\"}]},{\"@type\":\"WebSite\",\"@id\":\"https:\/\/rgdeportes.com\/#website\",\"url\":\"https:\/\/rgdeportes.com\/\",\"name\":\"RG Deportes\u200e\",\"description\":\"\",\"publisher\":{\"@id\":\"https:\/\/rgdeportes.com\/#organization\"},\"potentialAction\":[{\"@type\":\"SearchAction\",\"target\":{\"@type\":\"EntryPoint\",\"urlTemplate\":\"https:\/\/rgdeportes.com\/?s={search_term_string}\"},\"query-input\":\"required name=search_term_string\"}],\"inLanguage\":\"es\"},{\"@type\":\"Organization\",\"@id\":\"https:\/\/rgdeportes.com\/#organization\",\"name\":\"RG Deportes\",\"url\":\"https:\/\/rgdeportes.com\/\",\"logo\":{\"@type\":\"ImageObject\",\"inLanguage\":\"es\",\"@id\":\"https:\/\/rgdeportes.com\/#\/schema\/logo\/image\/\",\"url\":\"https:\/\/rgdeportes.com\/wp-content\/uploads\/2020\/09\/Logo.png\",\"contentUrl\":\"https:\/\/rgdeportes.com\/wp-content\/uploads\/2020\/09\/Logo.png\",\"width\":784,\"height\":552,\"caption\":\"RG Deportes\"},\"image\":{\"@id\":\"https:\/\/rgdeportes.com\/#\/schema\/logo\/image\/\"},\"sameAs\":[\"https:\/\/www.facebook.com\/RandallGutierrezDeportes\/\",\"https:\/\/www.instagram.com\/randallgutierrezdeportes\/\",\"https:\/\/www.youtube.com\/channel\/UCX4_qbvtnTwoF5t2zNqBDvA\"]},{\"@type\":\"Person\",\"@id\":\"https:\/\/rgdeportes.com\/#\/schema\/person\/91795323fddb335a4fd017bf0e4b1358\",\"name\":\"Randall Gutierrez\",\"image\":{\"@type\":\"ImageObject\",\"inLanguage\":\"es\",\"@id\":\"https:\/\/rgdeportes.com\/#\/schema\/person\/image\/\",\"url\":\"https:\/\/secure.gravatar.com\/avatar\/d0884ea8b9b50bcfad3c0d20049361b5?s=96&d=mm&r=g\",\"contentUrl\":\"https:\/\/secure.gravatar.com\/avatar\/d0884ea8b9b50bcfad3c0d20049361b5?s=96&d=mm&r=g\",\"caption\":\"Randall Gutierrez\"},\"url\":\"https:\/\/rgdeportes.com\/index.php\/author\/randall\/\"}]}<\/script>\n<!-- \/ Yoast SEO plugin. -->","yoast_head_json":{"title":"Motociclismo dio a conocer el equipo Honda Repsol de la temporada 2026 - RG Deportes\u200e","robots":{"index":"index","follow":"follow","max-snippet":"max-snippet:-1","max-image-preview":"max-image-preview:large","max-video-preview":"max-video-preview:-1"},"canonical":"https:\/\/rgdeportes.com\/index.php\/2026\/03\/16\/motociclismo-dio-a-conocer-el-equipo-honda-repsol-de-la-temporada-2026\/","og_locale":"es_ES","og_type":"article","og_title":"Motociclismo dio a conocer el equipo Honda Repsol de la temporada 2026 - RG Deportes\u200e","og_description":"El equipo Honda Repsol, con el copatrocinio de Dunlop, present\u00f3 oficialmente la n\u00f3mina de pilotos que formar\u00e1n parte de su estructura deportiva durante la temporada 2026 en distintas modalidades del&hellip;","og_url":"https:\/\/rgdeportes.com\/index.php\/2026\/03\/16\/motociclismo-dio-a-conocer-el-equipo-honda-repsol-de-la-temporada-2026\/","og_site_name":"RG Deportes\u200e","article_publisher":"https:\/\/www.facebook.com\/RandallGutierrezDeportes\/","article_published_time":"2026-03-16T01:11:45+00:00","article_modified_time":"2026-03-16T01:11:46+00:00","og_image":[{"width":1280,"height":853,"url":"http:\/\/rgdeportes.com\/wp-content\/uploads\/2026\/03\/1527.jpeg","type":"image\/jpeg"}],"author":"Randall Gutierrez","twitter_card":"summary_large_image","twitter_misc":{"Escrito por":"Randall Gutierrez","Tiempo de lectura":"3 minutos"},"schema":{"@context":"https:\/\/schema.org","@graph":[{"@type":"Article","@id":"https:\/\/rgdeportes.com\/index.php\/2026\/03\/16\/motociclismo-dio-a-conocer-el-equipo-honda-repsol-de-la-temporada-2026\/#article","isPartOf":{"@id":"https:\/\/rgdeportes.com\/index.php\/2026\/03\/16\/motociclismo-dio-a-conocer-el-equipo-honda-repsol-de-la-temporada-2026\/"},"author":{"name":"Randall Gutierrez","@id":"https:\/\/rgdeportes.com\/#\/schema\/person\/91795323fddb335a4fd017bf0e4b1358"},"headline":"Motociclismo dio a conocer el equipo Honda Repsol de la temporada 2026","datePublished":"2026-03-16T01:11:45+00:00","dateModified":"2026-03-16T01:11:46+00:00","mainEntityOfPage":{"@id":"https:\/\/rgdeportes.com\/index.php\/2026\/03\/16\/motociclismo-dio-a-conocer-el-equipo-honda-repsol-de-la-temporada-2026\/"},"wordCount":484,"publisher":{"@id":"https:\/\/rgdeportes.com\/#organization"},"keywords":["#MotociclismoCR"],"articleSection":["Deportes de motor"],"inLanguage":"es"},{"@type":"WebPage","@id":"https:\/\/rgdeportes.com\/index.php\/2026\/03\/16\/motociclismo-dio-a-conocer-el-equipo-honda-repsol-de-la-temporada-2026\/","url":"https:\/\/rgdeportes.com\/index.php\/2026\/03\/16\/motociclismo-dio-a-conocer-el-equipo-honda-repsol-de-la-temporada-2026\/","name":"Motociclismo dio a conocer el equipo Honda Repsol de la temporada 2026 - RG Deportes\u200e","isPartOf":{"@id":"https:\/\/rgdeportes.com\/#website"},"datePublished":"2026-03-16T01:11:45+00:00","dateModified":"2026-03-16T01:11:46+00:00","breadcrumb":{"@id":"https:\/\/rgdeportes.com\/index.php\/2026\/03\/16\/motociclismo-dio-a-conocer-el-equipo-honda-repsol-de-la-temporada-2026\/#breadcrumb"},"inLanguage":"es","potentialAction":[{"@type":"ReadAction","target":["https:\/\/rgdeportes.com\/index.php\/2026\/03\/16\/motociclismo-dio-a-conocer-el-equipo-honda-repsol-de-la-temporada-2026\/"]}]},{"@type":"BreadcrumbList","@id":"https:\/\/rgdeportes.com\/index.php\/2026\/03\/16\/motociclismo-dio-a-conocer-el-equipo-honda-repsol-de-la-temporada-2026\/#breadcrumb","itemListElement":[{"@type":"ListItem","position":1,"name":"Portada","item":"https:\/\/rgdeportes.com\/"},{"@type":"ListItem","position":2,"name":"Motociclismo dio a conocer el equipo Honda Repsol de la temporada 2026"}]},{"@type":"WebSite","@id":"https:\/\/rgdeportes.com\/#website","url":"https:\/\/rgdeportes.com\/","name":"RG Deportes\u200e","description":"","publisher":{"@id":"https:\/\/rgdeportes.com\/#organization"},"potentialAction":[{"@type":"SearchAction","target":{"@type":"EntryPoint","urlTemplate":"https:\/\/rgdeportes.com\/?s={search_term_string}"},"query-input":"required name=search_term_string"}],"inLanguage":"es"},{"@type":"Organization","@id":"https:\/\/rgdeportes.com\/#organization","name":"RG Deportes","url":"https:\/\/rgdeportes.com\/","logo":{"@type":"ImageObject","inLanguage":"es","@id":"https:\/\/rgdeportes.com\/#\/schema\/logo\/image\/","url":"https:\/\/rgdeportes.com\/wp-content\/uploads\/2020\/09\/Logo.png","contentUrl":"https:\/\/rgdeportes.com\/wp-content\/uploads\/2020\/09\/Logo.png","width":784,"height":552,"caption":"RG Deportes"},"image":{"@id":"https:\/\/rgdeportes.com\/#\/schema\/logo\/image\/"},"sameAs":["https:\/\/www.facebook.com\/RandallGutierrezDeportes\/","https:\/\/www.instagram.com\/randallgutierrezdeportes\/","https:\/\/www.youtube.com\/channel\/UCX4_qbvtnTwoF5t2zNqBDvA"]},{"@type":"Person","@id":"https:\/\/rgdeportes.com\/#\/schema\/person\/91795323fddb335a4fd017bf0e4b1358","name":"Randall Gutierrez","image":{"@type":"ImageObject","inLanguage":"es","@id":"https:\/\/rgdeportes.com\/#\/schema\/person\/image\/","url":"https:\/\/secure.gravatar.com\/avatar\/d0884ea8b9b50bcfad3c0d20049361b5?s=96&d=mm&r=g","contentUrl":"https:\/\/secure.gravatar.com\/avatar\/d0884ea8b9b50bcfad3c0d20049361b5?s=96&d=mm&r=g","caption":"Randall Gutierrez"},"url":"https:\/\/rgdeportes.com\/index.php\/author\/randall\/"}]}},"_links":{"self":[{"href":"https:\/\/rgdeportes.com\/index.php\/wp-json\/wp\/v2\/posts\/11119","targetHints":{"allow":["GET"]}}],"collection":[{"href":"https:\/\/rgdeportes.com\/index.php\/wp-json\/wp\/v2\/posts"}],"about":[{"href":"https:\/\/rgdeportes.com\/index.php\/wp-json\/wp\/v2\/types\/post"}],"author":[{"embeddable":true,"href":"https:\/\/rgdeportes.com\/index.php\/wp-json\/wp\/v2\/users\/2"}],"replies":[{"embeddable":true,"href":"https:\/\/rgdeportes.com\/index.php\/wp-json\/wp\/v2\/comments?post=11119"}],"version-history":[{"count":1,"href":"https:\/\/rgdeportes.com\/index.php\/wp-json\/wp\/v2\/posts\/11119\/revisions"}],"predecessor-version":[{"id":11121,"href":"https:\/\/rgdeportes.com\/index.php\/wp-json\/wp\/v2\/posts\/11119\/revisions\/11121"}],"wp:featuredmedia":[{"embeddable":true,"href":"https:\/\/rgdeportes.com\/index.php\/wp-json\/wp\/v2\/media\/11120"}],"wp:attachment":[{"href":"https:\/\/rgdeportes.com\/index.php\/wp-json\/wp\/v2\/media?parent=11119"}],"wp:term":[{"taxonomy":"category","embeddable":true,"href":"https:\/\/rgdeportes.com\/index.php\/wp-json\/wp\/v2\/categories?post=11119"},{"taxonomy":"post_tag","embeddable":true,"href":"https:\/\/rgdeportes.com\/index.php\/wp-json\/wp\/v2\/tags?post=11119"}],"curies":[{"name":"wp","href":"https:\/\/api.w.org\/{rel}","templated":true}]}}