{"id":11110,"date":"2026-03-14T05:36:25","date_gmt":"2026-03-14T05:36:25","guid":{"rendered":"https:\/\/rgdeportes.com\/?p=11110"},"modified":"2026-03-14T05:37:05","modified_gmt":"2026-03-14T05:37:05","slug":"la-liga-empieza-a-tomar-fuerza-en-la-recta-mas-importante","status":"publish","type":"post","link":"https:\/\/rgdeportes.com\/index.php\/2026\/03\/14\/la-liga-empieza-a-tomar-fuerza-en-la-recta-mas-importante\/","title":{"rendered":"La Liga toma fuerza en la recta m\u00e1s importante del torneo"},"content":{"rendered":"\n<figure class=\"wp-block-image size-large\"><img loading=\"lazy\" decoding=\"async\" width=\"757\" height=\"1024\" src=\"https:\/\/rgdeportes.com\/wp-content\/uploads\/2026\/03\/IMG-20260313-WA0140-757x1024.jpg\" alt=\"\" class=\"wp-image-11111\" srcset=\"https:\/\/rgdeportes.com\/wp-content\/uploads\/2026\/03\/IMG-20260313-WA0140-757x1024.jpg 757w, https:\/\/rgdeportes.com\/wp-content\/uploads\/2026\/03\/IMG-20260313-WA0140-222x300.jpg 222w, https:\/\/rgdeportes.com\/wp-content\/uploads\/2026\/03\/IMG-20260313-WA0140-768x1039.jpg 768w, https:\/\/rgdeportes.com\/wp-content\/uploads\/2026\/03\/IMG-20260313-WA0140.jpg 946w\" sizes=\"auto, (max-width: 757px) 100vw, 757px\" \/><\/figure>\n\n\n\n<p>Alajuela &#8211; El equipo Campe\u00f3n Nacional Liga Deportiva Alajuelense sac\u00f3 su tarea este viernes cuando derrot\u00f3 a gol por punto 3-0 al Municipal P\u00e9rez Zeled\u00f3n en el Estadio Alejandro Morera Soto esto por el Campeonato de Clausura 2026.<\/p>\n\n\n\n<p>Los goles rojinegros fueron obra de Jos\u00e9 Alvarado, \u00c1ngel Zald\u00edvar y Joel Campbell este \u00faltimo desde los once pasos.<\/p>\n\n\n\n<figure class=\"wp-block-image size-large\"><img loading=\"lazy\" decoding=\"async\" width=\"819\" height=\"1024\" src=\"https:\/\/rgdeportes.com\/wp-content\/uploads\/2026\/03\/IMG-20260313-WA0164-819x1024.jpg\" alt=\"\" class=\"wp-image-11112\" srcset=\"https:\/\/rgdeportes.com\/wp-content\/uploads\/2026\/03\/IMG-20260313-WA0164-819x1024.jpg 819w, https:\/\/rgdeportes.com\/wp-content\/uploads\/2026\/03\/IMG-20260313-WA0164-240x300.jpg 240w, https:\/\/rgdeportes.com\/wp-content\/uploads\/2026\/03\/IMG-20260313-WA0164-768x960.jpg 768w, https:\/\/rgdeportes.com\/wp-content\/uploads\/2026\/03\/IMG-20260313-WA0164-1229x1536.jpg 1229w, https:\/\/rgdeportes.com\/wp-content\/uploads\/2026\/03\/IMG-20260313-WA0164-1639x2048.jpg 1639w, https:\/\/rgdeportes.com\/wp-content\/uploads\/2026\/03\/IMG-20260313-WA0164-scaled.jpg 2048w\" sizes=\"auto, (max-width: 819px) 100vw, 819px\" \/><\/figure>\n\n\n\n<p>Con ello, Liga Deportiva Alajuelense entra a zona de clasificaci\u00f3n pero con un partido m\u00e1s y a esperas de lo que suceda con los dem\u00e1s juegos entre s\u00e1bado y domingo respectivamente.<\/p>\n\n\n\n<p><strong>Pr\u00f3ximo desaf\u00edo rojinegro<\/strong><\/p>\n\n\n\n<figure class=\"wp-block-image size-large\"><img loading=\"lazy\" decoding=\"async\" width=\"1024\" height=\"683\" src=\"https:\/\/rgdeportes.com\/wp-content\/uploads\/2026\/03\/IMG-20260313-WA0135-1024x683.jpg\" alt=\"\" class=\"wp-image-11113\" srcset=\"https:\/\/rgdeportes.com\/wp-content\/uploads\/2026\/03\/IMG-20260313-WA0135-1024x683.jpg 1024w, https:\/\/rgdeportes.com\/wp-content\/uploads\/2026\/03\/IMG-20260313-WA0135-300x200.jpg 300w, https:\/\/rgdeportes.com\/wp-content\/uploads\/2026\/03\/IMG-20260313-WA0135-768x512.jpg 768w, https:\/\/rgdeportes.com\/wp-content\/uploads\/2026\/03\/IMG-20260313-WA0135.jpg 1280w\" sizes=\"auto, (max-width: 1024px) 100vw, 1024px\" \/><\/figure>\n\n\n\n<p>Los manudos jugaron este viernes a las 8 de la noche, adelanto su jornada esto por el partido decisivo que enfrentar\u00e1 el pr\u00f3ximo martes 17 de marzo cuando se enfrente a Los \u00c1ngeles Football Club de los Estados Unidos por el juego de vuelta de la Concacaf Champions Cup.<\/p>\n\n\n\n<p>Es importante mencionar que para este partido las entradas se vendieron en su totalidad y la Liga podra avanzar siempre y cuando empate sin goles o logre la victoria por cualquier marcador.<\/p>\n\n\n\n<p>Por su parte, con el resultado de esta noche, Alajuelense toma confianza y si continua con esa racha podria asegurar su puesto de cara a las semifinales por el torneo local.<\/p>\n\n\n\n<p>Fotos  &#8211; Prensa Alajuelense. <\/p>\n","protected":false},"excerpt":{"rendered":"<p>Alajuela &#8211; El equipo Campe\u00f3n Nacional Liga Deportiva Alajuelense sac\u00f3 su tarea este viernes cuando derrot\u00f3 a gol por punto 3-0 al Municipal P\u00e9rez Zeled\u00f3n en el Estadio Alejandro Morera&hellip; <\/p>\n","protected":false},"author":2,"featured_media":11111,"comment_status":"closed","ping_status":"closed","sticky":false,"template":"","format":"standard","meta":{"om_disable_all_campaigns":false,"_monsterinsights_skip_tracking":false,"_monsterinsights_sitenote_active":false,"_monsterinsights_sitenote_note":"","_monsterinsights_sitenote_category":0,"footnotes":""},"categories":[5],"tags":[1430,3449,3448],"class_list":["post-11110","post","type-post","status-publish","format-standard","has-post-thumbnail","hentry","category-ft","tag-alajuelense","tag-leonrojinegro","tag-ligacr"],"aioseo_notices":[],"yoast_head":"<!-- This site is optimized with the Yoast SEO plugin v21.2 - https:\/\/yoast.com\/wordpress\/plugins\/seo\/ -->\n<title>La Liga toma fuerza en la recta m\u00e1s importante del torneo - RG Deportes\u200e<\/title>\n<meta name=\"robots\" content=\"index, follow, max-snippet:-1, max-image-preview:large, max-video-preview:-1\" \/>\n<link rel=\"canonical\" href=\"https:\/\/rgdeportes.com\/index.php\/2026\/03\/14\/la-liga-empieza-a-tomar-fuerza-en-la-recta-mas-importante\/\" \/>\n<meta property=\"og:locale\" content=\"es_ES\" \/>\n<meta property=\"og:type\" content=\"article\" \/>\n<meta property=\"og:title\" content=\"La Liga toma fuerza en la recta m\u00e1s importante del torneo - RG Deportes\u200e\" \/>\n<meta property=\"og:description\" content=\"Alajuela &#8211; El equipo Campe\u00f3n Nacional Liga Deportiva Alajuelense sac\u00f3 su tarea este viernes cuando derrot\u00f3 a gol por punto 3-0 al Municipal P\u00e9rez Zeled\u00f3n en el Estadio Alejandro Morera&hellip;\" \/>\n<meta property=\"og:url\" content=\"https:\/\/rgdeportes.com\/index.php\/2026\/03\/14\/la-liga-empieza-a-tomar-fuerza-en-la-recta-mas-importante\/\" \/>\n<meta property=\"og:site_name\" content=\"RG Deportes\u200e\" \/>\n<meta property=\"article:publisher\" content=\"https:\/\/www.facebook.com\/RandallGutierrezDeportes\/\" \/>\n<meta property=\"article:published_time\" content=\"2026-03-14T05:36:25+00:00\" \/>\n<meta property=\"article:modified_time\" content=\"2026-03-14T05:37:05+00:00\" \/>\n<meta property=\"og:image\" content=\"http:\/\/rgdeportes.com\/wp-content\/uploads\/2026\/03\/IMG-20260313-WA0140.jpg\" \/>\n\t<meta property=\"og:image:width\" content=\"946\" \/>\n\t<meta property=\"og:image:height\" content=\"1280\" \/>\n\t<meta property=\"og:image:type\" content=\"image\/jpeg\" \/>\n<meta name=\"author\" content=\"Randall Gutierrez\" \/>\n<meta name=\"twitter:card\" content=\"summary_large_image\" \/>\n<meta name=\"twitter:label1\" content=\"Escrito por\" \/>\n\t<meta name=\"twitter:data1\" content=\"Randall Gutierrez\" \/>\n\t<meta name=\"twitter:label2\" content=\"Tiempo de lectura\" \/>\n\t<meta name=\"twitter:data2\" content=\"2 minutos\" \/>\n<script type=\"application\/ld+json\" class=\"yoast-schema-graph\">{\"@context\":\"https:\/\/schema.org\",\"@graph\":[{\"@type\":\"Article\",\"@id\":\"https:\/\/rgdeportes.com\/index.php\/2026\/03\/14\/la-liga-empieza-a-tomar-fuerza-en-la-recta-mas-importante\/#article\",\"isPartOf\":{\"@id\":\"https:\/\/rgdeportes.com\/index.php\/2026\/03\/14\/la-liga-empieza-a-tomar-fuerza-en-la-recta-mas-importante\/\"},\"author\":{\"name\":\"Randall Gutierrez\",\"@id\":\"https:\/\/rgdeportes.com\/#\/schema\/person\/91795323fddb335a4fd017bf0e4b1358\"},\"headline\":\"La Liga toma fuerza en la recta m\u00e1s importante del torneo\",\"datePublished\":\"2026-03-14T05:36:25+00:00\",\"dateModified\":\"2026-03-14T05:37:05+00:00\",\"mainEntityOfPage\":{\"@id\":\"https:\/\/rgdeportes.com\/index.php\/2026\/03\/14\/la-liga-empieza-a-tomar-fuerza-en-la-recta-mas-importante\/\"},\"wordCount\":227,\"publisher\":{\"@id\":\"https:\/\/rgdeportes.com\/#organization\"},\"keywords\":[\"#Alajuelense\",\"#leonrojinegro\",\"#ligacr\"],\"articleSection\":[\"F\u00fatbol\"],\"inLanguage\":\"es\"},{\"@type\":\"WebPage\",\"@id\":\"https:\/\/rgdeportes.com\/index.php\/2026\/03\/14\/la-liga-empieza-a-tomar-fuerza-en-la-recta-mas-importante\/\",\"url\":\"https:\/\/rgdeportes.com\/index.php\/2026\/03\/14\/la-liga-empieza-a-tomar-fuerza-en-la-recta-mas-importante\/\",\"name\":\"La Liga toma fuerza en la recta m\u00e1s importante del torneo - RG Deportes\u200e\",\"isPartOf\":{\"@id\":\"https:\/\/rgdeportes.com\/#website\"},\"datePublished\":\"2026-03-14T05:36:25+00:00\",\"dateModified\":\"2026-03-14T05:37:05+00:00\",\"breadcrumb\":{\"@id\":\"https:\/\/rgdeportes.com\/index.php\/2026\/03\/14\/la-liga-empieza-a-tomar-fuerza-en-la-recta-mas-importante\/#breadcrumb\"},\"inLanguage\":\"es\",\"potentialAction\":[{\"@type\":\"ReadAction\",\"target\":[\"https:\/\/rgdeportes.com\/index.php\/2026\/03\/14\/la-liga-empieza-a-tomar-fuerza-en-la-recta-mas-importante\/\"]}]},{\"@type\":\"BreadcrumbList\",\"@id\":\"https:\/\/rgdeportes.com\/index.php\/2026\/03\/14\/la-liga-empieza-a-tomar-fuerza-en-la-recta-mas-importante\/#breadcrumb\",\"itemListElement\":[{\"@type\":\"ListItem\",\"position\":1,\"name\":\"Portada\",\"item\":\"https:\/\/rgdeportes.com\/\"},{\"@type\":\"ListItem\",\"position\":2,\"name\":\"La Liga toma fuerza en la recta m\u00e1s importante del torneo\"}]},{\"@type\":\"WebSite\",\"@id\":\"https:\/\/rgdeportes.com\/#website\",\"url\":\"https:\/\/rgdeportes.com\/\",\"name\":\"RG Deportes\u200e\",\"description\":\"\",\"publisher\":{\"@id\":\"https:\/\/rgdeportes.com\/#organization\"},\"potentialAction\":[{\"@type\":\"SearchAction\",\"target\":{\"@type\":\"EntryPoint\",\"urlTemplate\":\"https:\/\/rgdeportes.com\/?s={search_term_string}\"},\"query-input\":\"required name=search_term_string\"}],\"inLanguage\":\"es\"},{\"@type\":\"Organization\",\"@id\":\"https:\/\/rgdeportes.com\/#organization\",\"name\":\"RG Deportes\",\"url\":\"https:\/\/rgdeportes.com\/\",\"logo\":{\"@type\":\"ImageObject\",\"inLanguage\":\"es\",\"@id\":\"https:\/\/rgdeportes.com\/#\/schema\/logo\/image\/\",\"url\":\"https:\/\/rgdeportes.com\/wp-content\/uploads\/2020\/09\/Logo.png\",\"contentUrl\":\"https:\/\/rgdeportes.com\/wp-content\/uploads\/2020\/09\/Logo.png\",\"width\":784,\"height\":552,\"caption\":\"RG Deportes\"},\"image\":{\"@id\":\"https:\/\/rgdeportes.com\/#\/schema\/logo\/image\/\"},\"sameAs\":[\"https:\/\/www.facebook.com\/RandallGutierrezDeportes\/\",\"https:\/\/www.instagram.com\/randallgutierrezdeportes\/\",\"https:\/\/www.youtube.com\/channel\/UCX4_qbvtnTwoF5t2zNqBDvA\"]},{\"@type\":\"Person\",\"@id\":\"https:\/\/rgdeportes.com\/#\/schema\/person\/91795323fddb335a4fd017bf0e4b1358\",\"name\":\"Randall Gutierrez\",\"image\":{\"@type\":\"ImageObject\",\"inLanguage\":\"es\",\"@id\":\"https:\/\/rgdeportes.com\/#\/schema\/person\/image\/\",\"url\":\"https:\/\/secure.gravatar.com\/avatar\/d0884ea8b9b50bcfad3c0d20049361b5?s=96&d=mm&r=g\",\"contentUrl\":\"https:\/\/secure.gravatar.com\/avatar\/d0884ea8b9b50bcfad3c0d20049361b5?s=96&d=mm&r=g\",\"caption\":\"Randall Gutierrez\"},\"url\":\"https:\/\/rgdeportes.com\/index.php\/author\/randall\/\"}]}<\/script>\n<!-- \/ Yoast SEO plugin. -->","yoast_head_json":{"title":"La Liga toma fuerza en la recta m\u00e1s importante del torneo - RG Deportes\u200e","robots":{"index":"index","follow":"follow","max-snippet":"max-snippet:-1","max-image-preview":"max-image-preview:large","max-video-preview":"max-video-preview:-1"},"canonical":"https:\/\/rgdeportes.com\/index.php\/2026\/03\/14\/la-liga-empieza-a-tomar-fuerza-en-la-recta-mas-importante\/","og_locale":"es_ES","og_type":"article","og_title":"La Liga toma fuerza en la recta m\u00e1s importante del torneo - RG Deportes\u200e","og_description":"Alajuela &#8211; El equipo Campe\u00f3n Nacional Liga Deportiva Alajuelense sac\u00f3 su tarea este viernes cuando derrot\u00f3 a gol por punto 3-0 al Municipal P\u00e9rez Zeled\u00f3n en el Estadio Alejandro Morera&hellip;","og_url":"https:\/\/rgdeportes.com\/index.php\/2026\/03\/14\/la-liga-empieza-a-tomar-fuerza-en-la-recta-mas-importante\/","og_site_name":"RG Deportes\u200e","article_publisher":"https:\/\/www.facebook.com\/RandallGutierrezDeportes\/","article_published_time":"2026-03-14T05:36:25+00:00","article_modified_time":"2026-03-14T05:37:05+00:00","og_image":[{"width":946,"height":1280,"url":"http:\/\/rgdeportes.com\/wp-content\/uploads\/2026\/03\/IMG-20260313-WA0140.jpg","type":"image\/jpeg"}],"author":"Randall Gutierrez","twitter_card":"summary_large_image","twitter_misc":{"Escrito por":"Randall Gutierrez","Tiempo de lectura":"2 minutos"},"schema":{"@context":"https:\/\/schema.org","@graph":[{"@type":"Article","@id":"https:\/\/rgdeportes.com\/index.php\/2026\/03\/14\/la-liga-empieza-a-tomar-fuerza-en-la-recta-mas-importante\/#article","isPartOf":{"@id":"https:\/\/rgdeportes.com\/index.php\/2026\/03\/14\/la-liga-empieza-a-tomar-fuerza-en-la-recta-mas-importante\/"},"author":{"name":"Randall Gutierrez","@id":"https:\/\/rgdeportes.com\/#\/schema\/person\/91795323fddb335a4fd017bf0e4b1358"},"headline":"La Liga toma fuerza en la recta m\u00e1s importante del torneo","datePublished":"2026-03-14T05:36:25+00:00","dateModified":"2026-03-14T05:37:05+00:00","mainEntityOfPage":{"@id":"https:\/\/rgdeportes.com\/index.php\/2026\/03\/14\/la-liga-empieza-a-tomar-fuerza-en-la-recta-mas-importante\/"},"wordCount":227,"publisher":{"@id":"https:\/\/rgdeportes.com\/#organization"},"keywords":["#Alajuelense","#leonrojinegro","#ligacr"],"articleSection":["F\u00fatbol"],"inLanguage":"es"},{"@type":"WebPage","@id":"https:\/\/rgdeportes.com\/index.php\/2026\/03\/14\/la-liga-empieza-a-tomar-fuerza-en-la-recta-mas-importante\/","url":"https:\/\/rgdeportes.com\/index.php\/2026\/03\/14\/la-liga-empieza-a-tomar-fuerza-en-la-recta-mas-importante\/","name":"La Liga toma fuerza en la recta m\u00e1s importante del torneo - RG Deportes\u200e","isPartOf":{"@id":"https:\/\/rgdeportes.com\/#website"},"datePublished":"2026-03-14T05:36:25+00:00","dateModified":"2026-03-14T05:37:05+00:00","breadcrumb":{"@id":"https:\/\/rgdeportes.com\/index.php\/2026\/03\/14\/la-liga-empieza-a-tomar-fuerza-en-la-recta-mas-importante\/#breadcrumb"},"inLanguage":"es","potentialAction":[{"@type":"ReadAction","target":["https:\/\/rgdeportes.com\/index.php\/2026\/03\/14\/la-liga-empieza-a-tomar-fuerza-en-la-recta-mas-importante\/"]}]},{"@type":"BreadcrumbList","@id":"https:\/\/rgdeportes.com\/index.php\/2026\/03\/14\/la-liga-empieza-a-tomar-fuerza-en-la-recta-mas-importante\/#breadcrumb","itemListElement":[{"@type":"ListItem","position":1,"name":"Portada","item":"https:\/\/rgdeportes.com\/"},{"@type":"ListItem","position":2,"name":"La Liga toma fuerza en la recta m\u00e1s importante del torneo"}]},{"@type":"WebSite","@id":"https:\/\/rgdeportes.com\/#website","url":"https:\/\/rgdeportes.com\/","name":"RG Deportes\u200e","description":"","publisher":{"@id":"https:\/\/rgdeportes.com\/#organization"},"potentialAction":[{"@type":"SearchAction","target":{"@type":"EntryPoint","urlTemplate":"https:\/\/rgdeportes.com\/?s={search_term_string}"},"query-input":"required name=search_term_string"}],"inLanguage":"es"},{"@type":"Organization","@id":"https:\/\/rgdeportes.com\/#organization","name":"RG Deportes","url":"https:\/\/rgdeportes.com\/","logo":{"@type":"ImageObject","inLanguage":"es","@id":"https:\/\/rgdeportes.com\/#\/schema\/logo\/image\/","url":"https:\/\/rgdeportes.com\/wp-content\/uploads\/2020\/09\/Logo.png","contentUrl":"https:\/\/rgdeportes.com\/wp-content\/uploads\/2020\/09\/Logo.png","width":784,"height":552,"caption":"RG Deportes"},"image":{"@id":"https:\/\/rgdeportes.com\/#\/schema\/logo\/image\/"},"sameAs":["https:\/\/www.facebook.com\/RandallGutierrezDeportes\/","https:\/\/www.instagram.com\/randallgutierrezdeportes\/","https:\/\/www.youtube.com\/channel\/UCX4_qbvtnTwoF5t2zNqBDvA"]},{"@type":"Person","@id":"https:\/\/rgdeportes.com\/#\/schema\/person\/91795323fddb335a4fd017bf0e4b1358","name":"Randall Gutierrez","image":{"@type":"ImageObject","inLanguage":"es","@id":"https:\/\/rgdeportes.com\/#\/schema\/person\/image\/","url":"https:\/\/secure.gravatar.com\/avatar\/d0884ea8b9b50bcfad3c0d20049361b5?s=96&d=mm&r=g","contentUrl":"https:\/\/secure.gravatar.com\/avatar\/d0884ea8b9b50bcfad3c0d20049361b5?s=96&d=mm&r=g","caption":"Randall Gutierrez"},"url":"https:\/\/rgdeportes.com\/index.php\/author\/randall\/"}]}},"_links":{"self":[{"href":"https:\/\/rgdeportes.com\/index.php\/wp-json\/wp\/v2\/posts\/11110","targetHints":{"allow":["GET"]}}],"collection":[{"href":"https:\/\/rgdeportes.com\/index.php\/wp-json\/wp\/v2\/posts"}],"about":[{"href":"https:\/\/rgdeportes.com\/index.php\/wp-json\/wp\/v2\/types\/post"}],"author":[{"embeddable":true,"href":"https:\/\/rgdeportes.com\/index.php\/wp-json\/wp\/v2\/users\/2"}],"replies":[{"embeddable":true,"href":"https:\/\/rgdeportes.com\/index.php\/wp-json\/wp\/v2\/comments?post=11110"}],"version-history":[{"count":2,"href":"https:\/\/rgdeportes.com\/index.php\/wp-json\/wp\/v2\/posts\/11110\/revisions"}],"predecessor-version":[{"id":11115,"href":"https:\/\/rgdeportes.com\/index.php\/wp-json\/wp\/v2\/posts\/11110\/revisions\/11115"}],"wp:featuredmedia":[{"embeddable":true,"href":"https:\/\/rgdeportes.com\/index.php\/wp-json\/wp\/v2\/media\/11111"}],"wp:attachment":[{"href":"https:\/\/rgdeportes.com\/index.php\/wp-json\/wp\/v2\/media?parent=11110"}],"wp:term":[{"taxonomy":"category","embeddable":true,"href":"https:\/\/rgdeportes.com\/index.php\/wp-json\/wp\/v2\/categories?post=11110"},{"taxonomy":"post_tag","embeddable":true,"href":"https:\/\/rgdeportes.com\/index.php\/wp-json\/wp\/v2\/tags?post=11110"}],"curies":[{"name":"wp","href":"https:\/\/api.w.org\/{rel}","templated":true}]}}