{"id":11102,"date":"2026-03-14T05:01:15","date_gmt":"2026-03-14T05:01:15","guid":{"rendered":"https:\/\/rgdeportes.com\/?p=11102"},"modified":"2026-03-14T05:01:16","modified_gmt":"2026-03-14T05:01:16","slug":"parque-viva-es-la-sede-del-moto-fest-2026","status":"publish","type":"post","link":"https:\/\/rgdeportes.com\/index.php\/2026\/03\/14\/parque-viva-es-la-sede-del-moto-fest-2026\/","title":{"rendered":"Parque Viva es la sede del Moto Fest 2026"},"content":{"rendered":"\n<figure class=\"wp-block-image size-large\"><img loading=\"lazy\" decoding=\"async\" width=\"682\" height=\"1024\" src=\"http:\/\/rgdeportes.com\/wp-content\/uploads\/2026\/03\/WhatsApp-Image-2026-03-09-at-13.33.41-682x1024.jpeg\" alt=\"\" class=\"wp-image-11101\" srcset=\"https:\/\/rgdeportes.com\/wp-content\/uploads\/2026\/03\/WhatsApp-Image-2026-03-09-at-13.33.41-682x1024.jpeg 682w, https:\/\/rgdeportes.com\/wp-content\/uploads\/2026\/03\/WhatsApp-Image-2026-03-09-at-13.33.41-200x300.jpeg 200w, https:\/\/rgdeportes.com\/wp-content\/uploads\/2026\/03\/WhatsApp-Image-2026-03-09-at-13.33.41-768x1153.jpeg 768w, https:\/\/rgdeportes.com\/wp-content\/uploads\/2026\/03\/WhatsApp-Image-2026-03-09-at-13.33.41-1023x1536.jpeg 1023w, https:\/\/rgdeportes.com\/wp-content\/uploads\/2026\/03\/WhatsApp-Image-2026-03-09-at-13.33.41.jpeg 1066w\" sizes=\"auto, (max-width: 682px) 100vw, 682px\" \/><\/figure>\n\n\n\n<p>El domingo 15 de marzo se realizar\u00e1 el Moto Fest 2026 en el Parque Viva, un evento que reunir\u00e1 a motociclistas, familias y aficionados del motociclismo en una jornada llena de exhibiciones, entretenimiento y actividades, pero tambi\u00e9n con un claro mensaje de\u00a0conciencia y seguridad vial para los motociclistas en Costa Rica.<\/p>\n\n\n\n<p>El eevento se realizar\u00e1 a partir de las 9:30 de la ma\u00f1ana hasta las 4:30 de la tarde. <\/p>\n\n\n\n<p>La iniciativa busca promover un&nbsp;cambio de mentalidad en la cultura motociclista, con el objetivo de generar mayor responsabilidad en carretera y contribuir a la disminuci\u00f3n de la mortalidad y la violencia vial.<\/p>\n\n\n\n<p>Durante la actividad, el espacio de&nbsp;pits de Parque Viva se transformar\u00e1 en un gran campo ferial, donde m\u00e1s de&nbsp;60 marcas del sector del motociclismo&nbsp;exhibir\u00e1n las \u00faltimas tendencias en motocicletas, seguridad, protecci\u00f3n, repuestos y accesorios.<\/p>\n\n\n\n<p>Moto Fest 2026 tambi\u00e9n ofrecer\u00e1 un ambiente familiar, donde los asistentes podr\u00e1n llevar&nbsp;hieleras, parrillas y crear su propio espacio de convivencia, disfrutando durante todo el d\u00eda de m\u00fasica, gastronom\u00eda y diferentes actividades.<\/p>\n\n\n\n<p>Entre los principales atractivos del evento destacan:<\/p>\n\n\n\n<figure class=\"wp-block-image size-large\"><img loading=\"lazy\" decoding=\"async\" width=\"682\" height=\"1024\" src=\"https:\/\/rgdeportes.com\/wp-content\/uploads\/2026\/03\/WhatsApp-Image-2026-03-09-at-13.34.20-682x1024.jpeg\" alt=\"\" class=\"wp-image-11103\" srcset=\"https:\/\/rgdeportes.com\/wp-content\/uploads\/2026\/03\/WhatsApp-Image-2026-03-09-at-13.34.20-682x1024.jpeg 682w, https:\/\/rgdeportes.com\/wp-content\/uploads\/2026\/03\/WhatsApp-Image-2026-03-09-at-13.34.20-200x300.jpeg 200w, https:\/\/rgdeportes.com\/wp-content\/uploads\/2026\/03\/WhatsApp-Image-2026-03-09-at-13.34.20-768x1153.jpeg 768w, https:\/\/rgdeportes.com\/wp-content\/uploads\/2026\/03\/WhatsApp-Image-2026-03-09-at-13.34.20-1023x1536.jpeg 1023w, https:\/\/rgdeportes.com\/wp-content\/uploads\/2026\/03\/WhatsApp-Image-2026-03-09-at-13.34.20.jpeg 1066w\" sizes=\"auto, (max-width: 682px) 100vw, 682px\" \/><\/figure>\n\n\n\n<p>Exhibiciones de motocicletas en pista&nbsp;con categor\u00edas de 250 cc, 450 cc, 600 cc y 1000 cc.<\/p>\n\n\n\n<p>Shows internacionales de Stunt y Bike Life.<\/p>\n\n\n\n<p>Show de freestyle del piloto costarricense Marco Picado, acompa\u00f1ado por tres pilotos internacionales.<\/p>\n\n\n\n<p>Copa de Drift.<\/p>\n\n\n\n<p>Primera fecha del Campeonato Nacional de Motovelocidad.<\/p>\n\n\n\n<p>Actividades recreativas para toda la familia.<\/p>\n\n\n\n<p>El evento contar\u00e1 con la participaci\u00f3n de&nbsp;pilotos internacionales provenientes de Brasil, Colombia, Puerto Rico, Guatemala, Estados Unidos y M\u00e9xico, quienes ofrecer\u00e1n espect\u00e1culos de alto nivel en diferentes modalidades. Entre los invitados destacan:<\/p>\n\n\n\n<p>Modalidad Stunt<\/p>\n\n\n\n<p>Iv\u00e1n \u201cPok\u00e9mon\u201d \u2013 Brasil<\/p>\n\n\n\n<p>Luquinha Wheeling \u2013 Brasil<\/p>\n\n\n\n<p>Neider Stunt \u2013 Colombia<\/p>\n\n\n\n<p>Musingo \u2013 Colombia<\/p>\n\n\n\n<p>Marvin Sosa \u2013 Guatemala<\/p>\n\n\n\n<p>Modalidad Bike Life<\/p>\n\n\n\n<p>Yulieth Mar\u00edn \u2013 Colombia<\/p>\n\n\n\n<p>Paskin \u2013 Colombia<\/p>\n\n\n\n<p>Dummy \u2013 Puerto Rico<\/p>\n\n\n\n<p>Kathia Yara \u2013 Puerto Rico (Bike Life en cuadraciclo)<\/p>\n\n\n\n<p>Adem\u00e1s, el piloto costarricense&nbsp;Marco Picado&nbsp;ofrecer\u00e1 un espect\u00e1culo de&nbsp;freestyle durante varias horas de entretenimiento, acompa\u00f1ado por tres pilotos internacionales invitados. Picado estar\u00e1 acompa\u00f1ado en su show junto a los pilotos Kevin Benavides y Christopher Sand\u00ed de Costa Rica y Johan Dungaray de M\u00e9xico.<\/p>\n\n\n\n<p>La entrada general para el evento tendr\u00e1 un costo de&nbsp;\u20a15.000 y con la compra del boleto los asistentes podr\u00e1n participar en la&nbsp;rifa de dos motocicletas al finalizar el evento: 1 motocicleta Honda Navi y 1 motocicleta Rocket 110 cc.<\/p>\n\n\n\n<p>Las entradas est\u00e1n disponibles a trav\u00e9s de www.passline.com y tambi\u00e9n podr\u00e1n adquirirse el d\u00eda del evento; el mismo ser\u00e1 abierto para toda la familia, permitiendo incluso la asistencia con mascotas, los&nbsp;ni\u00f1os menores de 12 a\u00f1os no pagan entrada. El parqueo tendr\u00e1 un costo de&nbsp;\u20a15.000&nbsp;y el lugar contar\u00e1 con puestos de comida y bebidas durante toda la jornada.<\/p>\n\n\n\n<p>Moto Fest 2026&nbsp;es organizado por&nbsp;Moto Repuestos Popular&nbsp;y producido por&nbsp;Morbil Producci\u00f3n, consolid\u00e1ndose como una de las actividades m\u00e1s importantes del motociclismo en el pa\u00eds.<\/p>\n\n\n\n<p>Fotos &#8211; MA COMUNICACI\u00d3N <\/p>\n","protected":false},"excerpt":{"rendered":"<p>El domingo 15 de marzo se realizar\u00e1 el Moto Fest 2026 en el Parque Viva, un evento que reunir\u00e1 a motociclistas, familias y aficionados del motociclismo en una jornada llena&hellip; <\/p>\n","protected":false},"author":2,"featured_media":11101,"comment_status":"closed","ping_status":"closed","sticky":false,"template":"","format":"standard","meta":{"om_disable_all_campaigns":false,"_monsterinsights_skip_tracking":false,"_monsterinsights_sitenote_active":false,"_monsterinsights_sitenote_note":"","_monsterinsights_sitenote_category":0,"footnotes":""},"categories":[524],"tags":[3447,1184],"class_list":["post-11102","post","type-post","status-publish","format-standard","has-post-thumbnail","hentry","category-ddm","tag-eventomotofest","tag-motoscr"],"aioseo_notices":[],"yoast_head":"<!-- This site is optimized with the Yoast SEO plugin v21.2 - https:\/\/yoast.com\/wordpress\/plugins\/seo\/ -->\n<title>Parque Viva es la sede del Moto Fest 2026 - RG Deportes\u200e<\/title>\n<meta name=\"robots\" content=\"index, follow, max-snippet:-1, max-image-preview:large, max-video-preview:-1\" \/>\n<link rel=\"canonical\" href=\"https:\/\/rgdeportes.com\/index.php\/2026\/03\/14\/parque-viva-es-la-sede-del-moto-fest-2026\/\" \/>\n<meta property=\"og:locale\" content=\"es_ES\" \/>\n<meta property=\"og:type\" content=\"article\" \/>\n<meta property=\"og:title\" content=\"Parque Viva es la sede del Moto Fest 2026 - RG Deportes\u200e\" \/>\n<meta property=\"og:description\" content=\"El domingo 15 de marzo se realizar\u00e1 el Moto Fest 2026 en el Parque Viva, un evento que reunir\u00e1 a motociclistas, familias y aficionados del motociclismo en una jornada llena&hellip;\" \/>\n<meta property=\"og:url\" content=\"https:\/\/rgdeportes.com\/index.php\/2026\/03\/14\/parque-viva-es-la-sede-del-moto-fest-2026\/\" \/>\n<meta property=\"og:site_name\" content=\"RG Deportes\u200e\" \/>\n<meta property=\"article:publisher\" content=\"https:\/\/www.facebook.com\/RandallGutierrezDeportes\/\" \/>\n<meta property=\"article:published_time\" content=\"2026-03-14T05:01:15+00:00\" \/>\n<meta property=\"article:modified_time\" content=\"2026-03-14T05:01:16+00:00\" \/>\n<meta property=\"og:image\" content=\"http:\/\/rgdeportes.com\/wp-content\/uploads\/2026\/03\/WhatsApp-Image-2026-03-09-at-13.33.41.jpeg\" \/>\n\t<meta property=\"og:image:width\" content=\"1066\" \/>\n\t<meta property=\"og:image:height\" content=\"1600\" \/>\n\t<meta property=\"og:image:type\" content=\"image\/jpeg\" \/>\n<meta name=\"author\" content=\"Randall Gutierrez\" \/>\n<meta name=\"twitter:card\" content=\"summary_large_image\" \/>\n<meta name=\"twitter:label1\" content=\"Escrito por\" \/>\n\t<meta name=\"twitter:data1\" content=\"Randall Gutierrez\" \/>\n\t<meta name=\"twitter:label2\" content=\"Tiempo de lectura\" \/>\n\t<meta name=\"twitter:data2\" content=\"3 minutos\" \/>\n<script type=\"application\/ld+json\" class=\"yoast-schema-graph\">{\"@context\":\"https:\/\/schema.org\",\"@graph\":[{\"@type\":\"Article\",\"@id\":\"https:\/\/rgdeportes.com\/index.php\/2026\/03\/14\/parque-viva-es-la-sede-del-moto-fest-2026\/#article\",\"isPartOf\":{\"@id\":\"https:\/\/rgdeportes.com\/index.php\/2026\/03\/14\/parque-viva-es-la-sede-del-moto-fest-2026\/\"},\"author\":{\"name\":\"Randall Gutierrez\",\"@id\":\"https:\/\/rgdeportes.com\/#\/schema\/person\/91795323fddb335a4fd017bf0e4b1358\"},\"headline\":\"Parque Viva es la sede del Moto Fest 2026\",\"datePublished\":\"2026-03-14T05:01:15+00:00\",\"dateModified\":\"2026-03-14T05:01:16+00:00\",\"mainEntityOfPage\":{\"@id\":\"https:\/\/rgdeportes.com\/index.php\/2026\/03\/14\/parque-viva-es-la-sede-del-moto-fest-2026\/\"},\"wordCount\":528,\"publisher\":{\"@id\":\"https:\/\/rgdeportes.com\/#organization\"},\"keywords\":[\"#eventomotofest\",\"#Motoscr\"],\"articleSection\":[\"Deportes de motor\"],\"inLanguage\":\"es\"},{\"@type\":\"WebPage\",\"@id\":\"https:\/\/rgdeportes.com\/index.php\/2026\/03\/14\/parque-viva-es-la-sede-del-moto-fest-2026\/\",\"url\":\"https:\/\/rgdeportes.com\/index.php\/2026\/03\/14\/parque-viva-es-la-sede-del-moto-fest-2026\/\",\"name\":\"Parque Viva es la sede del Moto Fest 2026 - RG Deportes\u200e\",\"isPartOf\":{\"@id\":\"https:\/\/rgdeportes.com\/#website\"},\"datePublished\":\"2026-03-14T05:01:15+00:00\",\"dateModified\":\"2026-03-14T05:01:16+00:00\",\"breadcrumb\":{\"@id\":\"https:\/\/rgdeportes.com\/index.php\/2026\/03\/14\/parque-viva-es-la-sede-del-moto-fest-2026\/#breadcrumb\"},\"inLanguage\":\"es\",\"potentialAction\":[{\"@type\":\"ReadAction\",\"target\":[\"https:\/\/rgdeportes.com\/index.php\/2026\/03\/14\/parque-viva-es-la-sede-del-moto-fest-2026\/\"]}]},{\"@type\":\"BreadcrumbList\",\"@id\":\"https:\/\/rgdeportes.com\/index.php\/2026\/03\/14\/parque-viva-es-la-sede-del-moto-fest-2026\/#breadcrumb\",\"itemListElement\":[{\"@type\":\"ListItem\",\"position\":1,\"name\":\"Portada\",\"item\":\"https:\/\/rgdeportes.com\/\"},{\"@type\":\"ListItem\",\"position\":2,\"name\":\"Parque Viva es la sede del Moto Fest 2026\"}]},{\"@type\":\"WebSite\",\"@id\":\"https:\/\/rgdeportes.com\/#website\",\"url\":\"https:\/\/rgdeportes.com\/\",\"name\":\"RG Deportes\u200e\",\"description\":\"\",\"publisher\":{\"@id\":\"https:\/\/rgdeportes.com\/#organization\"},\"potentialAction\":[{\"@type\":\"SearchAction\",\"target\":{\"@type\":\"EntryPoint\",\"urlTemplate\":\"https:\/\/rgdeportes.com\/?s={search_term_string}\"},\"query-input\":\"required name=search_term_string\"}],\"inLanguage\":\"es\"},{\"@type\":\"Organization\",\"@id\":\"https:\/\/rgdeportes.com\/#organization\",\"name\":\"RG Deportes\",\"url\":\"https:\/\/rgdeportes.com\/\",\"logo\":{\"@type\":\"ImageObject\",\"inLanguage\":\"es\",\"@id\":\"https:\/\/rgdeportes.com\/#\/schema\/logo\/image\/\",\"url\":\"https:\/\/rgdeportes.com\/wp-content\/uploads\/2020\/09\/Logo.png\",\"contentUrl\":\"https:\/\/rgdeportes.com\/wp-content\/uploads\/2020\/09\/Logo.png\",\"width\":784,\"height\":552,\"caption\":\"RG Deportes\"},\"image\":{\"@id\":\"https:\/\/rgdeportes.com\/#\/schema\/logo\/image\/\"},\"sameAs\":[\"https:\/\/www.facebook.com\/RandallGutierrezDeportes\/\",\"https:\/\/www.instagram.com\/randallgutierrezdeportes\/\",\"https:\/\/www.youtube.com\/channel\/UCX4_qbvtnTwoF5t2zNqBDvA\"]},{\"@type\":\"Person\",\"@id\":\"https:\/\/rgdeportes.com\/#\/schema\/person\/91795323fddb335a4fd017bf0e4b1358\",\"name\":\"Randall Gutierrez\",\"image\":{\"@type\":\"ImageObject\",\"inLanguage\":\"es\",\"@id\":\"https:\/\/rgdeportes.com\/#\/schema\/person\/image\/\",\"url\":\"https:\/\/secure.gravatar.com\/avatar\/d0884ea8b9b50bcfad3c0d20049361b5?s=96&d=mm&r=g\",\"contentUrl\":\"https:\/\/secure.gravatar.com\/avatar\/d0884ea8b9b50bcfad3c0d20049361b5?s=96&d=mm&r=g\",\"caption\":\"Randall Gutierrez\"},\"url\":\"https:\/\/rgdeportes.com\/index.php\/author\/randall\/\"}]}<\/script>\n<!-- \/ Yoast SEO plugin. -->","yoast_head_json":{"title":"Parque Viva es la sede del Moto Fest 2026 - RG Deportes\u200e","robots":{"index":"index","follow":"follow","max-snippet":"max-snippet:-1","max-image-preview":"max-image-preview:large","max-video-preview":"max-video-preview:-1"},"canonical":"https:\/\/rgdeportes.com\/index.php\/2026\/03\/14\/parque-viva-es-la-sede-del-moto-fest-2026\/","og_locale":"es_ES","og_type":"article","og_title":"Parque Viva es la sede del Moto Fest 2026 - RG Deportes\u200e","og_description":"El domingo 15 de marzo se realizar\u00e1 el Moto Fest 2026 en el Parque Viva, un evento que reunir\u00e1 a motociclistas, familias y aficionados del motociclismo en una jornada llena&hellip;","og_url":"https:\/\/rgdeportes.com\/index.php\/2026\/03\/14\/parque-viva-es-la-sede-del-moto-fest-2026\/","og_site_name":"RG Deportes\u200e","article_publisher":"https:\/\/www.facebook.com\/RandallGutierrezDeportes\/","article_published_time":"2026-03-14T05:01:15+00:00","article_modified_time":"2026-03-14T05:01:16+00:00","og_image":[{"width":1066,"height":1600,"url":"http:\/\/rgdeportes.com\/wp-content\/uploads\/2026\/03\/WhatsApp-Image-2026-03-09-at-13.33.41.jpeg","type":"image\/jpeg"}],"author":"Randall Gutierrez","twitter_card":"summary_large_image","twitter_misc":{"Escrito por":"Randall Gutierrez","Tiempo de lectura":"3 minutos"},"schema":{"@context":"https:\/\/schema.org","@graph":[{"@type":"Article","@id":"https:\/\/rgdeportes.com\/index.php\/2026\/03\/14\/parque-viva-es-la-sede-del-moto-fest-2026\/#article","isPartOf":{"@id":"https:\/\/rgdeportes.com\/index.php\/2026\/03\/14\/parque-viva-es-la-sede-del-moto-fest-2026\/"},"author":{"name":"Randall Gutierrez","@id":"https:\/\/rgdeportes.com\/#\/schema\/person\/91795323fddb335a4fd017bf0e4b1358"},"headline":"Parque Viva es la sede del Moto Fest 2026","datePublished":"2026-03-14T05:01:15+00:00","dateModified":"2026-03-14T05:01:16+00:00","mainEntityOfPage":{"@id":"https:\/\/rgdeportes.com\/index.php\/2026\/03\/14\/parque-viva-es-la-sede-del-moto-fest-2026\/"},"wordCount":528,"publisher":{"@id":"https:\/\/rgdeportes.com\/#organization"},"keywords":["#eventomotofest","#Motoscr"],"articleSection":["Deportes de motor"],"inLanguage":"es"},{"@type":"WebPage","@id":"https:\/\/rgdeportes.com\/index.php\/2026\/03\/14\/parque-viva-es-la-sede-del-moto-fest-2026\/","url":"https:\/\/rgdeportes.com\/index.php\/2026\/03\/14\/parque-viva-es-la-sede-del-moto-fest-2026\/","name":"Parque Viva es la sede del Moto Fest 2026 - RG Deportes\u200e","isPartOf":{"@id":"https:\/\/rgdeportes.com\/#website"},"datePublished":"2026-03-14T05:01:15+00:00","dateModified":"2026-03-14T05:01:16+00:00","breadcrumb":{"@id":"https:\/\/rgdeportes.com\/index.php\/2026\/03\/14\/parque-viva-es-la-sede-del-moto-fest-2026\/#breadcrumb"},"inLanguage":"es","potentialAction":[{"@type":"ReadAction","target":["https:\/\/rgdeportes.com\/index.php\/2026\/03\/14\/parque-viva-es-la-sede-del-moto-fest-2026\/"]}]},{"@type":"BreadcrumbList","@id":"https:\/\/rgdeportes.com\/index.php\/2026\/03\/14\/parque-viva-es-la-sede-del-moto-fest-2026\/#breadcrumb","itemListElement":[{"@type":"ListItem","position":1,"name":"Portada","item":"https:\/\/rgdeportes.com\/"},{"@type":"ListItem","position":2,"name":"Parque Viva es la sede del Moto Fest 2026"}]},{"@type":"WebSite","@id":"https:\/\/rgdeportes.com\/#website","url":"https:\/\/rgdeportes.com\/","name":"RG Deportes\u200e","description":"","publisher":{"@id":"https:\/\/rgdeportes.com\/#organization"},"potentialAction":[{"@type":"SearchAction","target":{"@type":"EntryPoint","urlTemplate":"https:\/\/rgdeportes.com\/?s={search_term_string}"},"query-input":"required name=search_term_string"}],"inLanguage":"es"},{"@type":"Organization","@id":"https:\/\/rgdeportes.com\/#organization","name":"RG Deportes","url":"https:\/\/rgdeportes.com\/","logo":{"@type":"ImageObject","inLanguage":"es","@id":"https:\/\/rgdeportes.com\/#\/schema\/logo\/image\/","url":"https:\/\/rgdeportes.com\/wp-content\/uploads\/2020\/09\/Logo.png","contentUrl":"https:\/\/rgdeportes.com\/wp-content\/uploads\/2020\/09\/Logo.png","width":784,"height":552,"caption":"RG Deportes"},"image":{"@id":"https:\/\/rgdeportes.com\/#\/schema\/logo\/image\/"},"sameAs":["https:\/\/www.facebook.com\/RandallGutierrezDeportes\/","https:\/\/www.instagram.com\/randallgutierrezdeportes\/","https:\/\/www.youtube.com\/channel\/UCX4_qbvtnTwoF5t2zNqBDvA"]},{"@type":"Person","@id":"https:\/\/rgdeportes.com\/#\/schema\/person\/91795323fddb335a4fd017bf0e4b1358","name":"Randall Gutierrez","image":{"@type":"ImageObject","inLanguage":"es","@id":"https:\/\/rgdeportes.com\/#\/schema\/person\/image\/","url":"https:\/\/secure.gravatar.com\/avatar\/d0884ea8b9b50bcfad3c0d20049361b5?s=96&d=mm&r=g","contentUrl":"https:\/\/secure.gravatar.com\/avatar\/d0884ea8b9b50bcfad3c0d20049361b5?s=96&d=mm&r=g","caption":"Randall Gutierrez"},"url":"https:\/\/rgdeportes.com\/index.php\/author\/randall\/"}]}},"_links":{"self":[{"href":"https:\/\/rgdeportes.com\/index.php\/wp-json\/wp\/v2\/posts\/11102","targetHints":{"allow":["GET"]}}],"collection":[{"href":"https:\/\/rgdeportes.com\/index.php\/wp-json\/wp\/v2\/posts"}],"about":[{"href":"https:\/\/rgdeportes.com\/index.php\/wp-json\/wp\/v2\/types\/post"}],"author":[{"embeddable":true,"href":"https:\/\/rgdeportes.com\/index.php\/wp-json\/wp\/v2\/users\/2"}],"replies":[{"embeddable":true,"href":"https:\/\/rgdeportes.com\/index.php\/wp-json\/wp\/v2\/comments?post=11102"}],"version-history":[{"count":1,"href":"https:\/\/rgdeportes.com\/index.php\/wp-json\/wp\/v2\/posts\/11102\/revisions"}],"predecessor-version":[{"id":11104,"href":"https:\/\/rgdeportes.com\/index.php\/wp-json\/wp\/v2\/posts\/11102\/revisions\/11104"}],"wp:featuredmedia":[{"embeddable":true,"href":"https:\/\/rgdeportes.com\/index.php\/wp-json\/wp\/v2\/media\/11101"}],"wp:attachment":[{"href":"https:\/\/rgdeportes.com\/index.php\/wp-json\/wp\/v2\/media?parent=11102"}],"wp:term":[{"taxonomy":"category","embeddable":true,"href":"https:\/\/rgdeportes.com\/index.php\/wp-json\/wp\/v2\/categories?post=11102"},{"taxonomy":"post_tag","embeddable":true,"href":"https:\/\/rgdeportes.com\/index.php\/wp-json\/wp\/v2\/tags?post=11102"}],"curies":[{"name":"wp","href":"https:\/\/api.w.org\/{rel}","templated":true}]}}