{"id":11097,"date":"2026-03-14T04:35:54","date_gmt":"2026-03-14T04:35:54","guid":{"rendered":"https:\/\/rgdeportes.com\/?p=11097"},"modified":"2026-03-14T04:35:55","modified_gmt":"2026-03-14T04:35:55","slug":"ecuestre-de-costa-rica-afina-detalles-en-la-copa-barvak","status":"publish","type":"post","link":"https:\/\/rgdeportes.com\/index.php\/2026\/03\/14\/ecuestre-de-costa-rica-afina-detalles-en-la-copa-barvak\/","title":{"rendered":"Ecuestre de Costa Rica afina detalles en la Copa Barvak"},"content":{"rendered":"\n<figure class=\"wp-block-image size-large\"><img loading=\"lazy\" decoding=\"async\" width=\"1024\" height=\"682\" src=\"https:\/\/rgdeportes.com\/wp-content\/uploads\/2026\/03\/IMG-20260312-WA0068-1024x682.jpg\" alt=\"\" class=\"wp-image-11098\" srcset=\"https:\/\/rgdeportes.com\/wp-content\/uploads\/2026\/03\/IMG-20260312-WA0068-1024x682.jpg 1024w, https:\/\/rgdeportes.com\/wp-content\/uploads\/2026\/03\/IMG-20260312-WA0068-300x200.jpg 300w, https:\/\/rgdeportes.com\/wp-content\/uploads\/2026\/03\/IMG-20260312-WA0068-768x512.jpg 768w, https:\/\/rgdeportes.com\/wp-content\/uploads\/2026\/03\/IMG-20260312-WA0068-1536x1023.jpg 1536w, https:\/\/rgdeportes.com\/wp-content\/uploads\/2026\/03\/IMG-20260312-WA0068.jpg 1600w\" sizes=\"auto, (max-width: 1024px) 100vw, 1024px\" \/><\/figure>\n\n\n\n<p>Jinetes y caballos se alistan para la segunda competencia del a\u00f1o en Hacienda Barvak, que estar\u00e1 abierta al p\u00fablico este fin de semana con actividades para toda la familia<br>Heredia, marzo 2026. M\u00e1s de 25 jinetes y sus caballos se preparan para la segunda competencia de adiestramiento de la Copa Barvak 2026, que tendr\u00e1 lugar el s\u00e1bado 14 y domingo 15 de marzo en el centro ecuestre Hacienda Barvak, ubicado en Barva de Heredia.<\/p>\n\n\n\n<p>El evento estar\u00e1 abierto al p\u00fablico, desde las 8:30 a.m. hasta la 1:00 p.m., con una agenda de actividades complementarias para toda la familia.<\/p>\n\n\n\n<p>Una competencia de adiestramiento consiste en la ejecuci\u00f3n de una coreograf\u00eda por parte de cada binomio, como se le llama a la dupla conformada por un jinete y su caballo. Los participantes deleitar\u00e1n al p\u00fablico con diferentes trotes, giros y otros movimientos en la arena para demostrar su alto nivel de entrenamiento frente al jurado.<\/p>\n\n\n\n<p>\u201cEl deporte ecuestre requiere de una gran disciplina y una profunda conexi\u00f3n entre cada jinete y su caballo, que se logra con el entrenamiento constante, para ejecutar sus coreograf\u00edas con armon\u00eda y precisi\u00f3n. En la primera competencia, efectuada en febrero, pudimos comprobar el alto nivel de los participantes y esperamos un espect\u00e1culo de gran calidad para esta segunda fecha\u201d, afirm\u00f3 Luis Hidalgo, gerente administrativo de Hacienda Barvak.<\/p>\n\n\n\n<p>Este campo ecuestre, situado al pie de las monta\u00f1as heredianas, organiza cada a\u00f1o la Copa Barvak. Esta incluye varias competencias de adiestramiento y de salto entre febrero y noviembre, que son asignadas por la Federaci\u00f3n Ecuestre de Costa Rica.<\/p>\n\n\n\n<p>En esta segunda fecha, el juez chileno Max Pira\u00edno ser\u00e1 el responsable de calificar a los binomios con base en el reglamento oficial, disponible en redes sociales de Hacienda Barvak.<\/p>\n\n\n\n<p>\u201cNos complace abrir las puertas de nuestro centro ecuestre y extender la invitaci\u00f3n para que las familias tengan la oportunidad de venir a disfrutar un fin de semana al aire libre, admirar la belleza de los caballos y aprender sobre este deporte que cada vez adquiere mayor importancia en el pa\u00eds\u201d, dijo Hidalgo.<\/p>\n\n\n\n<p>Adem\u00e1s de disfrutar la competencia, los asistentes podr\u00e1n dar un paseo a caballo, hacer un tour en tractor por las instalaciones de Hacienda Barvak y adquirir alimentos y bebidas en un \u201cfood truck\u201d. El recorrido en tractor tendr\u00e1 un costo de \u00a25000 por persona y \u00a22500 para los ni\u00f1os de hasta 12 a\u00f1os, mientras que la vuelta a caballo costar\u00e1 \u00a23000 por persona y \u00a22500 para menores de 4 a 12 a\u00f1os de edad.<\/p>\n\n\n\n<p>Tambi\u00e9n se ofrecer\u00e1 un paquete que incluye el uso de parqueo y un tour individual a caballo o en tractor, por \u00a26000. El parqueo tendr\u00e1 un costo de \u00a23000.<\/p>\n\n\n\n<p>En medio de un paisaje espectacular, Hacienda Barvak es el espacio ideal para los amantes del deporte ecuestre, incluyendo clases de equitaci\u00f3n, alquiler de cuadras, picadero, pista de salto y entrenamiento de caballos, bajo los m\u00e1s altos est\u00e1ndares de calidad, seguridad y bienestar animal.<\/p>\n","protected":false},"excerpt":{"rendered":"<p>Jinetes y caballos se alistan para la segunda competencia del a\u00f1o en Hacienda Barvak, que estar\u00e1 abierta al p\u00fablico este fin de semana con actividades para toda la familiaHeredia, marzo&hellip; <\/p>\n","protected":false},"author":2,"featured_media":11098,"comment_status":"closed","ping_status":"closed","sticky":false,"template":"","format":"standard","meta":{"om_disable_all_campaigns":false,"_monsterinsights_skip_tracking":false,"_monsterinsights_sitenote_active":false,"_monsterinsights_sitenote_note":"","_monsterinsights_sitenote_category":0,"footnotes":""},"categories":[13],"tags":[3446,380],"class_list":["post-11097","post","type-post","status-publish","format-standard","has-post-thumbnail","hentry","category-od","tag-copabarvakecuestre","tag-ecuestrecostarica"],"aioseo_notices":[],"yoast_head":"<!-- This site is optimized with the Yoast SEO plugin v21.2 - https:\/\/yoast.com\/wordpress\/plugins\/seo\/ -->\n<title>Ecuestre de Costa Rica afina detalles en la Copa Barvak - RG Deportes\u200e<\/title>\n<meta name=\"robots\" content=\"index, follow, max-snippet:-1, max-image-preview:large, max-video-preview:-1\" \/>\n<link rel=\"canonical\" href=\"https:\/\/rgdeportes.com\/index.php\/2026\/03\/14\/ecuestre-de-costa-rica-afina-detalles-en-la-copa-barvak\/\" \/>\n<meta property=\"og:locale\" content=\"es_ES\" \/>\n<meta property=\"og:type\" content=\"article\" \/>\n<meta property=\"og:title\" content=\"Ecuestre de Costa Rica afina detalles en la Copa Barvak - RG Deportes\u200e\" \/>\n<meta property=\"og:description\" content=\"Jinetes y caballos se alistan para la segunda competencia del a\u00f1o en Hacienda Barvak, que estar\u00e1 abierta al p\u00fablico este fin de semana con actividades para toda la familiaHeredia, marzo&hellip;\" \/>\n<meta property=\"og:url\" content=\"https:\/\/rgdeportes.com\/index.php\/2026\/03\/14\/ecuestre-de-costa-rica-afina-detalles-en-la-copa-barvak\/\" \/>\n<meta property=\"og:site_name\" content=\"RG Deportes\u200e\" \/>\n<meta property=\"article:publisher\" content=\"https:\/\/www.facebook.com\/RandallGutierrezDeportes\/\" \/>\n<meta property=\"article:published_time\" content=\"2026-03-14T04:35:54+00:00\" \/>\n<meta property=\"article:modified_time\" content=\"2026-03-14T04:35:55+00:00\" \/>\n<meta property=\"og:image\" content=\"http:\/\/rgdeportes.com\/wp-content\/uploads\/2026\/03\/IMG-20260312-WA0068.jpg\" \/>\n\t<meta property=\"og:image:width\" content=\"1600\" \/>\n\t<meta property=\"og:image:height\" content=\"1066\" \/>\n\t<meta property=\"og:image:type\" content=\"image\/jpeg\" \/>\n<meta name=\"author\" content=\"Randall Gutierrez\" \/>\n<meta name=\"twitter:card\" content=\"summary_large_image\" \/>\n<meta name=\"twitter:label1\" content=\"Escrito por\" \/>\n\t<meta name=\"twitter:data1\" content=\"Randall Gutierrez\" \/>\n\t<meta name=\"twitter:label2\" content=\"Tiempo de lectura\" \/>\n\t<meta name=\"twitter:data2\" content=\"3 minutos\" \/>\n<script type=\"application\/ld+json\" class=\"yoast-schema-graph\">{\"@context\":\"https:\/\/schema.org\",\"@graph\":[{\"@type\":\"Article\",\"@id\":\"https:\/\/rgdeportes.com\/index.php\/2026\/03\/14\/ecuestre-de-costa-rica-afina-detalles-en-la-copa-barvak\/#article\",\"isPartOf\":{\"@id\":\"https:\/\/rgdeportes.com\/index.php\/2026\/03\/14\/ecuestre-de-costa-rica-afina-detalles-en-la-copa-barvak\/\"},\"author\":{\"name\":\"Randall Gutierrez\",\"@id\":\"https:\/\/rgdeportes.com\/#\/schema\/person\/91795323fddb335a4fd017bf0e4b1358\"},\"headline\":\"Ecuestre de Costa Rica afina detalles en la Copa Barvak\",\"datePublished\":\"2026-03-14T04:35:54+00:00\",\"dateModified\":\"2026-03-14T04:35:55+00:00\",\"mainEntityOfPage\":{\"@id\":\"https:\/\/rgdeportes.com\/index.php\/2026\/03\/14\/ecuestre-de-costa-rica-afina-detalles-en-la-copa-barvak\/\"},\"wordCount\":513,\"publisher\":{\"@id\":\"https:\/\/rgdeportes.com\/#organization\"},\"keywords\":[\"#copabarvakecuestre\",\"#EcuestreCostaRica\"],\"articleSection\":[\"Otros deportes\"],\"inLanguage\":\"es\"},{\"@type\":\"WebPage\",\"@id\":\"https:\/\/rgdeportes.com\/index.php\/2026\/03\/14\/ecuestre-de-costa-rica-afina-detalles-en-la-copa-barvak\/\",\"url\":\"https:\/\/rgdeportes.com\/index.php\/2026\/03\/14\/ecuestre-de-costa-rica-afina-detalles-en-la-copa-barvak\/\",\"name\":\"Ecuestre de Costa Rica afina detalles en la Copa Barvak - RG Deportes\u200e\",\"isPartOf\":{\"@id\":\"https:\/\/rgdeportes.com\/#website\"},\"datePublished\":\"2026-03-14T04:35:54+00:00\",\"dateModified\":\"2026-03-14T04:35:55+00:00\",\"breadcrumb\":{\"@id\":\"https:\/\/rgdeportes.com\/index.php\/2026\/03\/14\/ecuestre-de-costa-rica-afina-detalles-en-la-copa-barvak\/#breadcrumb\"},\"inLanguage\":\"es\",\"potentialAction\":[{\"@type\":\"ReadAction\",\"target\":[\"https:\/\/rgdeportes.com\/index.php\/2026\/03\/14\/ecuestre-de-costa-rica-afina-detalles-en-la-copa-barvak\/\"]}]},{\"@type\":\"BreadcrumbList\",\"@id\":\"https:\/\/rgdeportes.com\/index.php\/2026\/03\/14\/ecuestre-de-costa-rica-afina-detalles-en-la-copa-barvak\/#breadcrumb\",\"itemListElement\":[{\"@type\":\"ListItem\",\"position\":1,\"name\":\"Portada\",\"item\":\"https:\/\/rgdeportes.com\/\"},{\"@type\":\"ListItem\",\"position\":2,\"name\":\"Ecuestre de Costa Rica afina detalles en la Copa Barvak\"}]},{\"@type\":\"WebSite\",\"@id\":\"https:\/\/rgdeportes.com\/#website\",\"url\":\"https:\/\/rgdeportes.com\/\",\"name\":\"RG Deportes\u200e\",\"description\":\"\",\"publisher\":{\"@id\":\"https:\/\/rgdeportes.com\/#organization\"},\"potentialAction\":[{\"@type\":\"SearchAction\",\"target\":{\"@type\":\"EntryPoint\",\"urlTemplate\":\"https:\/\/rgdeportes.com\/?s={search_term_string}\"},\"query-input\":\"required name=search_term_string\"}],\"inLanguage\":\"es\"},{\"@type\":\"Organization\",\"@id\":\"https:\/\/rgdeportes.com\/#organization\",\"name\":\"RG Deportes\",\"url\":\"https:\/\/rgdeportes.com\/\",\"logo\":{\"@type\":\"ImageObject\",\"inLanguage\":\"es\",\"@id\":\"https:\/\/rgdeportes.com\/#\/schema\/logo\/image\/\",\"url\":\"https:\/\/rgdeportes.com\/wp-content\/uploads\/2020\/09\/Logo.png\",\"contentUrl\":\"https:\/\/rgdeportes.com\/wp-content\/uploads\/2020\/09\/Logo.png\",\"width\":784,\"height\":552,\"caption\":\"RG Deportes\"},\"image\":{\"@id\":\"https:\/\/rgdeportes.com\/#\/schema\/logo\/image\/\"},\"sameAs\":[\"https:\/\/www.facebook.com\/RandallGutierrezDeportes\/\",\"https:\/\/www.instagram.com\/randallgutierrezdeportes\/\",\"https:\/\/www.youtube.com\/channel\/UCX4_qbvtnTwoF5t2zNqBDvA\"]},{\"@type\":\"Person\",\"@id\":\"https:\/\/rgdeportes.com\/#\/schema\/person\/91795323fddb335a4fd017bf0e4b1358\",\"name\":\"Randall Gutierrez\",\"image\":{\"@type\":\"ImageObject\",\"inLanguage\":\"es\",\"@id\":\"https:\/\/rgdeportes.com\/#\/schema\/person\/image\/\",\"url\":\"https:\/\/secure.gravatar.com\/avatar\/d0884ea8b9b50bcfad3c0d20049361b5?s=96&d=mm&r=g\",\"contentUrl\":\"https:\/\/secure.gravatar.com\/avatar\/d0884ea8b9b50bcfad3c0d20049361b5?s=96&d=mm&r=g\",\"caption\":\"Randall Gutierrez\"},\"url\":\"https:\/\/rgdeportes.com\/index.php\/author\/randall\/\"}]}<\/script>\n<!-- \/ Yoast SEO plugin. -->","yoast_head_json":{"title":"Ecuestre de Costa Rica afina detalles en la Copa Barvak - RG Deportes\u200e","robots":{"index":"index","follow":"follow","max-snippet":"max-snippet:-1","max-image-preview":"max-image-preview:large","max-video-preview":"max-video-preview:-1"},"canonical":"https:\/\/rgdeportes.com\/index.php\/2026\/03\/14\/ecuestre-de-costa-rica-afina-detalles-en-la-copa-barvak\/","og_locale":"es_ES","og_type":"article","og_title":"Ecuestre de Costa Rica afina detalles en la Copa Barvak - RG Deportes\u200e","og_description":"Jinetes y caballos se alistan para la segunda competencia del a\u00f1o en Hacienda Barvak, que estar\u00e1 abierta al p\u00fablico este fin de semana con actividades para toda la familiaHeredia, marzo&hellip;","og_url":"https:\/\/rgdeportes.com\/index.php\/2026\/03\/14\/ecuestre-de-costa-rica-afina-detalles-en-la-copa-barvak\/","og_site_name":"RG Deportes\u200e","article_publisher":"https:\/\/www.facebook.com\/RandallGutierrezDeportes\/","article_published_time":"2026-03-14T04:35:54+00:00","article_modified_time":"2026-03-14T04:35:55+00:00","og_image":[{"width":1600,"height":1066,"url":"http:\/\/rgdeportes.com\/wp-content\/uploads\/2026\/03\/IMG-20260312-WA0068.jpg","type":"image\/jpeg"}],"author":"Randall Gutierrez","twitter_card":"summary_large_image","twitter_misc":{"Escrito por":"Randall Gutierrez","Tiempo de lectura":"3 minutos"},"schema":{"@context":"https:\/\/schema.org","@graph":[{"@type":"Article","@id":"https:\/\/rgdeportes.com\/index.php\/2026\/03\/14\/ecuestre-de-costa-rica-afina-detalles-en-la-copa-barvak\/#article","isPartOf":{"@id":"https:\/\/rgdeportes.com\/index.php\/2026\/03\/14\/ecuestre-de-costa-rica-afina-detalles-en-la-copa-barvak\/"},"author":{"name":"Randall Gutierrez","@id":"https:\/\/rgdeportes.com\/#\/schema\/person\/91795323fddb335a4fd017bf0e4b1358"},"headline":"Ecuestre de Costa Rica afina detalles en la Copa Barvak","datePublished":"2026-03-14T04:35:54+00:00","dateModified":"2026-03-14T04:35:55+00:00","mainEntityOfPage":{"@id":"https:\/\/rgdeportes.com\/index.php\/2026\/03\/14\/ecuestre-de-costa-rica-afina-detalles-en-la-copa-barvak\/"},"wordCount":513,"publisher":{"@id":"https:\/\/rgdeportes.com\/#organization"},"keywords":["#copabarvakecuestre","#EcuestreCostaRica"],"articleSection":["Otros deportes"],"inLanguage":"es"},{"@type":"WebPage","@id":"https:\/\/rgdeportes.com\/index.php\/2026\/03\/14\/ecuestre-de-costa-rica-afina-detalles-en-la-copa-barvak\/","url":"https:\/\/rgdeportes.com\/index.php\/2026\/03\/14\/ecuestre-de-costa-rica-afina-detalles-en-la-copa-barvak\/","name":"Ecuestre de Costa Rica afina detalles en la Copa Barvak - RG Deportes\u200e","isPartOf":{"@id":"https:\/\/rgdeportes.com\/#website"},"datePublished":"2026-03-14T04:35:54+00:00","dateModified":"2026-03-14T04:35:55+00:00","breadcrumb":{"@id":"https:\/\/rgdeportes.com\/index.php\/2026\/03\/14\/ecuestre-de-costa-rica-afina-detalles-en-la-copa-barvak\/#breadcrumb"},"inLanguage":"es","potentialAction":[{"@type":"ReadAction","target":["https:\/\/rgdeportes.com\/index.php\/2026\/03\/14\/ecuestre-de-costa-rica-afina-detalles-en-la-copa-barvak\/"]}]},{"@type":"BreadcrumbList","@id":"https:\/\/rgdeportes.com\/index.php\/2026\/03\/14\/ecuestre-de-costa-rica-afina-detalles-en-la-copa-barvak\/#breadcrumb","itemListElement":[{"@type":"ListItem","position":1,"name":"Portada","item":"https:\/\/rgdeportes.com\/"},{"@type":"ListItem","position":2,"name":"Ecuestre de Costa Rica afina detalles en la Copa Barvak"}]},{"@type":"WebSite","@id":"https:\/\/rgdeportes.com\/#website","url":"https:\/\/rgdeportes.com\/","name":"RG Deportes\u200e","description":"","publisher":{"@id":"https:\/\/rgdeportes.com\/#organization"},"potentialAction":[{"@type":"SearchAction","target":{"@type":"EntryPoint","urlTemplate":"https:\/\/rgdeportes.com\/?s={search_term_string}"},"query-input":"required name=search_term_string"}],"inLanguage":"es"},{"@type":"Organization","@id":"https:\/\/rgdeportes.com\/#organization","name":"RG Deportes","url":"https:\/\/rgdeportes.com\/","logo":{"@type":"ImageObject","inLanguage":"es","@id":"https:\/\/rgdeportes.com\/#\/schema\/logo\/image\/","url":"https:\/\/rgdeportes.com\/wp-content\/uploads\/2020\/09\/Logo.png","contentUrl":"https:\/\/rgdeportes.com\/wp-content\/uploads\/2020\/09\/Logo.png","width":784,"height":552,"caption":"RG Deportes"},"image":{"@id":"https:\/\/rgdeportes.com\/#\/schema\/logo\/image\/"},"sameAs":["https:\/\/www.facebook.com\/RandallGutierrezDeportes\/","https:\/\/www.instagram.com\/randallgutierrezdeportes\/","https:\/\/www.youtube.com\/channel\/UCX4_qbvtnTwoF5t2zNqBDvA"]},{"@type":"Person","@id":"https:\/\/rgdeportes.com\/#\/schema\/person\/91795323fddb335a4fd017bf0e4b1358","name":"Randall Gutierrez","image":{"@type":"ImageObject","inLanguage":"es","@id":"https:\/\/rgdeportes.com\/#\/schema\/person\/image\/","url":"https:\/\/secure.gravatar.com\/avatar\/d0884ea8b9b50bcfad3c0d20049361b5?s=96&d=mm&r=g","contentUrl":"https:\/\/secure.gravatar.com\/avatar\/d0884ea8b9b50bcfad3c0d20049361b5?s=96&d=mm&r=g","caption":"Randall Gutierrez"},"url":"https:\/\/rgdeportes.com\/index.php\/author\/randall\/"}]}},"_links":{"self":[{"href":"https:\/\/rgdeportes.com\/index.php\/wp-json\/wp\/v2\/posts\/11097","targetHints":{"allow":["GET"]}}],"collection":[{"href":"https:\/\/rgdeportes.com\/index.php\/wp-json\/wp\/v2\/posts"}],"about":[{"href":"https:\/\/rgdeportes.com\/index.php\/wp-json\/wp\/v2\/types\/post"}],"author":[{"embeddable":true,"href":"https:\/\/rgdeportes.com\/index.php\/wp-json\/wp\/v2\/users\/2"}],"replies":[{"embeddable":true,"href":"https:\/\/rgdeportes.com\/index.php\/wp-json\/wp\/v2\/comments?post=11097"}],"version-history":[{"count":1,"href":"https:\/\/rgdeportes.com\/index.php\/wp-json\/wp\/v2\/posts\/11097\/revisions"}],"predecessor-version":[{"id":11099,"href":"https:\/\/rgdeportes.com\/index.php\/wp-json\/wp\/v2\/posts\/11097\/revisions\/11099"}],"wp:featuredmedia":[{"embeddable":true,"href":"https:\/\/rgdeportes.com\/index.php\/wp-json\/wp\/v2\/media\/11098"}],"wp:attachment":[{"href":"https:\/\/rgdeportes.com\/index.php\/wp-json\/wp\/v2\/media?parent=11097"}],"wp:term":[{"taxonomy":"category","embeddable":true,"href":"https:\/\/rgdeportes.com\/index.php\/wp-json\/wp\/v2\/categories?post=11097"},{"taxonomy":"post_tag","embeddable":true,"href":"https:\/\/rgdeportes.com\/index.php\/wp-json\/wp\/v2\/tags?post=11097"}],"curies":[{"name":"wp","href":"https:\/\/api.w.org\/{rel}","templated":true}]}}