{"id":11088,"date":"2026-03-11T22:51:15","date_gmt":"2026-03-11T22:51:15","guid":{"rendered":"https:\/\/rgdeportes.com\/?p=11088"},"modified":"2026-03-11T22:51:16","modified_gmt":"2026-03-11T22:51:16","slug":"escuderia-de-andre-solano-y-juan-diego-hernandez-con-miras-a-la-temporada-gt-challenge-de-las-americas","status":"publish","type":"post","link":"https:\/\/rgdeportes.com\/index.php\/2026\/03\/11\/escuderia-de-andre-solano-y-juan-diego-hernandez-con-miras-a-la-temporada-gt-challenge-de-las-americas\/","title":{"rendered":"Escuder\u00eda de Andr\u00e9 Solano y Juan Diego Hern\u00e1ndez con miras a la temporada GT Challenge de las Am\u00e9ricas"},"content":{"rendered":"\n<figure class=\"wp-block-image size-large\"><img loading=\"lazy\" decoding=\"async\" width=\"1024\" height=\"683\" src=\"https:\/\/rgdeportes.com\/wp-content\/uploads\/2026\/03\/WhatsApp-Image-2026-02-27-at-18.01.02-4-1024x683.jpeg\" alt=\"\" class=\"wp-image-11089\" srcset=\"https:\/\/rgdeportes.com\/wp-content\/uploads\/2026\/03\/WhatsApp-Image-2026-02-27-at-18.01.02-4-1024x683.jpeg 1024w, https:\/\/rgdeportes.com\/wp-content\/uploads\/2026\/03\/WhatsApp-Image-2026-02-27-at-18.01.02-4-300x200.jpeg 300w, https:\/\/rgdeportes.com\/wp-content\/uploads\/2026\/03\/WhatsApp-Image-2026-02-27-at-18.01.02-4-768x512.jpeg 768w, https:\/\/rgdeportes.com\/wp-content\/uploads\/2026\/03\/WhatsApp-Image-2026-02-27-at-18.01.02-4.jpeg 1280w\" sizes=\"auto, (max-width: 1024px) 100vw, 1024px\" \/><\/figure>\n\n\n\n<p>El piloto costarricense Andr\u00e9 Solano y el guatemalteco Juan Diego Hern\u00e1ndez, una dupla que re\u00fane experiencia, t\u00edtulos continentales y amplio conocimiento de los principales circuitos de la regi\u00f3n, con el objetivo de posicionarse como protagonista en uno de los campeonatos m\u00e1s exigentes del automovilismo americano.<\/p>\n\n\n\n<p>Ambos pilotos se proyectan para el Nacent Racing anunciando oficialmente la conformaci\u00f3n de cara a esta temporada GT Challenge de las Am\u00e9ricas 2026, donde competir\u00e1 con el Mercedes-Benz AMG GT3 EVO, uno de los veh\u00edculos m\u00e1s avanzados y competitivos del automovilismo Gran Turismo a nivel internacional.<\/p>\n\n\n\n<p>La incorporaci\u00f3n del Mercedes-Benz AMG GT3 EVO \u2014desarrollado bajo normativa FIA GT3\u2014 marca adem\u00e1s un paso estrat\u00e9gico dentro del crecimiento del automovilismo centroamericano en plataformas internacionales, consolidando un proyecto deportivo que combina talento consolidado, evoluci\u00f3n tecnol\u00f3gica y proyecci\u00f3n competitiva dentro del campeonato. <\/p>\n\n\n\n<figure class=\"wp-block-image size-large\"><img loading=\"lazy\" decoding=\"async\" width=\"825\" height=\"1024\" src=\"https:\/\/rgdeportes.com\/wp-content\/uploads\/2026\/03\/4-5-post-andre-y-juan-825x1024.jpg\" alt=\"\" class=\"wp-image-11090\" srcset=\"https:\/\/rgdeportes.com\/wp-content\/uploads\/2026\/03\/4-5-post-andre-y-juan-825x1024.jpg 825w, https:\/\/rgdeportes.com\/wp-content\/uploads\/2026\/03\/4-5-post-andre-y-juan-242x300.jpg 242w, https:\/\/rgdeportes.com\/wp-content\/uploads\/2026\/03\/4-5-post-andre-y-juan-768x953.jpg 768w, https:\/\/rgdeportes.com\/wp-content\/uploads\/2026\/03\/4-5-post-andre-y-juan-1238x1536.jpg 1238w, https:\/\/rgdeportes.com\/wp-content\/uploads\/2026\/03\/4-5-post-andre-y-juan-1650x2048.jpg 1650w\" sizes=\"auto, (max-width: 825px) 100vw, 825px\" \/><\/figure>\n\n\n\n<p>Solano afronta la nueva temporada como campe\u00f3n vigente del GT Challenge de las Am\u00e9ricas 2025 en la categor\u00eda GTS Turbo, tras una campa\u00f1a dominante en la que lider\u00f3 el certamen, registr\u00f3 r\u00e9cords de pista en Panam\u00e1 y Rep\u00fablica Dominicana, adem\u00e1s de m\u00faltiples pole positions y mejores tiempos de clasificaci\u00f3n. Su desempe\u00f1o lo consolid\u00f3 como una de las principales referencias competitivas del campeonato continental.<\/p>\n\n\n\n<p>\u201c<em>Me siento muy contento de iniciar una nueva temporada. Cada a\u00f1o representa un reto distinto y ahora llegamos con carro y compa\u00f1ero nuevo. Contamos con un auto \u00f3ptimo para las pistas de la regi\u00f3n por su torque y adem\u00e1s compartiremos equipo con Juan Diego, un piloto con gran experiencia y excampe\u00f3n del certamen<\/em>\u00ab, coment\u00f3, <strong>Andr\u00e9s Solano<\/strong>.<\/p>\n\n\n\n<p>Por su parte, el guatemalteco Juan Diego Hern\u00e1ndez, ex campe\u00f3n del GT Challenge de las Am\u00e9ricas y una de las figuras m\u00e1s consistentes del automovilismo regional, regresa al campeonato tras varios meses fuera de competencia.<\/p>\n\n\n\n<p>\u201c<em>Para m\u00ed es una gran alegr\u00eda volver al GT Challenge de las Am\u00e9ricas despu\u00e9s de un tiempo ausente. Hemos trabajado desde inicios de a\u00f1o para llegar en la mejor forma posible y adaptarnos al nuevo auto y al equipo. La expectativa es disfrutar el proceso, entender el carro y pelear por los primeros lugares<\/em>\u00ab, destac\u00f3, <strong>Hern\u00e1ndez<\/strong>.<\/p>\n\n\n\n<p>La temporada GT Challenge de las Am\u00e9ricas 2026 se disputar\u00e1 a lo largo de seis fechas internacionales, iniciando el 21 de marzo en el Aut\u00f3dromo de Panam\u00e1, con una segunda cita tambi\u00e9n en suelo paname\u00f1o el 7 de junio, para posteriormente continuar en Guyana, Rep\u00fablica Dominicana y M\u00e9xico, antes de celebrar su gran final el 6 de diciembre en Costa Rica, en el Circuito StarCars de Parque Viva. El campeonato reunir\u00e1 nuevamente a equipos y pilotos de alto nivel provenientes de distintos pa\u00edses<br>del continente, consolid\u00e1ndose como una de las plataformas m\u00e1s competitivas delautomovilismo GT en Am\u00e9rica Latina.<\/p>\n\n\n\n<p><strong>Fotos MA COMUNICACI\u00d3N.<\/strong><\/p>\n","protected":false},"excerpt":{"rendered":"<p>El piloto costarricense Andr\u00e9 Solano y el guatemalteco Juan Diego Hern\u00e1ndez, una dupla que re\u00fane experiencia, t\u00edtulos continentales y amplio conocimiento de los principales circuitos de la regi\u00f3n, con el&hellip; <\/p>\n","protected":false},"author":2,"featured_media":11090,"comment_status":"closed","ping_status":"closed","sticky":false,"template":"","format":"standard","meta":{"om_disable_all_campaigns":false,"_monsterinsights_skip_tracking":false,"_monsterinsights_sitenote_active":false,"_monsterinsights_sitenote_note":"","_monsterinsights_sitenote_category":0,"footnotes":""},"categories":[524],"tags":[3442,3444,3443],"class_list":["post-11088","post","type-post","status-publish","format-standard","has-post-thumbnail","hentry","category-ddm","tag-andresolano-2","tag-gtchallenge","tag-juandiegohernandez"],"aioseo_notices":[],"yoast_head":"<!-- This site is optimized with the Yoast SEO plugin v21.2 - https:\/\/yoast.com\/wordpress\/plugins\/seo\/ -->\n<title>Escuder\u00eda de Andr\u00e9 Solano y Juan Diego Hern\u00e1ndez con miras a la temporada GT Challenge de las Am\u00e9ricas - RG Deportes\u200e<\/title>\n<meta name=\"robots\" content=\"index, follow, max-snippet:-1, max-image-preview:large, max-video-preview:-1\" \/>\n<link rel=\"canonical\" href=\"https:\/\/rgdeportes.com\/index.php\/2026\/03\/11\/escuderia-de-andre-solano-y-juan-diego-hernandez-con-miras-a-la-temporada-gt-challenge-de-las-americas\/\" \/>\n<meta property=\"og:locale\" content=\"es_ES\" \/>\n<meta property=\"og:type\" content=\"article\" \/>\n<meta property=\"og:title\" content=\"Escuder\u00eda de Andr\u00e9 Solano y Juan Diego Hern\u00e1ndez con miras a la temporada GT Challenge de las Am\u00e9ricas - RG Deportes\u200e\" \/>\n<meta property=\"og:description\" content=\"El piloto costarricense Andr\u00e9 Solano y el guatemalteco Juan Diego Hern\u00e1ndez, una dupla que re\u00fane experiencia, t\u00edtulos continentales y amplio conocimiento de los principales circuitos de la regi\u00f3n, con el&hellip;\" \/>\n<meta property=\"og:url\" content=\"https:\/\/rgdeportes.com\/index.php\/2026\/03\/11\/escuderia-de-andre-solano-y-juan-diego-hernandez-con-miras-a-la-temporada-gt-challenge-de-las-americas\/\" \/>\n<meta property=\"og:site_name\" content=\"RG Deportes\u200e\" \/>\n<meta property=\"article:publisher\" content=\"https:\/\/www.facebook.com\/RandallGutierrezDeportes\/\" \/>\n<meta property=\"article:published_time\" content=\"2026-03-11T22:51:15+00:00\" \/>\n<meta property=\"article:modified_time\" content=\"2026-03-11T22:51:16+00:00\" \/>\n<meta property=\"og:image\" content=\"http:\/\/rgdeportes.com\/wp-content\/uploads\/2026\/03\/4-5-post-andre-y-juan-scaled.jpg\" \/>\n\t<meta property=\"og:image:width\" content=\"2063\" \/>\n\t<meta property=\"og:image:height\" content=\"2560\" \/>\n\t<meta property=\"og:image:type\" content=\"image\/jpeg\" \/>\n<meta name=\"author\" content=\"Randall Gutierrez\" \/>\n<meta name=\"twitter:card\" content=\"summary_large_image\" \/>\n<meta name=\"twitter:label1\" content=\"Escrito por\" \/>\n\t<meta name=\"twitter:data1\" content=\"Randall Gutierrez\" \/>\n\t<meta name=\"twitter:label2\" content=\"Tiempo de lectura\" \/>\n\t<meta name=\"twitter:data2\" content=\"3 minutos\" \/>\n<script type=\"application\/ld+json\" class=\"yoast-schema-graph\">{\"@context\":\"https:\/\/schema.org\",\"@graph\":[{\"@type\":\"Article\",\"@id\":\"https:\/\/rgdeportes.com\/index.php\/2026\/03\/11\/escuderia-de-andre-solano-y-juan-diego-hernandez-con-miras-a-la-temporada-gt-challenge-de-las-americas\/#article\",\"isPartOf\":{\"@id\":\"https:\/\/rgdeportes.com\/index.php\/2026\/03\/11\/escuderia-de-andre-solano-y-juan-diego-hernandez-con-miras-a-la-temporada-gt-challenge-de-las-americas\/\"},\"author\":{\"name\":\"Randall Gutierrez\",\"@id\":\"https:\/\/rgdeportes.com\/#\/schema\/person\/91795323fddb335a4fd017bf0e4b1358\"},\"headline\":\"Escuder\u00eda de Andr\u00e9 Solano y Juan Diego Hern\u00e1ndez con miras a la temporada GT Challenge de las Am\u00e9ricas\",\"datePublished\":\"2026-03-11T22:51:15+00:00\",\"dateModified\":\"2026-03-11T22:51:16+00:00\",\"mainEntityOfPage\":{\"@id\":\"https:\/\/rgdeportes.com\/index.php\/2026\/03\/11\/escuderia-de-andre-solano-y-juan-diego-hernandez-con-miras-a-la-temporada-gt-challenge-de-las-americas\/\"},\"wordCount\":509,\"publisher\":{\"@id\":\"https:\/\/rgdeportes.com\/#organization\"},\"keywords\":[\"#andr\u00e8solano\",\"#gtchallenge\",\"#juandiegohern\u00e0ndez\"],\"articleSection\":[\"Deportes de motor\"],\"inLanguage\":\"es\"},{\"@type\":\"WebPage\",\"@id\":\"https:\/\/rgdeportes.com\/index.php\/2026\/03\/11\/escuderia-de-andre-solano-y-juan-diego-hernandez-con-miras-a-la-temporada-gt-challenge-de-las-americas\/\",\"url\":\"https:\/\/rgdeportes.com\/index.php\/2026\/03\/11\/escuderia-de-andre-solano-y-juan-diego-hernandez-con-miras-a-la-temporada-gt-challenge-de-las-americas\/\",\"name\":\"Escuder\u00eda de Andr\u00e9 Solano y Juan Diego Hern\u00e1ndez con miras a la temporada GT Challenge de las Am\u00e9ricas - RG Deportes\u200e\",\"isPartOf\":{\"@id\":\"https:\/\/rgdeportes.com\/#website\"},\"datePublished\":\"2026-03-11T22:51:15+00:00\",\"dateModified\":\"2026-03-11T22:51:16+00:00\",\"breadcrumb\":{\"@id\":\"https:\/\/rgdeportes.com\/index.php\/2026\/03\/11\/escuderia-de-andre-solano-y-juan-diego-hernandez-con-miras-a-la-temporada-gt-challenge-de-las-americas\/#breadcrumb\"},\"inLanguage\":\"es\",\"potentialAction\":[{\"@type\":\"ReadAction\",\"target\":[\"https:\/\/rgdeportes.com\/index.php\/2026\/03\/11\/escuderia-de-andre-solano-y-juan-diego-hernandez-con-miras-a-la-temporada-gt-challenge-de-las-americas\/\"]}]},{\"@type\":\"BreadcrumbList\",\"@id\":\"https:\/\/rgdeportes.com\/index.php\/2026\/03\/11\/escuderia-de-andre-solano-y-juan-diego-hernandez-con-miras-a-la-temporada-gt-challenge-de-las-americas\/#breadcrumb\",\"itemListElement\":[{\"@type\":\"ListItem\",\"position\":1,\"name\":\"Portada\",\"item\":\"https:\/\/rgdeportes.com\/\"},{\"@type\":\"ListItem\",\"position\":2,\"name\":\"Escuder\u00eda de Andr\u00e9 Solano y Juan Diego Hern\u00e1ndez con miras a la temporada GT Challenge de las Am\u00e9ricas\"}]},{\"@type\":\"WebSite\",\"@id\":\"https:\/\/rgdeportes.com\/#website\",\"url\":\"https:\/\/rgdeportes.com\/\",\"name\":\"RG Deportes\u200e\",\"description\":\"\",\"publisher\":{\"@id\":\"https:\/\/rgdeportes.com\/#organization\"},\"potentialAction\":[{\"@type\":\"SearchAction\",\"target\":{\"@type\":\"EntryPoint\",\"urlTemplate\":\"https:\/\/rgdeportes.com\/?s={search_term_string}\"},\"query-input\":\"required name=search_term_string\"}],\"inLanguage\":\"es\"},{\"@type\":\"Organization\",\"@id\":\"https:\/\/rgdeportes.com\/#organization\",\"name\":\"RG Deportes\",\"url\":\"https:\/\/rgdeportes.com\/\",\"logo\":{\"@type\":\"ImageObject\",\"inLanguage\":\"es\",\"@id\":\"https:\/\/rgdeportes.com\/#\/schema\/logo\/image\/\",\"url\":\"https:\/\/rgdeportes.com\/wp-content\/uploads\/2020\/09\/Logo.png\",\"contentUrl\":\"https:\/\/rgdeportes.com\/wp-content\/uploads\/2020\/09\/Logo.png\",\"width\":784,\"height\":552,\"caption\":\"RG Deportes\"},\"image\":{\"@id\":\"https:\/\/rgdeportes.com\/#\/schema\/logo\/image\/\"},\"sameAs\":[\"https:\/\/www.facebook.com\/RandallGutierrezDeportes\/\",\"https:\/\/www.instagram.com\/randallgutierrezdeportes\/\",\"https:\/\/www.youtube.com\/channel\/UCX4_qbvtnTwoF5t2zNqBDvA\"]},{\"@type\":\"Person\",\"@id\":\"https:\/\/rgdeportes.com\/#\/schema\/person\/91795323fddb335a4fd017bf0e4b1358\",\"name\":\"Randall Gutierrez\",\"image\":{\"@type\":\"ImageObject\",\"inLanguage\":\"es\",\"@id\":\"https:\/\/rgdeportes.com\/#\/schema\/person\/image\/\",\"url\":\"https:\/\/secure.gravatar.com\/avatar\/d0884ea8b9b50bcfad3c0d20049361b5?s=96&d=mm&r=g\",\"contentUrl\":\"https:\/\/secure.gravatar.com\/avatar\/d0884ea8b9b50bcfad3c0d20049361b5?s=96&d=mm&r=g\",\"caption\":\"Randall Gutierrez\"},\"url\":\"https:\/\/rgdeportes.com\/index.php\/author\/randall\/\"}]}<\/script>\n<!-- \/ Yoast SEO plugin. -->","yoast_head_json":{"title":"Escuder\u00eda de Andr\u00e9 Solano y Juan Diego Hern\u00e1ndez con miras a la temporada GT Challenge de las Am\u00e9ricas - RG Deportes\u200e","robots":{"index":"index","follow":"follow","max-snippet":"max-snippet:-1","max-image-preview":"max-image-preview:large","max-video-preview":"max-video-preview:-1"},"canonical":"https:\/\/rgdeportes.com\/index.php\/2026\/03\/11\/escuderia-de-andre-solano-y-juan-diego-hernandez-con-miras-a-la-temporada-gt-challenge-de-las-americas\/","og_locale":"es_ES","og_type":"article","og_title":"Escuder\u00eda de Andr\u00e9 Solano y Juan Diego Hern\u00e1ndez con miras a la temporada GT Challenge de las Am\u00e9ricas - RG Deportes\u200e","og_description":"El piloto costarricense Andr\u00e9 Solano y el guatemalteco Juan Diego Hern\u00e1ndez, una dupla que re\u00fane experiencia, t\u00edtulos continentales y amplio conocimiento de los principales circuitos de la regi\u00f3n, con el&hellip;","og_url":"https:\/\/rgdeportes.com\/index.php\/2026\/03\/11\/escuderia-de-andre-solano-y-juan-diego-hernandez-con-miras-a-la-temporada-gt-challenge-de-las-americas\/","og_site_name":"RG Deportes\u200e","article_publisher":"https:\/\/www.facebook.com\/RandallGutierrezDeportes\/","article_published_time":"2026-03-11T22:51:15+00:00","article_modified_time":"2026-03-11T22:51:16+00:00","og_image":[{"width":2063,"height":2560,"url":"http:\/\/rgdeportes.com\/wp-content\/uploads\/2026\/03\/4-5-post-andre-y-juan-scaled.jpg","type":"image\/jpeg"}],"author":"Randall Gutierrez","twitter_card":"summary_large_image","twitter_misc":{"Escrito por":"Randall Gutierrez","Tiempo de lectura":"3 minutos"},"schema":{"@context":"https:\/\/schema.org","@graph":[{"@type":"Article","@id":"https:\/\/rgdeportes.com\/index.php\/2026\/03\/11\/escuderia-de-andre-solano-y-juan-diego-hernandez-con-miras-a-la-temporada-gt-challenge-de-las-americas\/#article","isPartOf":{"@id":"https:\/\/rgdeportes.com\/index.php\/2026\/03\/11\/escuderia-de-andre-solano-y-juan-diego-hernandez-con-miras-a-la-temporada-gt-challenge-de-las-americas\/"},"author":{"name":"Randall Gutierrez","@id":"https:\/\/rgdeportes.com\/#\/schema\/person\/91795323fddb335a4fd017bf0e4b1358"},"headline":"Escuder\u00eda de Andr\u00e9 Solano y Juan Diego Hern\u00e1ndez con miras a la temporada GT Challenge de las Am\u00e9ricas","datePublished":"2026-03-11T22:51:15+00:00","dateModified":"2026-03-11T22:51:16+00:00","mainEntityOfPage":{"@id":"https:\/\/rgdeportes.com\/index.php\/2026\/03\/11\/escuderia-de-andre-solano-y-juan-diego-hernandez-con-miras-a-la-temporada-gt-challenge-de-las-americas\/"},"wordCount":509,"publisher":{"@id":"https:\/\/rgdeportes.com\/#organization"},"keywords":["#andr\u00e8solano","#gtchallenge","#juandiegohern\u00e0ndez"],"articleSection":["Deportes de motor"],"inLanguage":"es"},{"@type":"WebPage","@id":"https:\/\/rgdeportes.com\/index.php\/2026\/03\/11\/escuderia-de-andre-solano-y-juan-diego-hernandez-con-miras-a-la-temporada-gt-challenge-de-las-americas\/","url":"https:\/\/rgdeportes.com\/index.php\/2026\/03\/11\/escuderia-de-andre-solano-y-juan-diego-hernandez-con-miras-a-la-temporada-gt-challenge-de-las-americas\/","name":"Escuder\u00eda de Andr\u00e9 Solano y Juan Diego Hern\u00e1ndez con miras a la temporada GT Challenge de las Am\u00e9ricas - RG Deportes\u200e","isPartOf":{"@id":"https:\/\/rgdeportes.com\/#website"},"datePublished":"2026-03-11T22:51:15+00:00","dateModified":"2026-03-11T22:51:16+00:00","breadcrumb":{"@id":"https:\/\/rgdeportes.com\/index.php\/2026\/03\/11\/escuderia-de-andre-solano-y-juan-diego-hernandez-con-miras-a-la-temporada-gt-challenge-de-las-americas\/#breadcrumb"},"inLanguage":"es","potentialAction":[{"@type":"ReadAction","target":["https:\/\/rgdeportes.com\/index.php\/2026\/03\/11\/escuderia-de-andre-solano-y-juan-diego-hernandez-con-miras-a-la-temporada-gt-challenge-de-las-americas\/"]}]},{"@type":"BreadcrumbList","@id":"https:\/\/rgdeportes.com\/index.php\/2026\/03\/11\/escuderia-de-andre-solano-y-juan-diego-hernandez-con-miras-a-la-temporada-gt-challenge-de-las-americas\/#breadcrumb","itemListElement":[{"@type":"ListItem","position":1,"name":"Portada","item":"https:\/\/rgdeportes.com\/"},{"@type":"ListItem","position":2,"name":"Escuder\u00eda de Andr\u00e9 Solano y Juan Diego Hern\u00e1ndez con miras a la temporada GT Challenge de las Am\u00e9ricas"}]},{"@type":"WebSite","@id":"https:\/\/rgdeportes.com\/#website","url":"https:\/\/rgdeportes.com\/","name":"RG Deportes\u200e","description":"","publisher":{"@id":"https:\/\/rgdeportes.com\/#organization"},"potentialAction":[{"@type":"SearchAction","target":{"@type":"EntryPoint","urlTemplate":"https:\/\/rgdeportes.com\/?s={search_term_string}"},"query-input":"required name=search_term_string"}],"inLanguage":"es"},{"@type":"Organization","@id":"https:\/\/rgdeportes.com\/#organization","name":"RG Deportes","url":"https:\/\/rgdeportes.com\/","logo":{"@type":"ImageObject","inLanguage":"es","@id":"https:\/\/rgdeportes.com\/#\/schema\/logo\/image\/","url":"https:\/\/rgdeportes.com\/wp-content\/uploads\/2020\/09\/Logo.png","contentUrl":"https:\/\/rgdeportes.com\/wp-content\/uploads\/2020\/09\/Logo.png","width":784,"height":552,"caption":"RG Deportes"},"image":{"@id":"https:\/\/rgdeportes.com\/#\/schema\/logo\/image\/"},"sameAs":["https:\/\/www.facebook.com\/RandallGutierrezDeportes\/","https:\/\/www.instagram.com\/randallgutierrezdeportes\/","https:\/\/www.youtube.com\/channel\/UCX4_qbvtnTwoF5t2zNqBDvA"]},{"@type":"Person","@id":"https:\/\/rgdeportes.com\/#\/schema\/person\/91795323fddb335a4fd017bf0e4b1358","name":"Randall Gutierrez","image":{"@type":"ImageObject","inLanguage":"es","@id":"https:\/\/rgdeportes.com\/#\/schema\/person\/image\/","url":"https:\/\/secure.gravatar.com\/avatar\/d0884ea8b9b50bcfad3c0d20049361b5?s=96&d=mm&r=g","contentUrl":"https:\/\/secure.gravatar.com\/avatar\/d0884ea8b9b50bcfad3c0d20049361b5?s=96&d=mm&r=g","caption":"Randall Gutierrez"},"url":"https:\/\/rgdeportes.com\/index.php\/author\/randall\/"}]}},"_links":{"self":[{"href":"https:\/\/rgdeportes.com\/index.php\/wp-json\/wp\/v2\/posts\/11088","targetHints":{"allow":["GET"]}}],"collection":[{"href":"https:\/\/rgdeportes.com\/index.php\/wp-json\/wp\/v2\/posts"}],"about":[{"href":"https:\/\/rgdeportes.com\/index.php\/wp-json\/wp\/v2\/types\/post"}],"author":[{"embeddable":true,"href":"https:\/\/rgdeportes.com\/index.php\/wp-json\/wp\/v2\/users\/2"}],"replies":[{"embeddable":true,"href":"https:\/\/rgdeportes.com\/index.php\/wp-json\/wp\/v2\/comments?post=11088"}],"version-history":[{"count":1,"href":"https:\/\/rgdeportes.com\/index.php\/wp-json\/wp\/v2\/posts\/11088\/revisions"}],"predecessor-version":[{"id":11091,"href":"https:\/\/rgdeportes.com\/index.php\/wp-json\/wp\/v2\/posts\/11088\/revisions\/11091"}],"wp:featuredmedia":[{"embeddable":true,"href":"https:\/\/rgdeportes.com\/index.php\/wp-json\/wp\/v2\/media\/11090"}],"wp:attachment":[{"href":"https:\/\/rgdeportes.com\/index.php\/wp-json\/wp\/v2\/media?parent=11088"}],"wp:term":[{"taxonomy":"category","embeddable":true,"href":"https:\/\/rgdeportes.com\/index.php\/wp-json\/wp\/v2\/categories?post=11088"},{"taxonomy":"post_tag","embeddable":true,"href":"https:\/\/rgdeportes.com\/index.php\/wp-json\/wp\/v2\/tags?post=11088"}],"curies":[{"name":"wp","href":"https:\/\/api.w.org\/{rel}","templated":true}]}}