{"id":10611,"date":"2025-12-12T19:42:41","date_gmt":"2025-12-12T19:42:41","guid":{"rendered":"https:\/\/rgdeportes.com\/?p=10611"},"modified":"2025-12-12T19:42:42","modified_gmt":"2025-12-12T19:42:42","slug":"surfistas-ticos-son-noticia-en-el-mundial-junior-suramericano","status":"publish","type":"post","link":"https:\/\/rgdeportes.com\/index.php\/2025\/12\/12\/surfistas-ticos-son-noticia-en-el-mundial-junior-suramericano\/","title":{"rendered":"Surfistas ticos son noticia en el Mundial Junior Suramericano"},"content":{"rendered":"\n<figure class=\"wp-block-image size-large\"><img loading=\"lazy\" decoding=\"async\" width=\"1024\" height=\"682\" src=\"https:\/\/rgdeportes.com\/wp-content\/uploads\/2025\/12\/IMG-20251212-WA0055-1024x682.jpg\" alt=\"\" class=\"wp-image-10612\" srcset=\"https:\/\/rgdeportes.com\/wp-content\/uploads\/2025\/12\/IMG-20251212-WA0055-1024x682.jpg 1024w, https:\/\/rgdeportes.com\/wp-content\/uploads\/2025\/12\/IMG-20251212-WA0055-300x200.jpg 300w, https:\/\/rgdeportes.com\/wp-content\/uploads\/2025\/12\/IMG-20251212-WA0055-768x512.jpg 768w, https:\/\/rgdeportes.com\/wp-content\/uploads\/2025\/12\/IMG-20251212-WA0055-1536x1024.jpg 1536w, https:\/\/rgdeportes.com\/wp-content\/uploads\/2025\/12\/IMG-20251212-WA0055-2048x1365.jpg 2048w\" sizes=\"auto, (max-width: 1024px) 100vw, 1024px\" \/><\/figure>\n\n\n\n<p>El Surf de Costa Rica vuelve a destacar en el \u00e1mbito internacional esto tras darse a conocer que Romeo Stones y Carden Jagger tras pasar a octavos de final en el Mundial Junior ISA Per\u00fa 2025.<\/p>\n\n\n\n<p>Los vecinos de Guanacaste son los representantes que tiene la selecci\u00f3n nacional tica en competencia, de cara al pen\u00faltimo d\u00eda del Mundial Junior ISA Per\u00fa 2025. Las tablas de Romeo Stone en sub 18 y Carden Jagger en sub 16 llevar\u00e1n la ilusi\u00f3n de nuestro pa\u00eds, en la ronda de octavos de final.<\/p>\n\n\n\n<p>Stone, local de Nosara, ha tenido un campeonato casi perfecto, siendo primer lugar en tres de las cuatro series que enfrent\u00f3 y este jueves logr\u00f3 ingresar al top 13 del torneo (su mejor resultado en mundiales), al combinar olas de 6.50 y 5.07 (11.57 pts), con las que super\u00f3 a los rivales de Haw\u00e1i, Jap\u00f3n y Portugal.<\/p>\n\n\n\n<p>\u201cSe siente muy bien, he trabajado muy fuerte para esto. S\u00e9 que quedamos pocos en activo del equipo y queremos aportar la mayor cantidad de puntos para el ranking de pa\u00edses. Creo que he madurado mucho y he tenido que hacer sacrificios para trabajar y entrenar, para continuar con mi carrera. Estoy muy orgulloso de estar aqu\u00ed representando al pa\u00eds, \u00a1Pura Vida!, \u00a1Viva, Costa Rica!\u201d, declar\u00f3 en entrevista de la transmisi\u00f3n oficial.<\/p>\n\n\n\n<p>Las buenas noticias continuaron en la categor\u00eda sub 16, con el desempe\u00f1o de Carden Jagger. El local de Playa Grande, Santa Cruz, dej\u00f3 lo mejor para el cierre del heat, dando un golpe en el marcador y subiendo a la segunda posici\u00f3n, con olas de 4.77 y 3.93 (8.70 pts), para eliminar del torneo a un representante de M\u00e9xico y otro de Canad\u00e1. Con este resultado, se asegura ingresar al top 19 individual.<\/p>\n\n\n\n<p>El \u00faltimo tico que ingres\u00f3 al agua fr\u00eda de Punta Rocas fue Amets Garai, local de Jac\u00f3 que hab\u00eda superado sin problemas las primeras dos rondas, liderando las series en las que compiti\u00f3. Lamentablemente, finaliz\u00f3 en la tercera posici\u00f3n del heat, con 5.93 puntos, por lo que se despide del evento, siendo 25 del ranking sub 16.<\/p>\n\n\n\n<p>Este s\u00e1bado, se competir\u00e1n las rondas de octavos de final y cuartos de final en ambas categor\u00edas, ser\u00e1 un d\u00eda clave para los surfistas ticos&nbsp; que sue\u00f1an con subirse al podio del torneo m\u00e1s importante del planeta en categor\u00eda junior.<\/p>\n","protected":false},"excerpt":{"rendered":"<p>El Surf de Costa Rica vuelve a destacar en el \u00e1mbito internacional esto tras darse a conocer que Romeo Stones y Carden Jagger tras pasar a octavos de final en&hellip; <\/p>\n","protected":false},"author":2,"featured_media":10612,"comment_status":"closed","ping_status":"closed","sticky":false,"template":"","format":"standard","meta":{"om_disable_all_campaigns":false,"_monsterinsights_skip_tracking":false,"_monsterinsights_sitenote_active":false,"_monsterinsights_sitenote_note":"","_monsterinsights_sitenote_category":0,"footnotes":""},"categories":[523],"tags":[3339,3338,2934],"class_list":["post-10611","post","type-post","status-publish","format-standard","has-post-thumbnail","hentry","category-dac","tag-cardenjagger","tag-romeostone","tag-surfcostarica2025"],"aioseo_notices":[],"yoast_head":"<!-- This site is optimized with the Yoast SEO plugin v21.2 - https:\/\/yoast.com\/wordpress\/plugins\/seo\/ -->\n<title>Surfistas ticos son noticia en el Mundial Junior Suramericano - RG Deportes\u200e<\/title>\n<meta name=\"robots\" content=\"index, follow, max-snippet:-1, max-image-preview:large, max-video-preview:-1\" \/>\n<link rel=\"canonical\" href=\"https:\/\/rgdeportes.com\/index.php\/2025\/12\/12\/surfistas-ticos-son-noticia-en-el-mundial-junior-suramericano\/\" \/>\n<meta property=\"og:locale\" content=\"es_ES\" \/>\n<meta property=\"og:type\" content=\"article\" \/>\n<meta property=\"og:title\" content=\"Surfistas ticos son noticia en el Mundial Junior Suramericano - RG Deportes\u200e\" \/>\n<meta property=\"og:description\" content=\"El Surf de Costa Rica vuelve a destacar en el \u00e1mbito internacional esto tras darse a conocer que Romeo Stones y Carden Jagger tras pasar a octavos de final en&hellip;\" \/>\n<meta property=\"og:url\" content=\"https:\/\/rgdeportes.com\/index.php\/2025\/12\/12\/surfistas-ticos-son-noticia-en-el-mundial-junior-suramericano\/\" \/>\n<meta property=\"og:site_name\" content=\"RG Deportes\u200e\" \/>\n<meta property=\"article:publisher\" content=\"https:\/\/www.facebook.com\/RandallGutierrezDeportes\/\" \/>\n<meta property=\"article:published_time\" content=\"2025-12-12T19:42:41+00:00\" \/>\n<meta property=\"article:modified_time\" content=\"2025-12-12T19:42:42+00:00\" \/>\n<meta property=\"og:image\" content=\"http:\/\/rgdeportes.com\/wp-content\/uploads\/2025\/12\/IMG-20251212-WA0055.jpg\" \/>\n\t<meta property=\"og:image:width\" content=\"2560\" \/>\n\t<meta property=\"og:image:height\" content=\"1706\" \/>\n\t<meta property=\"og:image:type\" content=\"image\/jpeg\" \/>\n<meta name=\"author\" content=\"Randall Gutierrez\" \/>\n<meta name=\"twitter:card\" content=\"summary_large_image\" \/>\n<meta name=\"twitter:label1\" content=\"Escrito por\" \/>\n\t<meta name=\"twitter:data1\" content=\"Randall Gutierrez\" \/>\n\t<meta name=\"twitter:label2\" content=\"Tiempo de lectura\" \/>\n\t<meta name=\"twitter:data2\" content=\"2 minutos\" \/>\n<script type=\"application\/ld+json\" class=\"yoast-schema-graph\">{\"@context\":\"https:\/\/schema.org\",\"@graph\":[{\"@type\":\"Article\",\"@id\":\"https:\/\/rgdeportes.com\/index.php\/2025\/12\/12\/surfistas-ticos-son-noticia-en-el-mundial-junior-suramericano\/#article\",\"isPartOf\":{\"@id\":\"https:\/\/rgdeportes.com\/index.php\/2025\/12\/12\/surfistas-ticos-son-noticia-en-el-mundial-junior-suramericano\/\"},\"author\":{\"name\":\"Randall Gutierrez\",\"@id\":\"https:\/\/rgdeportes.com\/#\/schema\/person\/91795323fddb335a4fd017bf0e4b1358\"},\"headline\":\"Surfistas ticos son noticia en el Mundial Junior Suramericano\",\"datePublished\":\"2025-12-12T19:42:41+00:00\",\"dateModified\":\"2025-12-12T19:42:42+00:00\",\"mainEntityOfPage\":{\"@id\":\"https:\/\/rgdeportes.com\/index.php\/2025\/12\/12\/surfistas-ticos-son-noticia-en-el-mundial-junior-suramericano\/\"},\"wordCount\":407,\"publisher\":{\"@id\":\"https:\/\/rgdeportes.com\/#organization\"},\"keywords\":[\"#cardenjagger\",\"#romeostone\",\"#surfcostarica2025\"],\"articleSection\":[\"Deporte acu\u00e1tico\"],\"inLanguage\":\"es\"},{\"@type\":\"WebPage\",\"@id\":\"https:\/\/rgdeportes.com\/index.php\/2025\/12\/12\/surfistas-ticos-son-noticia-en-el-mundial-junior-suramericano\/\",\"url\":\"https:\/\/rgdeportes.com\/index.php\/2025\/12\/12\/surfistas-ticos-son-noticia-en-el-mundial-junior-suramericano\/\",\"name\":\"Surfistas ticos son noticia en el Mundial Junior Suramericano - RG Deportes\u200e\",\"isPartOf\":{\"@id\":\"https:\/\/rgdeportes.com\/#website\"},\"datePublished\":\"2025-12-12T19:42:41+00:00\",\"dateModified\":\"2025-12-12T19:42:42+00:00\",\"breadcrumb\":{\"@id\":\"https:\/\/rgdeportes.com\/index.php\/2025\/12\/12\/surfistas-ticos-son-noticia-en-el-mundial-junior-suramericano\/#breadcrumb\"},\"inLanguage\":\"es\",\"potentialAction\":[{\"@type\":\"ReadAction\",\"target\":[\"https:\/\/rgdeportes.com\/index.php\/2025\/12\/12\/surfistas-ticos-son-noticia-en-el-mundial-junior-suramericano\/\"]}]},{\"@type\":\"BreadcrumbList\",\"@id\":\"https:\/\/rgdeportes.com\/index.php\/2025\/12\/12\/surfistas-ticos-son-noticia-en-el-mundial-junior-suramericano\/#breadcrumb\",\"itemListElement\":[{\"@type\":\"ListItem\",\"position\":1,\"name\":\"Portada\",\"item\":\"https:\/\/rgdeportes.com\/\"},{\"@type\":\"ListItem\",\"position\":2,\"name\":\"Surfistas ticos son noticia en el Mundial Junior Suramericano\"}]},{\"@type\":\"WebSite\",\"@id\":\"https:\/\/rgdeportes.com\/#website\",\"url\":\"https:\/\/rgdeportes.com\/\",\"name\":\"RG Deportes\u200e\",\"description\":\"\",\"publisher\":{\"@id\":\"https:\/\/rgdeportes.com\/#organization\"},\"potentialAction\":[{\"@type\":\"SearchAction\",\"target\":{\"@type\":\"EntryPoint\",\"urlTemplate\":\"https:\/\/rgdeportes.com\/?s={search_term_string}\"},\"query-input\":\"required name=search_term_string\"}],\"inLanguage\":\"es\"},{\"@type\":\"Organization\",\"@id\":\"https:\/\/rgdeportes.com\/#organization\",\"name\":\"RG Deportes\",\"url\":\"https:\/\/rgdeportes.com\/\",\"logo\":{\"@type\":\"ImageObject\",\"inLanguage\":\"es\",\"@id\":\"https:\/\/rgdeportes.com\/#\/schema\/logo\/image\/\",\"url\":\"https:\/\/rgdeportes.com\/wp-content\/uploads\/2020\/09\/Logo.png\",\"contentUrl\":\"https:\/\/rgdeportes.com\/wp-content\/uploads\/2020\/09\/Logo.png\",\"width\":784,\"height\":552,\"caption\":\"RG Deportes\"},\"image\":{\"@id\":\"https:\/\/rgdeportes.com\/#\/schema\/logo\/image\/\"},\"sameAs\":[\"https:\/\/www.facebook.com\/RandallGutierrezDeportes\/\",\"https:\/\/www.instagram.com\/randallgutierrezdeportes\/\",\"https:\/\/www.youtube.com\/channel\/UCX4_qbvtnTwoF5t2zNqBDvA\"]},{\"@type\":\"Person\",\"@id\":\"https:\/\/rgdeportes.com\/#\/schema\/person\/91795323fddb335a4fd017bf0e4b1358\",\"name\":\"Randall Gutierrez\",\"image\":{\"@type\":\"ImageObject\",\"inLanguage\":\"es\",\"@id\":\"https:\/\/rgdeportes.com\/#\/schema\/person\/image\/\",\"url\":\"https:\/\/secure.gravatar.com\/avatar\/d0884ea8b9b50bcfad3c0d20049361b5?s=96&d=mm&r=g\",\"contentUrl\":\"https:\/\/secure.gravatar.com\/avatar\/d0884ea8b9b50bcfad3c0d20049361b5?s=96&d=mm&r=g\",\"caption\":\"Randall Gutierrez\"},\"url\":\"https:\/\/rgdeportes.com\/index.php\/author\/randall\/\"}]}<\/script>\n<!-- \/ Yoast SEO plugin. -->","yoast_head_json":{"title":"Surfistas ticos son noticia en el Mundial Junior Suramericano - RG Deportes\u200e","robots":{"index":"index","follow":"follow","max-snippet":"max-snippet:-1","max-image-preview":"max-image-preview:large","max-video-preview":"max-video-preview:-1"},"canonical":"https:\/\/rgdeportes.com\/index.php\/2025\/12\/12\/surfistas-ticos-son-noticia-en-el-mundial-junior-suramericano\/","og_locale":"es_ES","og_type":"article","og_title":"Surfistas ticos son noticia en el Mundial Junior Suramericano - RG Deportes\u200e","og_description":"El Surf de Costa Rica vuelve a destacar en el \u00e1mbito internacional esto tras darse a conocer que Romeo Stones y Carden Jagger tras pasar a octavos de final en&hellip;","og_url":"https:\/\/rgdeportes.com\/index.php\/2025\/12\/12\/surfistas-ticos-son-noticia-en-el-mundial-junior-suramericano\/","og_site_name":"RG Deportes\u200e","article_publisher":"https:\/\/www.facebook.com\/RandallGutierrezDeportes\/","article_published_time":"2025-12-12T19:42:41+00:00","article_modified_time":"2025-12-12T19:42:42+00:00","og_image":[{"width":2560,"height":1706,"url":"http:\/\/rgdeportes.com\/wp-content\/uploads\/2025\/12\/IMG-20251212-WA0055.jpg","type":"image\/jpeg"}],"author":"Randall Gutierrez","twitter_card":"summary_large_image","twitter_misc":{"Escrito por":"Randall Gutierrez","Tiempo de lectura":"2 minutos"},"schema":{"@context":"https:\/\/schema.org","@graph":[{"@type":"Article","@id":"https:\/\/rgdeportes.com\/index.php\/2025\/12\/12\/surfistas-ticos-son-noticia-en-el-mundial-junior-suramericano\/#article","isPartOf":{"@id":"https:\/\/rgdeportes.com\/index.php\/2025\/12\/12\/surfistas-ticos-son-noticia-en-el-mundial-junior-suramericano\/"},"author":{"name":"Randall Gutierrez","@id":"https:\/\/rgdeportes.com\/#\/schema\/person\/91795323fddb335a4fd017bf0e4b1358"},"headline":"Surfistas ticos son noticia en el Mundial Junior Suramericano","datePublished":"2025-12-12T19:42:41+00:00","dateModified":"2025-12-12T19:42:42+00:00","mainEntityOfPage":{"@id":"https:\/\/rgdeportes.com\/index.php\/2025\/12\/12\/surfistas-ticos-son-noticia-en-el-mundial-junior-suramericano\/"},"wordCount":407,"publisher":{"@id":"https:\/\/rgdeportes.com\/#organization"},"keywords":["#cardenjagger","#romeostone","#surfcostarica2025"],"articleSection":["Deporte acu\u00e1tico"],"inLanguage":"es"},{"@type":"WebPage","@id":"https:\/\/rgdeportes.com\/index.php\/2025\/12\/12\/surfistas-ticos-son-noticia-en-el-mundial-junior-suramericano\/","url":"https:\/\/rgdeportes.com\/index.php\/2025\/12\/12\/surfistas-ticos-son-noticia-en-el-mundial-junior-suramericano\/","name":"Surfistas ticos son noticia en el Mundial Junior Suramericano - RG Deportes\u200e","isPartOf":{"@id":"https:\/\/rgdeportes.com\/#website"},"datePublished":"2025-12-12T19:42:41+00:00","dateModified":"2025-12-12T19:42:42+00:00","breadcrumb":{"@id":"https:\/\/rgdeportes.com\/index.php\/2025\/12\/12\/surfistas-ticos-son-noticia-en-el-mundial-junior-suramericano\/#breadcrumb"},"inLanguage":"es","potentialAction":[{"@type":"ReadAction","target":["https:\/\/rgdeportes.com\/index.php\/2025\/12\/12\/surfistas-ticos-son-noticia-en-el-mundial-junior-suramericano\/"]}]},{"@type":"BreadcrumbList","@id":"https:\/\/rgdeportes.com\/index.php\/2025\/12\/12\/surfistas-ticos-son-noticia-en-el-mundial-junior-suramericano\/#breadcrumb","itemListElement":[{"@type":"ListItem","position":1,"name":"Portada","item":"https:\/\/rgdeportes.com\/"},{"@type":"ListItem","position":2,"name":"Surfistas ticos son noticia en el Mundial Junior Suramericano"}]},{"@type":"WebSite","@id":"https:\/\/rgdeportes.com\/#website","url":"https:\/\/rgdeportes.com\/","name":"RG Deportes\u200e","description":"","publisher":{"@id":"https:\/\/rgdeportes.com\/#organization"},"potentialAction":[{"@type":"SearchAction","target":{"@type":"EntryPoint","urlTemplate":"https:\/\/rgdeportes.com\/?s={search_term_string}"},"query-input":"required name=search_term_string"}],"inLanguage":"es"},{"@type":"Organization","@id":"https:\/\/rgdeportes.com\/#organization","name":"RG Deportes","url":"https:\/\/rgdeportes.com\/","logo":{"@type":"ImageObject","inLanguage":"es","@id":"https:\/\/rgdeportes.com\/#\/schema\/logo\/image\/","url":"https:\/\/rgdeportes.com\/wp-content\/uploads\/2020\/09\/Logo.png","contentUrl":"https:\/\/rgdeportes.com\/wp-content\/uploads\/2020\/09\/Logo.png","width":784,"height":552,"caption":"RG Deportes"},"image":{"@id":"https:\/\/rgdeportes.com\/#\/schema\/logo\/image\/"},"sameAs":["https:\/\/www.facebook.com\/RandallGutierrezDeportes\/","https:\/\/www.instagram.com\/randallgutierrezdeportes\/","https:\/\/www.youtube.com\/channel\/UCX4_qbvtnTwoF5t2zNqBDvA"]},{"@type":"Person","@id":"https:\/\/rgdeportes.com\/#\/schema\/person\/91795323fddb335a4fd017bf0e4b1358","name":"Randall Gutierrez","image":{"@type":"ImageObject","inLanguage":"es","@id":"https:\/\/rgdeportes.com\/#\/schema\/person\/image\/","url":"https:\/\/secure.gravatar.com\/avatar\/d0884ea8b9b50bcfad3c0d20049361b5?s=96&d=mm&r=g","contentUrl":"https:\/\/secure.gravatar.com\/avatar\/d0884ea8b9b50bcfad3c0d20049361b5?s=96&d=mm&r=g","caption":"Randall Gutierrez"},"url":"https:\/\/rgdeportes.com\/index.php\/author\/randall\/"}]}},"_links":{"self":[{"href":"https:\/\/rgdeportes.com\/index.php\/wp-json\/wp\/v2\/posts\/10611","targetHints":{"allow":["GET"]}}],"collection":[{"href":"https:\/\/rgdeportes.com\/index.php\/wp-json\/wp\/v2\/posts"}],"about":[{"href":"https:\/\/rgdeportes.com\/index.php\/wp-json\/wp\/v2\/types\/post"}],"author":[{"embeddable":true,"href":"https:\/\/rgdeportes.com\/index.php\/wp-json\/wp\/v2\/users\/2"}],"replies":[{"embeddable":true,"href":"https:\/\/rgdeportes.com\/index.php\/wp-json\/wp\/v2\/comments?post=10611"}],"version-history":[{"count":1,"href":"https:\/\/rgdeportes.com\/index.php\/wp-json\/wp\/v2\/posts\/10611\/revisions"}],"predecessor-version":[{"id":10613,"href":"https:\/\/rgdeportes.com\/index.php\/wp-json\/wp\/v2\/posts\/10611\/revisions\/10613"}],"wp:featuredmedia":[{"embeddable":true,"href":"https:\/\/rgdeportes.com\/index.php\/wp-json\/wp\/v2\/media\/10612"}],"wp:attachment":[{"href":"https:\/\/rgdeportes.com\/index.php\/wp-json\/wp\/v2\/media?parent=10611"}],"wp:term":[{"taxonomy":"category","embeddable":true,"href":"https:\/\/rgdeportes.com\/index.php\/wp-json\/wp\/v2\/categories?post=10611"},{"taxonomy":"post_tag","embeddable":true,"href":"https:\/\/rgdeportes.com\/index.php\/wp-json\/wp\/v2\/tags?post=10611"}],"curies":[{"name":"wp","href":"https:\/\/api.w.org\/{rel}","templated":true}]}}