{"id":10497,"date":"2025-10-23T16:13:15","date_gmt":"2025-10-23T16:13:15","guid":{"rendered":"https:\/\/rgdeportes.com\/?p=10497"},"modified":"2025-10-23T16:13:16","modified_gmt":"2025-10-23T16:13:16","slug":"carlos-hernandez-aqui-tienen-muy-endiosados-a-mariano-y-al-mismo-marcel","status":"publish","type":"post","link":"https:\/\/rgdeportes.com\/index.php\/2025\/10\/23\/carlos-hernandez-aqui-tienen-muy-endiosados-a-mariano-y-al-mismo-marcel\/","title":{"rendered":"Carlos Hern\u00e1ndez: \u00a0Aqu\u00ed tienen muy endiosados a Mariano y al mismo Marcel"},"content":{"rendered":"\n<figure class=\"wp-block-image size-large\"><img loading=\"lazy\" decoding=\"async\" width=\"1024\" height=\"683\" src=\"https:\/\/rgdeportes.com\/wp-content\/uploads\/2025\/10\/image-1024x683.png\" alt=\"\" class=\"wp-image-10498\" srcset=\"https:\/\/rgdeportes.com\/wp-content\/uploads\/2025\/10\/image-1024x683.png 1024w, https:\/\/rgdeportes.com\/wp-content\/uploads\/2025\/10\/image-300x200.png 300w, https:\/\/rgdeportes.com\/wp-content\/uploads\/2025\/10\/image-768x513.png 768w, https:\/\/rgdeportes.com\/wp-content\/uploads\/2025\/10\/image.png 1440w\" sizes=\"auto, (max-width: 1024px) 100vw, 1024px\" \/><\/figure>\n\n\n\n<p>El ex futbolista Carlos Hern\u00e1ndez le tiro con todo al \u00eddolo morado Mariano Torres. Para el ex manudo el argentino en su \u00e9poca no hubiera destacado tanto como en la actualidad.<\/p>\n\n\n\n<p>El \u201cZorro\u201d como popularmente se le conoce convers\u00f3 con detalle acerca de la hoy visi\u00f3n que se tiene hacia Torres y Hern\u00e1ndez.<\/p>\n\n\n\n<p><strong>\u201cAqu\u00ed tienen muy endiosados a Mariano y al mismo Marcel; ellos en la \u00e9poca m\u00e1s atr\u00e1s, con m\u00e1s malandros, donde hab\u00eda jugadores de m\u00e1s calidad, creo que hubieran sido del mont\u00f3n, les hubiera costado un mont\u00f3n\u201d, coment\u00f3 Carlos Hern\u00e1ndez en un clip que subi\u00f3 Esteban Amador en redes sociales.<\/strong><\/p>\n\n\n\n<p>Carlos Hern\u00e1ndez asegur\u00f3 que en su \u00e9poca exist\u00edan jugadores con un nivel muy superior al de las figuras actuales, especialmente en comparaci\u00f3n con Mariano Torres de Saprissa. Seg\u00fan el exvolante, futbolistas como <strong>Pepe Cancela o Pablo Izaguirre<\/strong> habr\u00edan destacado f\u00e1cilmente si jugaran hoy en d\u00eda.<\/p>\n\n\n\n<p><strong>Hern\u00e1ndez se\u00f1al\u00f3 que ambos futbolistas est\u00e1n \u201cendiosados\u201d por la afici\u00f3n y la prensa<\/strong>, insinuando que en su \u00e9poca les habr\u00eda costado mucho m\u00e1s destacar en el torneo nacional debido al alto nivel competitivo que exist\u00eda entonces.<\/p>\n\n\n\n<figure class=\"wp-block-embed is-type-video is-provider-tiktok wp-block-embed-tiktok\"><div class=\"wp-block-embed__wrapper\">\n<blockquote class=\"tiktok-embed\" cite=\"https:\/\/www.tiktok.com\/@piolo_cr\/video\/7563801963163422008\" data-video-id=\"7563801963163422008\" data-embed-from=\"oembed\" style=\"max-width:605px; min-width:325px;\"> <section> <a target=\"_blank\" title=\"@piolo_cr\" href=\"https:\/\/www.tiktok.com\/@piolo_cr?refer=embed\">@piolo_cr<\/a> <p>El zorro pone a muchos jugadores extranjeros por encima de Mariano <a title=\"centroamerica\" target=\"_blank\" href=\"https:\/\/www.tiktok.com\/tag\/centroamerica?refer=embed\">#centroamerica<\/a> <a title=\"eliminatorias\" target=\"_blank\" href=\"https:\/\/www.tiktok.com\/tag\/eliminatorias?refer=embed\">#eliminatorias<\/a> <a title=\"deportes\" target=\"_blank\" href=\"https:\/\/www.tiktok.com\/tag\/deportes?refer=embed\">#deportes<\/a> <a title=\"saprissa\" target=\"_blank\" href=\"https:\/\/www.tiktok.com\/tag\/saprissa?refer=embed\">#Saprissa<\/a> <a title=\"viraltiktok\" target=\"_blank\" href=\"https:\/\/www.tiktok.com\/tag\/viraltiktok?refer=embed\">#viraltiktok<\/a> <a title=\"viral\" target=\"_blank\" href=\"https:\/\/www.tiktok.com\/tag\/viral?refer=embed\">#viral<\/a> <a title=\"ligadeportivaalajuelense\" target=\"_blank\" href=\"https:\/\/www.tiktok.com\/tag\/ligadeportivaalajuelense?refer=embed\">#ligadeportivaalajuelense<\/a> <a title=\"heredia\" target=\"_blank\" href=\"https:\/\/www.tiktok.com\/tag\/heredia?refer=embed\">#heredia<\/a> <a title=\"quienespiolo\" target=\"_blank\" href=\"https:\/\/www.tiktok.com\/tag\/quienespiolo?refer=embed\">#QuienEsPiolo<\/a> <a title=\"futbol\" target=\"_blank\" href=\"https:\/\/www.tiktok.com\/tag\/futbol?refer=embed\">#futbol<\/a> <a title=\"viralvideo\" target=\"_blank\" href=\"https:\/\/www.tiktok.com\/tag\/viralvideo?refer=embed\">#viralvideo<\/a> <a title=\"fut\" target=\"_blank\" href=\"https:\/\/www.tiktok.com\/tag\/fut?refer=embed\">#fut<\/a> <a title=\"pyf\" target=\"_blank\" href=\"https:\/\/www.tiktok.com\/tag\/pyf?refer=embed\">#pyf<\/a> <a title=\"fuerapiolo\" target=\"_blank\" href=\"https:\/\/www.tiktok.com\/tag\/fuerapiolo?refer=embed\">#FueraPiolo<\/a> <a title=\"puravida\" target=\"_blank\" href=\"https:\/\/www.tiktok.com\/tag\/puravida?refer=embed\">#puravida<\/a> <a title=\"eliminenalaliga\" target=\"_blank\" href=\"https:\/\/www.tiktok.com\/tag\/eliminenalaliga?refer=embed\">#EliminenALaLiga<\/a> <a title=\"eliminenalaliga\" target=\"_blank\" href=\"https:\/\/www.tiktok.com\/tag\/eliminenalaliga?refer=embed\">#EliminenALaLiga<\/a> <a title=\"concacaf\" target=\"_blank\" href=\"https:\/\/www.tiktok.com\/tag\/concacaf?refer=embed\">#concacaf<\/a> <a title=\"copa\" target=\"_blank\" href=\"https:\/\/www.tiktok.com\/tag\/copa?refer=embed\">#copa<\/a> <a title=\"centroam\u00e9rica\" target=\"_blank\" href=\"https:\/\/www.tiktok.com\/tag\/centroam%C3%A9rica?refer=embed\">#centroam\u00e9rica<\/a> <\/p> <a target=\"_blank\" title=\"\u266c sonido original - Piolo\" href=\"https:\/\/www.tiktok.com\/music\/sonido-original-7563802021225827084?refer=embed\">\u266c sonido original &#8211; Piolo<\/a> <\/section> <\/blockquote> <script async src=\"https:\/\/www.tiktok.com\/embed.js\"><\/script>\n<\/div><\/figure>\n","protected":false},"excerpt":{"rendered":"<p>El ex futbolista Carlos Hern\u00e1ndez le tiro con todo al \u00eddolo morado Mariano Torres. Para el ex manudo el argentino en su \u00e9poca no hubiera destacado tanto como en la&hellip; <\/p>\n","protected":false},"author":4,"featured_media":10498,"comment_status":"closed","ping_status":"closed","sticky":false,"template":"","format":"standard","meta":{"om_disable_all_campaigns":false,"_monsterinsights_skip_tracking":false,"_monsterinsights_sitenote_active":false,"_monsterinsights_sitenote_note":"","_monsterinsights_sitenote_category":0,"footnotes":""},"categories":[5,2172],"tags":[1502],"class_list":["post-10497","post","type-post","status-publish","format-standard","has-post-thumbnail","hentry","category-ft","category-la-opinion","tag-ligadeportivaalajuelense"],"aioseo_notices":[],"yoast_head":"<!-- This site is optimized with the Yoast SEO plugin v21.2 - https:\/\/yoast.com\/wordpress\/plugins\/seo\/ -->\n<title>Carlos Hern\u00e1ndez: \u00a0Aqu\u00ed tienen muy endiosados a Mariano y al mismo Marcel - RG Deportes\u200e<\/title>\n<meta name=\"robots\" content=\"index, follow, max-snippet:-1, max-image-preview:large, max-video-preview:-1\" \/>\n<link rel=\"canonical\" href=\"https:\/\/rgdeportes.com\/index.php\/2025\/10\/23\/carlos-hernandez-aqui-tienen-muy-endiosados-a-mariano-y-al-mismo-marcel\/\" \/>\n<meta property=\"og:locale\" content=\"es_ES\" \/>\n<meta property=\"og:type\" content=\"article\" \/>\n<meta property=\"og:title\" content=\"Carlos Hern\u00e1ndez: \u00a0Aqu\u00ed tienen muy endiosados a Mariano y al mismo Marcel - RG Deportes\u200e\" \/>\n<meta property=\"og:description\" content=\"El ex futbolista Carlos Hern\u00e1ndez le tiro con todo al \u00eddolo morado Mariano Torres. Para el ex manudo el argentino en su \u00e9poca no hubiera destacado tanto como en la&hellip;\" \/>\n<meta property=\"og:url\" content=\"https:\/\/rgdeportes.com\/index.php\/2025\/10\/23\/carlos-hernandez-aqui-tienen-muy-endiosados-a-mariano-y-al-mismo-marcel\/\" \/>\n<meta property=\"og:site_name\" content=\"RG Deportes\u200e\" \/>\n<meta property=\"article:publisher\" content=\"https:\/\/www.facebook.com\/RandallGutierrezDeportes\/\" \/>\n<meta property=\"article:published_time\" content=\"2025-10-23T16:13:15+00:00\" \/>\n<meta property=\"article:modified_time\" content=\"2025-10-23T16:13:16+00:00\" \/>\n<meta property=\"og:image\" content=\"http:\/\/rgdeportes.com\/wp-content\/uploads\/2025\/10\/image.png\" \/>\n\t<meta property=\"og:image:width\" content=\"1440\" \/>\n\t<meta property=\"og:image:height\" content=\"961\" \/>\n\t<meta property=\"og:image:type\" content=\"image\/png\" \/>\n<meta name=\"author\" content=\"\u00c1lvaro Rodr\u00edguez\" \/>\n<meta name=\"twitter:card\" content=\"summary_large_image\" \/>\n<meta name=\"twitter:label1\" content=\"Escrito por\" \/>\n\t<meta name=\"twitter:data1\" content=\"\u00c1lvaro Rodr\u00edguez\" \/>\n\t<meta name=\"twitter:label2\" content=\"Tiempo de lectura\" \/>\n\t<meta name=\"twitter:data2\" content=\"2 minutos\" \/>\n<script type=\"application\/ld+json\" class=\"yoast-schema-graph\">{\"@context\":\"https:\/\/schema.org\",\"@graph\":[{\"@type\":\"Article\",\"@id\":\"https:\/\/rgdeportes.com\/index.php\/2025\/10\/23\/carlos-hernandez-aqui-tienen-muy-endiosados-a-mariano-y-al-mismo-marcel\/#article\",\"isPartOf\":{\"@id\":\"https:\/\/rgdeportes.com\/index.php\/2025\/10\/23\/carlos-hernandez-aqui-tienen-muy-endiosados-a-mariano-y-al-mismo-marcel\/\"},\"author\":{\"name\":\"\u00c1lvaro Rodr\u00edguez\",\"@id\":\"https:\/\/rgdeportes.com\/#\/schema\/person\/22baed8a6fd19167e537963f85575550\"},\"headline\":\"Carlos Hern\u00e1ndez: \u00a0Aqu\u00ed tienen muy endiosados a Mariano y al mismo Marcel\",\"datePublished\":\"2025-10-23T16:13:15+00:00\",\"dateModified\":\"2025-10-23T16:13:16+00:00\",\"mainEntityOfPage\":{\"@id\":\"https:\/\/rgdeportes.com\/index.php\/2025\/10\/23\/carlos-hernandez-aqui-tienen-muy-endiosados-a-mariano-y-al-mismo-marcel\/\"},\"wordCount\":235,\"publisher\":{\"@id\":\"https:\/\/rgdeportes.com\/#organization\"},\"keywords\":[\"#LigaDeportivaAlajuelense\"],\"articleSection\":[\"F\u00fatbol\",\"La opini\u00f3n\"],\"inLanguage\":\"es\"},{\"@type\":\"WebPage\",\"@id\":\"https:\/\/rgdeportes.com\/index.php\/2025\/10\/23\/carlos-hernandez-aqui-tienen-muy-endiosados-a-mariano-y-al-mismo-marcel\/\",\"url\":\"https:\/\/rgdeportes.com\/index.php\/2025\/10\/23\/carlos-hernandez-aqui-tienen-muy-endiosados-a-mariano-y-al-mismo-marcel\/\",\"name\":\"Carlos Hern\u00e1ndez: \u00a0Aqu\u00ed tienen muy endiosados a Mariano y al mismo Marcel - RG Deportes\u200e\",\"isPartOf\":{\"@id\":\"https:\/\/rgdeportes.com\/#website\"},\"datePublished\":\"2025-10-23T16:13:15+00:00\",\"dateModified\":\"2025-10-23T16:13:16+00:00\",\"breadcrumb\":{\"@id\":\"https:\/\/rgdeportes.com\/index.php\/2025\/10\/23\/carlos-hernandez-aqui-tienen-muy-endiosados-a-mariano-y-al-mismo-marcel\/#breadcrumb\"},\"inLanguage\":\"es\",\"potentialAction\":[{\"@type\":\"ReadAction\",\"target\":[\"https:\/\/rgdeportes.com\/index.php\/2025\/10\/23\/carlos-hernandez-aqui-tienen-muy-endiosados-a-mariano-y-al-mismo-marcel\/\"]}]},{\"@type\":\"BreadcrumbList\",\"@id\":\"https:\/\/rgdeportes.com\/index.php\/2025\/10\/23\/carlos-hernandez-aqui-tienen-muy-endiosados-a-mariano-y-al-mismo-marcel\/#breadcrumb\",\"itemListElement\":[{\"@type\":\"ListItem\",\"position\":1,\"name\":\"Portada\",\"item\":\"https:\/\/rgdeportes.com\/\"},{\"@type\":\"ListItem\",\"position\":2,\"name\":\"Carlos Hern\u00e1ndez: \u00a0Aqu\u00ed tienen muy endiosados a Mariano y al mismo Marcel\"}]},{\"@type\":\"WebSite\",\"@id\":\"https:\/\/rgdeportes.com\/#website\",\"url\":\"https:\/\/rgdeportes.com\/\",\"name\":\"RG Deportes\u200e\",\"description\":\"\",\"publisher\":{\"@id\":\"https:\/\/rgdeportes.com\/#organization\"},\"potentialAction\":[{\"@type\":\"SearchAction\",\"target\":{\"@type\":\"EntryPoint\",\"urlTemplate\":\"https:\/\/rgdeportes.com\/?s={search_term_string}\"},\"query-input\":\"required name=search_term_string\"}],\"inLanguage\":\"es\"},{\"@type\":\"Organization\",\"@id\":\"https:\/\/rgdeportes.com\/#organization\",\"name\":\"RG Deportes\",\"url\":\"https:\/\/rgdeportes.com\/\",\"logo\":{\"@type\":\"ImageObject\",\"inLanguage\":\"es\",\"@id\":\"https:\/\/rgdeportes.com\/#\/schema\/logo\/image\/\",\"url\":\"https:\/\/rgdeportes.com\/wp-content\/uploads\/2020\/09\/Logo.png\",\"contentUrl\":\"https:\/\/rgdeportes.com\/wp-content\/uploads\/2020\/09\/Logo.png\",\"width\":784,\"height\":552,\"caption\":\"RG Deportes\"},\"image\":{\"@id\":\"https:\/\/rgdeportes.com\/#\/schema\/logo\/image\/\"},\"sameAs\":[\"https:\/\/www.facebook.com\/RandallGutierrezDeportes\/\",\"https:\/\/www.instagram.com\/randallgutierrezdeportes\/\",\"https:\/\/www.youtube.com\/channel\/UCX4_qbvtnTwoF5t2zNqBDvA\"]},{\"@type\":\"Person\",\"@id\":\"https:\/\/rgdeportes.com\/#\/schema\/person\/22baed8a6fd19167e537963f85575550\",\"name\":\"\u00c1lvaro Rodr\u00edguez\",\"image\":{\"@type\":\"ImageObject\",\"inLanguage\":\"es\",\"@id\":\"https:\/\/rgdeportes.com\/#\/schema\/person\/image\/\",\"url\":\"https:\/\/secure.gravatar.com\/avatar\/b4dcc01bbec28f294af5f64a905a0a53?s=96&d=mm&r=g\",\"contentUrl\":\"https:\/\/secure.gravatar.com\/avatar\/b4dcc01bbec28f294af5f64a905a0a53?s=96&d=mm&r=g\",\"caption\":\"\u00c1lvaro Rodr\u00edguez\"},\"url\":\"https:\/\/rgdeportes.com\/index.php\/author\/arodriguez\/\"}]}<\/script>\n<!-- \/ Yoast SEO plugin. -->","yoast_head_json":{"title":"Carlos Hern\u00e1ndez: \u00a0Aqu\u00ed tienen muy endiosados a Mariano y al mismo Marcel - RG Deportes\u200e","robots":{"index":"index","follow":"follow","max-snippet":"max-snippet:-1","max-image-preview":"max-image-preview:large","max-video-preview":"max-video-preview:-1"},"canonical":"https:\/\/rgdeportes.com\/index.php\/2025\/10\/23\/carlos-hernandez-aqui-tienen-muy-endiosados-a-mariano-y-al-mismo-marcel\/","og_locale":"es_ES","og_type":"article","og_title":"Carlos Hern\u00e1ndez: \u00a0Aqu\u00ed tienen muy endiosados a Mariano y al mismo Marcel - RG Deportes\u200e","og_description":"El ex futbolista Carlos Hern\u00e1ndez le tiro con todo al \u00eddolo morado Mariano Torres. Para el ex manudo el argentino en su \u00e9poca no hubiera destacado tanto como en la&hellip;","og_url":"https:\/\/rgdeportes.com\/index.php\/2025\/10\/23\/carlos-hernandez-aqui-tienen-muy-endiosados-a-mariano-y-al-mismo-marcel\/","og_site_name":"RG Deportes\u200e","article_publisher":"https:\/\/www.facebook.com\/RandallGutierrezDeportes\/","article_published_time":"2025-10-23T16:13:15+00:00","article_modified_time":"2025-10-23T16:13:16+00:00","og_image":[{"width":1440,"height":961,"url":"http:\/\/rgdeportes.com\/wp-content\/uploads\/2025\/10\/image.png","type":"image\/png"}],"author":"\u00c1lvaro Rodr\u00edguez","twitter_card":"summary_large_image","twitter_misc":{"Escrito por":"\u00c1lvaro Rodr\u00edguez","Tiempo de lectura":"2 minutos"},"schema":{"@context":"https:\/\/schema.org","@graph":[{"@type":"Article","@id":"https:\/\/rgdeportes.com\/index.php\/2025\/10\/23\/carlos-hernandez-aqui-tienen-muy-endiosados-a-mariano-y-al-mismo-marcel\/#article","isPartOf":{"@id":"https:\/\/rgdeportes.com\/index.php\/2025\/10\/23\/carlos-hernandez-aqui-tienen-muy-endiosados-a-mariano-y-al-mismo-marcel\/"},"author":{"name":"\u00c1lvaro Rodr\u00edguez","@id":"https:\/\/rgdeportes.com\/#\/schema\/person\/22baed8a6fd19167e537963f85575550"},"headline":"Carlos Hern\u00e1ndez: \u00a0Aqu\u00ed tienen muy endiosados a Mariano y al mismo Marcel","datePublished":"2025-10-23T16:13:15+00:00","dateModified":"2025-10-23T16:13:16+00:00","mainEntityOfPage":{"@id":"https:\/\/rgdeportes.com\/index.php\/2025\/10\/23\/carlos-hernandez-aqui-tienen-muy-endiosados-a-mariano-y-al-mismo-marcel\/"},"wordCount":235,"publisher":{"@id":"https:\/\/rgdeportes.com\/#organization"},"keywords":["#LigaDeportivaAlajuelense"],"articleSection":["F\u00fatbol","La opini\u00f3n"],"inLanguage":"es"},{"@type":"WebPage","@id":"https:\/\/rgdeportes.com\/index.php\/2025\/10\/23\/carlos-hernandez-aqui-tienen-muy-endiosados-a-mariano-y-al-mismo-marcel\/","url":"https:\/\/rgdeportes.com\/index.php\/2025\/10\/23\/carlos-hernandez-aqui-tienen-muy-endiosados-a-mariano-y-al-mismo-marcel\/","name":"Carlos Hern\u00e1ndez: \u00a0Aqu\u00ed tienen muy endiosados a Mariano y al mismo Marcel - RG Deportes\u200e","isPartOf":{"@id":"https:\/\/rgdeportes.com\/#website"},"datePublished":"2025-10-23T16:13:15+00:00","dateModified":"2025-10-23T16:13:16+00:00","breadcrumb":{"@id":"https:\/\/rgdeportes.com\/index.php\/2025\/10\/23\/carlos-hernandez-aqui-tienen-muy-endiosados-a-mariano-y-al-mismo-marcel\/#breadcrumb"},"inLanguage":"es","potentialAction":[{"@type":"ReadAction","target":["https:\/\/rgdeportes.com\/index.php\/2025\/10\/23\/carlos-hernandez-aqui-tienen-muy-endiosados-a-mariano-y-al-mismo-marcel\/"]}]},{"@type":"BreadcrumbList","@id":"https:\/\/rgdeportes.com\/index.php\/2025\/10\/23\/carlos-hernandez-aqui-tienen-muy-endiosados-a-mariano-y-al-mismo-marcel\/#breadcrumb","itemListElement":[{"@type":"ListItem","position":1,"name":"Portada","item":"https:\/\/rgdeportes.com\/"},{"@type":"ListItem","position":2,"name":"Carlos Hern\u00e1ndez: \u00a0Aqu\u00ed tienen muy endiosados a Mariano y al mismo Marcel"}]},{"@type":"WebSite","@id":"https:\/\/rgdeportes.com\/#website","url":"https:\/\/rgdeportes.com\/","name":"RG Deportes\u200e","description":"","publisher":{"@id":"https:\/\/rgdeportes.com\/#organization"},"potentialAction":[{"@type":"SearchAction","target":{"@type":"EntryPoint","urlTemplate":"https:\/\/rgdeportes.com\/?s={search_term_string}"},"query-input":"required name=search_term_string"}],"inLanguage":"es"},{"@type":"Organization","@id":"https:\/\/rgdeportes.com\/#organization","name":"RG Deportes","url":"https:\/\/rgdeportes.com\/","logo":{"@type":"ImageObject","inLanguage":"es","@id":"https:\/\/rgdeportes.com\/#\/schema\/logo\/image\/","url":"https:\/\/rgdeportes.com\/wp-content\/uploads\/2020\/09\/Logo.png","contentUrl":"https:\/\/rgdeportes.com\/wp-content\/uploads\/2020\/09\/Logo.png","width":784,"height":552,"caption":"RG Deportes"},"image":{"@id":"https:\/\/rgdeportes.com\/#\/schema\/logo\/image\/"},"sameAs":["https:\/\/www.facebook.com\/RandallGutierrezDeportes\/","https:\/\/www.instagram.com\/randallgutierrezdeportes\/","https:\/\/www.youtube.com\/channel\/UCX4_qbvtnTwoF5t2zNqBDvA"]},{"@type":"Person","@id":"https:\/\/rgdeportes.com\/#\/schema\/person\/22baed8a6fd19167e537963f85575550","name":"\u00c1lvaro Rodr\u00edguez","image":{"@type":"ImageObject","inLanguage":"es","@id":"https:\/\/rgdeportes.com\/#\/schema\/person\/image\/","url":"https:\/\/secure.gravatar.com\/avatar\/b4dcc01bbec28f294af5f64a905a0a53?s=96&d=mm&r=g","contentUrl":"https:\/\/secure.gravatar.com\/avatar\/b4dcc01bbec28f294af5f64a905a0a53?s=96&d=mm&r=g","caption":"\u00c1lvaro Rodr\u00edguez"},"url":"https:\/\/rgdeportes.com\/index.php\/author\/arodriguez\/"}]}},"_links":{"self":[{"href":"https:\/\/rgdeportes.com\/index.php\/wp-json\/wp\/v2\/posts\/10497","targetHints":{"allow":["GET"]}}],"collection":[{"href":"https:\/\/rgdeportes.com\/index.php\/wp-json\/wp\/v2\/posts"}],"about":[{"href":"https:\/\/rgdeportes.com\/index.php\/wp-json\/wp\/v2\/types\/post"}],"author":[{"embeddable":true,"href":"https:\/\/rgdeportes.com\/index.php\/wp-json\/wp\/v2\/users\/4"}],"replies":[{"embeddable":true,"href":"https:\/\/rgdeportes.com\/index.php\/wp-json\/wp\/v2\/comments?post=10497"}],"version-history":[{"count":1,"href":"https:\/\/rgdeportes.com\/index.php\/wp-json\/wp\/v2\/posts\/10497\/revisions"}],"predecessor-version":[{"id":10500,"href":"https:\/\/rgdeportes.com\/index.php\/wp-json\/wp\/v2\/posts\/10497\/revisions\/10500"}],"wp:featuredmedia":[{"embeddable":true,"href":"https:\/\/rgdeportes.com\/index.php\/wp-json\/wp\/v2\/media\/10498"}],"wp:attachment":[{"href":"https:\/\/rgdeportes.com\/index.php\/wp-json\/wp\/v2\/media?parent=10497"}],"wp:term":[{"taxonomy":"category","embeddable":true,"href":"https:\/\/rgdeportes.com\/index.php\/wp-json\/wp\/v2\/categories?post=10497"},{"taxonomy":"post_tag","embeddable":true,"href":"https:\/\/rgdeportes.com\/index.php\/wp-json\/wp\/v2\/tags?post=10497"}],"curies":[{"name":"wp","href":"https:\/\/api.w.org\/{rel}","templated":true}]}}