{"id":10456,"date":"2025-10-11T00:36:05","date_gmt":"2025-10-11T00:36:05","guid":{"rendered":"https:\/\/rgdeportes.com\/?p=10456"},"modified":"2025-10-11T00:36:06","modified_gmt":"2025-10-11T00:36:06","slug":"costa-rica-escenario-de-evento-premundialista","status":"publish","type":"post","link":"https:\/\/rgdeportes.com\/index.php\/2025\/10\/11\/costa-rica-escenario-de-evento-premundialista\/","title":{"rendered":"Costa Rica escenario de evento Premundialista"},"content":{"rendered":"\n<figure class=\"wp-block-image size-large\"><img loading=\"lazy\" decoding=\"async\" width=\"1024\" height=\"682\" src=\"https:\/\/rgdeportes.com\/wp-content\/uploads\/2025\/10\/20250216_143417620_iOS-1624x1082-1-1024x682.jpg\" alt=\"\" class=\"wp-image-10457\" srcset=\"https:\/\/rgdeportes.com\/wp-content\/uploads\/2025\/10\/20250216_143417620_iOS-1624x1082-1-1024x682.jpg 1024w, https:\/\/rgdeportes.com\/wp-content\/uploads\/2025\/10\/20250216_143417620_iOS-1624x1082-1-300x200.jpg 300w, https:\/\/rgdeportes.com\/wp-content\/uploads\/2025\/10\/20250216_143417620_iOS-1624x1082-1-768x512.jpg 768w, https:\/\/rgdeportes.com\/wp-content\/uploads\/2025\/10\/20250216_143417620_iOS-1624x1082-1-1536x1023.jpg 1536w, https:\/\/rgdeportes.com\/wp-content\/uploads\/2025\/10\/20250216_143417620_iOS-1624x1082-1.jpg 1624w\" sizes=\"auto, (max-width: 1024px) 100vw, 1024px\" \/><\/figure>\n\n\n\n<p>La tarde de este viernes se dio a conocer por parte de la Concacaf que Costa Rica fue elegido para ser la sede del Torneo Clasificatorio\u00a0masculino\u00a0de la confederaci\u00f3n rumbo a la Copa del Mundo Sub-17 de la FIFA\u00a02026.<\/p>\n\n\n\n<p>Con respecto a este certamen, esta pactado en disputarse del 3 al 12 de febrero de 2026 y contar\u00e1 con la participaci\u00f3n de 34 naciones que buscar\u00e1n uno de los ocho boletos disponibles para la pr\u00f3xima Copa Mundial Sub-17.<\/p>\n\n\n\n<p>Adem\u00e1s de Costa Rica, los pa\u00edses sede ser\u00e1n Honduras, Panam\u00e1, Guatemala, Trinidad y Tobago, y San Vicente y las Granadinas.<\/p>\n\n\n\n<p>En la edici\u00f3n anterior de las Clasificatorias, tambi\u00e9n disputada bajo este formato, Costa Rica encabez\u00f3 su grupo y asegur\u00f3 su boleto al Mundial Sub-17 de la FIFA&nbsp;Catar 2025, reafirmando el nivel competitivo del pa\u00eds en la categor\u00eda.<\/p>\n\n\n\n<p>De acuerdo con el Ranking Sub-17 Masculino de Concacaf de abril 2025, Costa Rica figura en el Bombo 1, junto a M\u00e9xico, Estados Unidos, Canad\u00e1, Panam\u00e1, Honduras, Hait\u00ed y El Salvador, lo que la coloca entre los equipos cabeza de serie del torneo.<\/p>\n\n\n\n<p>El sorteo oficial de grupos se realizar\u00e1&nbsp;el 21 de octubre de 2025, a las&nbsp;9:00&nbsp;a.m., y ser\u00e1 transmitido en vivo a trav\u00e9s del canal de YouTube de Concacaf.<\/p>\n\n\n\n<figure class=\"wp-block-image\"><img decoding=\"async\" src=\"https:\/\/www.fcrf.cr\/wp-content\/uploads\/2025\/10\/20250216_143417620_iOS-1624x1082.jpg\" alt=\"20250216 143417620 iOS\" class=\"wp-image-90652\" title=\"Costa Rica volver\u00e1 a ser sede de un Premundial en categor\u00eda juvenil 1\"\/><\/figure>\n\n\n\n<p><strong>Primera Ronda de la Clasificatoria Femenina Sub-17 Concacaf 2026<\/strong><\/p>\n\n\n\n<p>Concacaf tambi\u00e9n confirm\u00f3 los detalles de la Primera Ronda de la Clasificatoria Femenina Sub-17 2026, en la que 30 selecciones buscar\u00e1n avanzar hacia la Ronda Final del torneo, rumbo a la Copa Mundial Femenina Sub-17 de la FIFA.<\/p>\n\n\n\n<p>Esta fase se disputar\u00e1 del 24 de enero al 2 de febrero de 2026 y los encuentros se desarrollar\u00e1n en cuatro pa\u00edses anfitriones: Aruba, Bermudas, Curazao y Nicaragua.<\/p>\n\n\n\n<p>Seg\u00fan el Ranking Femenino Sub-17 de Concacaf de abril 2025, Costa Rica encabeza el Bombo 1, junto a El Salvador, Hait\u00ed, Panam\u00e1, Honduras y Rep\u00fablica Dominicana.<\/p>\n\n\n\n<p>El sorteo oficial de la competencia se llevar\u00e1 a cabo el&nbsp;15 de octubre de 2025, a las 9:00 a.m. (hora de Costa Rica)&nbsp;y podr\u00e1 seguirse en vivo a trav\u00e9s del canal de YouTube de Concacaf.<\/p>\n\n\n\n<p>En la edici\u00f3n anterior de la Clasificatoria Femenina Sub-17, Costa Rica&nbsp;clasific\u00f3 como mejor segundo lugar&nbsp;y&nbsp;obtuvo su boleto&nbsp;a la Copa Mundial Sub-17 de la FIFA Marruecos 2025.<\/p>\n\n\n\n<p>La designaci\u00f3n de Costa Rica como sede y su protagonismo en ambas clasificatorias reflejan el crecimiento integral del f\u00fatbol nacional y el compromiso de la FCRF con el impulso de las nuevas generaciones.<\/p>\n\n\n\n<p>Fotos &#8211; Federaci\u00f3n Costarricense de F\u00fatbol. <\/p>\n","protected":false},"excerpt":{"rendered":"<p>La tarde de este viernes se dio a conocer por parte de la Concacaf que Costa Rica fue elegido para ser la sede del Torneo Clasificatorio\u00a0masculino\u00a0de la confederaci\u00f3n rumbo a&hellip; <\/p>\n","protected":false},"author":2,"featured_media":10457,"comment_status":"closed","ping_status":"closed","sticky":false,"template":"","format":"standard","meta":{"om_disable_all_campaigns":false,"_monsterinsights_skip_tracking":false,"_monsterinsights_sitenote_active":false,"_monsterinsights_sitenote_note":"","_monsterinsights_sitenote_category":0,"footnotes":""},"categories":[5],"tags":[3316,3315],"class_list":["post-10456","post","type-post","status-publish","format-standard","has-post-thumbnail","hentry","category-ft","tag-premundialconcacaf2026","tag-premundialsub17costarica"],"aioseo_notices":[],"yoast_head":"<!-- This site is optimized with the Yoast SEO plugin v21.2 - https:\/\/yoast.com\/wordpress\/plugins\/seo\/ -->\n<title>Costa Rica escenario de evento Premundialista - RG Deportes\u200e<\/title>\n<meta name=\"robots\" content=\"index, follow, max-snippet:-1, max-image-preview:large, max-video-preview:-1\" \/>\n<link rel=\"canonical\" href=\"https:\/\/rgdeportes.com\/index.php\/2025\/10\/11\/costa-rica-escenario-de-evento-premundialista\/\" \/>\n<meta property=\"og:locale\" content=\"es_ES\" \/>\n<meta property=\"og:type\" content=\"article\" \/>\n<meta property=\"og:title\" content=\"Costa Rica escenario de evento Premundialista - RG Deportes\u200e\" \/>\n<meta property=\"og:description\" content=\"La tarde de este viernes se dio a conocer por parte de la Concacaf que Costa Rica fue elegido para ser la sede del Torneo Clasificatorio\u00a0masculino\u00a0de la confederaci\u00f3n rumbo a&hellip;\" \/>\n<meta property=\"og:url\" content=\"https:\/\/rgdeportes.com\/index.php\/2025\/10\/11\/costa-rica-escenario-de-evento-premundialista\/\" \/>\n<meta property=\"og:site_name\" content=\"RG Deportes\u200e\" \/>\n<meta property=\"article:publisher\" content=\"https:\/\/www.facebook.com\/RandallGutierrezDeportes\/\" \/>\n<meta property=\"article:published_time\" content=\"2025-10-11T00:36:05+00:00\" \/>\n<meta property=\"article:modified_time\" content=\"2025-10-11T00:36:06+00:00\" \/>\n<meta property=\"og:image\" content=\"http:\/\/rgdeportes.com\/wp-content\/uploads\/2025\/10\/20250216_143417620_iOS-1624x1082-1.jpg\" \/>\n\t<meta property=\"og:image:width\" content=\"1624\" \/>\n\t<meta property=\"og:image:height\" content=\"1082\" \/>\n\t<meta property=\"og:image:type\" content=\"image\/jpeg\" \/>\n<meta name=\"author\" content=\"Randall Gutierrez\" \/>\n<meta name=\"twitter:card\" content=\"summary_large_image\" \/>\n<meta name=\"twitter:label1\" content=\"Escrito por\" \/>\n\t<meta name=\"twitter:data1\" content=\"Randall Gutierrez\" \/>\n\t<meta name=\"twitter:label2\" content=\"Tiempo de lectura\" \/>\n\t<meta name=\"twitter:data2\" content=\"3 minutos\" \/>\n<script type=\"application\/ld+json\" class=\"yoast-schema-graph\">{\"@context\":\"https:\/\/schema.org\",\"@graph\":[{\"@type\":\"Article\",\"@id\":\"https:\/\/rgdeportes.com\/index.php\/2025\/10\/11\/costa-rica-escenario-de-evento-premundialista\/#article\",\"isPartOf\":{\"@id\":\"https:\/\/rgdeportes.com\/index.php\/2025\/10\/11\/costa-rica-escenario-de-evento-premundialista\/\"},\"author\":{\"name\":\"Randall Gutierrez\",\"@id\":\"https:\/\/rgdeportes.com\/#\/schema\/person\/91795323fddb335a4fd017bf0e4b1358\"},\"headline\":\"Costa Rica escenario de evento Premundialista\",\"datePublished\":\"2025-10-11T00:36:05+00:00\",\"dateModified\":\"2025-10-11T00:36:06+00:00\",\"mainEntityOfPage\":{\"@id\":\"https:\/\/rgdeportes.com\/index.php\/2025\/10\/11\/costa-rica-escenario-de-evento-premundialista\/\"},\"wordCount\":438,\"publisher\":{\"@id\":\"https:\/\/rgdeportes.com\/#organization\"},\"keywords\":[\"#Premundialconcacaf2026\",\"#premundialsub17costarica\"],\"articleSection\":[\"F\u00fatbol\"],\"inLanguage\":\"es\"},{\"@type\":\"WebPage\",\"@id\":\"https:\/\/rgdeportes.com\/index.php\/2025\/10\/11\/costa-rica-escenario-de-evento-premundialista\/\",\"url\":\"https:\/\/rgdeportes.com\/index.php\/2025\/10\/11\/costa-rica-escenario-de-evento-premundialista\/\",\"name\":\"Costa Rica escenario de evento Premundialista - RG Deportes\u200e\",\"isPartOf\":{\"@id\":\"https:\/\/rgdeportes.com\/#website\"},\"datePublished\":\"2025-10-11T00:36:05+00:00\",\"dateModified\":\"2025-10-11T00:36:06+00:00\",\"breadcrumb\":{\"@id\":\"https:\/\/rgdeportes.com\/index.php\/2025\/10\/11\/costa-rica-escenario-de-evento-premundialista\/#breadcrumb\"},\"inLanguage\":\"es\",\"potentialAction\":[{\"@type\":\"ReadAction\",\"target\":[\"https:\/\/rgdeportes.com\/index.php\/2025\/10\/11\/costa-rica-escenario-de-evento-premundialista\/\"]}]},{\"@type\":\"BreadcrumbList\",\"@id\":\"https:\/\/rgdeportes.com\/index.php\/2025\/10\/11\/costa-rica-escenario-de-evento-premundialista\/#breadcrumb\",\"itemListElement\":[{\"@type\":\"ListItem\",\"position\":1,\"name\":\"Portada\",\"item\":\"https:\/\/rgdeportes.com\/\"},{\"@type\":\"ListItem\",\"position\":2,\"name\":\"Costa Rica escenario de evento Premundialista\"}]},{\"@type\":\"WebSite\",\"@id\":\"https:\/\/rgdeportes.com\/#website\",\"url\":\"https:\/\/rgdeportes.com\/\",\"name\":\"RG Deportes\u200e\",\"description\":\"\",\"publisher\":{\"@id\":\"https:\/\/rgdeportes.com\/#organization\"},\"potentialAction\":[{\"@type\":\"SearchAction\",\"target\":{\"@type\":\"EntryPoint\",\"urlTemplate\":\"https:\/\/rgdeportes.com\/?s={search_term_string}\"},\"query-input\":\"required name=search_term_string\"}],\"inLanguage\":\"es\"},{\"@type\":\"Organization\",\"@id\":\"https:\/\/rgdeportes.com\/#organization\",\"name\":\"RG Deportes\",\"url\":\"https:\/\/rgdeportes.com\/\",\"logo\":{\"@type\":\"ImageObject\",\"inLanguage\":\"es\",\"@id\":\"https:\/\/rgdeportes.com\/#\/schema\/logo\/image\/\",\"url\":\"https:\/\/rgdeportes.com\/wp-content\/uploads\/2020\/09\/Logo.png\",\"contentUrl\":\"https:\/\/rgdeportes.com\/wp-content\/uploads\/2020\/09\/Logo.png\",\"width\":784,\"height\":552,\"caption\":\"RG Deportes\"},\"image\":{\"@id\":\"https:\/\/rgdeportes.com\/#\/schema\/logo\/image\/\"},\"sameAs\":[\"https:\/\/www.facebook.com\/RandallGutierrezDeportes\/\",\"https:\/\/www.instagram.com\/randallgutierrezdeportes\/\",\"https:\/\/www.youtube.com\/channel\/UCX4_qbvtnTwoF5t2zNqBDvA\"]},{\"@type\":\"Person\",\"@id\":\"https:\/\/rgdeportes.com\/#\/schema\/person\/91795323fddb335a4fd017bf0e4b1358\",\"name\":\"Randall Gutierrez\",\"image\":{\"@type\":\"ImageObject\",\"inLanguage\":\"es\",\"@id\":\"https:\/\/rgdeportes.com\/#\/schema\/person\/image\/\",\"url\":\"https:\/\/secure.gravatar.com\/avatar\/d0884ea8b9b50bcfad3c0d20049361b5?s=96&d=mm&r=g\",\"contentUrl\":\"https:\/\/secure.gravatar.com\/avatar\/d0884ea8b9b50bcfad3c0d20049361b5?s=96&d=mm&r=g\",\"caption\":\"Randall Gutierrez\"},\"url\":\"https:\/\/rgdeportes.com\/index.php\/author\/randall\/\"}]}<\/script>\n<!-- \/ Yoast SEO plugin. -->","yoast_head_json":{"title":"Costa Rica escenario de evento Premundialista - RG Deportes\u200e","robots":{"index":"index","follow":"follow","max-snippet":"max-snippet:-1","max-image-preview":"max-image-preview:large","max-video-preview":"max-video-preview:-1"},"canonical":"https:\/\/rgdeportes.com\/index.php\/2025\/10\/11\/costa-rica-escenario-de-evento-premundialista\/","og_locale":"es_ES","og_type":"article","og_title":"Costa Rica escenario de evento Premundialista - RG Deportes\u200e","og_description":"La tarde de este viernes se dio a conocer por parte de la Concacaf que Costa Rica fue elegido para ser la sede del Torneo Clasificatorio\u00a0masculino\u00a0de la confederaci\u00f3n rumbo a&hellip;","og_url":"https:\/\/rgdeportes.com\/index.php\/2025\/10\/11\/costa-rica-escenario-de-evento-premundialista\/","og_site_name":"RG Deportes\u200e","article_publisher":"https:\/\/www.facebook.com\/RandallGutierrezDeportes\/","article_published_time":"2025-10-11T00:36:05+00:00","article_modified_time":"2025-10-11T00:36:06+00:00","og_image":[{"width":1624,"height":1082,"url":"http:\/\/rgdeportes.com\/wp-content\/uploads\/2025\/10\/20250216_143417620_iOS-1624x1082-1.jpg","type":"image\/jpeg"}],"author":"Randall Gutierrez","twitter_card":"summary_large_image","twitter_misc":{"Escrito por":"Randall Gutierrez","Tiempo de lectura":"3 minutos"},"schema":{"@context":"https:\/\/schema.org","@graph":[{"@type":"Article","@id":"https:\/\/rgdeportes.com\/index.php\/2025\/10\/11\/costa-rica-escenario-de-evento-premundialista\/#article","isPartOf":{"@id":"https:\/\/rgdeportes.com\/index.php\/2025\/10\/11\/costa-rica-escenario-de-evento-premundialista\/"},"author":{"name":"Randall Gutierrez","@id":"https:\/\/rgdeportes.com\/#\/schema\/person\/91795323fddb335a4fd017bf0e4b1358"},"headline":"Costa Rica escenario de evento Premundialista","datePublished":"2025-10-11T00:36:05+00:00","dateModified":"2025-10-11T00:36:06+00:00","mainEntityOfPage":{"@id":"https:\/\/rgdeportes.com\/index.php\/2025\/10\/11\/costa-rica-escenario-de-evento-premundialista\/"},"wordCount":438,"publisher":{"@id":"https:\/\/rgdeportes.com\/#organization"},"keywords":["#Premundialconcacaf2026","#premundialsub17costarica"],"articleSection":["F\u00fatbol"],"inLanguage":"es"},{"@type":"WebPage","@id":"https:\/\/rgdeportes.com\/index.php\/2025\/10\/11\/costa-rica-escenario-de-evento-premundialista\/","url":"https:\/\/rgdeportes.com\/index.php\/2025\/10\/11\/costa-rica-escenario-de-evento-premundialista\/","name":"Costa Rica escenario de evento Premundialista - RG Deportes\u200e","isPartOf":{"@id":"https:\/\/rgdeportes.com\/#website"},"datePublished":"2025-10-11T00:36:05+00:00","dateModified":"2025-10-11T00:36:06+00:00","breadcrumb":{"@id":"https:\/\/rgdeportes.com\/index.php\/2025\/10\/11\/costa-rica-escenario-de-evento-premundialista\/#breadcrumb"},"inLanguage":"es","potentialAction":[{"@type":"ReadAction","target":["https:\/\/rgdeportes.com\/index.php\/2025\/10\/11\/costa-rica-escenario-de-evento-premundialista\/"]}]},{"@type":"BreadcrumbList","@id":"https:\/\/rgdeportes.com\/index.php\/2025\/10\/11\/costa-rica-escenario-de-evento-premundialista\/#breadcrumb","itemListElement":[{"@type":"ListItem","position":1,"name":"Portada","item":"https:\/\/rgdeportes.com\/"},{"@type":"ListItem","position":2,"name":"Costa Rica escenario de evento Premundialista"}]},{"@type":"WebSite","@id":"https:\/\/rgdeportes.com\/#website","url":"https:\/\/rgdeportes.com\/","name":"RG Deportes\u200e","description":"","publisher":{"@id":"https:\/\/rgdeportes.com\/#organization"},"potentialAction":[{"@type":"SearchAction","target":{"@type":"EntryPoint","urlTemplate":"https:\/\/rgdeportes.com\/?s={search_term_string}"},"query-input":"required name=search_term_string"}],"inLanguage":"es"},{"@type":"Organization","@id":"https:\/\/rgdeportes.com\/#organization","name":"RG Deportes","url":"https:\/\/rgdeportes.com\/","logo":{"@type":"ImageObject","inLanguage":"es","@id":"https:\/\/rgdeportes.com\/#\/schema\/logo\/image\/","url":"https:\/\/rgdeportes.com\/wp-content\/uploads\/2020\/09\/Logo.png","contentUrl":"https:\/\/rgdeportes.com\/wp-content\/uploads\/2020\/09\/Logo.png","width":784,"height":552,"caption":"RG Deportes"},"image":{"@id":"https:\/\/rgdeportes.com\/#\/schema\/logo\/image\/"},"sameAs":["https:\/\/www.facebook.com\/RandallGutierrezDeportes\/","https:\/\/www.instagram.com\/randallgutierrezdeportes\/","https:\/\/www.youtube.com\/channel\/UCX4_qbvtnTwoF5t2zNqBDvA"]},{"@type":"Person","@id":"https:\/\/rgdeportes.com\/#\/schema\/person\/91795323fddb335a4fd017bf0e4b1358","name":"Randall Gutierrez","image":{"@type":"ImageObject","inLanguage":"es","@id":"https:\/\/rgdeportes.com\/#\/schema\/person\/image\/","url":"https:\/\/secure.gravatar.com\/avatar\/d0884ea8b9b50bcfad3c0d20049361b5?s=96&d=mm&r=g","contentUrl":"https:\/\/secure.gravatar.com\/avatar\/d0884ea8b9b50bcfad3c0d20049361b5?s=96&d=mm&r=g","caption":"Randall Gutierrez"},"url":"https:\/\/rgdeportes.com\/index.php\/author\/randall\/"}]}},"_links":{"self":[{"href":"https:\/\/rgdeportes.com\/index.php\/wp-json\/wp\/v2\/posts\/10456","targetHints":{"allow":["GET"]}}],"collection":[{"href":"https:\/\/rgdeportes.com\/index.php\/wp-json\/wp\/v2\/posts"}],"about":[{"href":"https:\/\/rgdeportes.com\/index.php\/wp-json\/wp\/v2\/types\/post"}],"author":[{"embeddable":true,"href":"https:\/\/rgdeportes.com\/index.php\/wp-json\/wp\/v2\/users\/2"}],"replies":[{"embeddable":true,"href":"https:\/\/rgdeportes.com\/index.php\/wp-json\/wp\/v2\/comments?post=10456"}],"version-history":[{"count":1,"href":"https:\/\/rgdeportes.com\/index.php\/wp-json\/wp\/v2\/posts\/10456\/revisions"}],"predecessor-version":[{"id":10458,"href":"https:\/\/rgdeportes.com\/index.php\/wp-json\/wp\/v2\/posts\/10456\/revisions\/10458"}],"wp:featuredmedia":[{"embeddable":true,"href":"https:\/\/rgdeportes.com\/index.php\/wp-json\/wp\/v2\/media\/10457"}],"wp:attachment":[{"href":"https:\/\/rgdeportes.com\/index.php\/wp-json\/wp\/v2\/media?parent=10456"}],"wp:term":[{"taxonomy":"category","embeddable":true,"href":"https:\/\/rgdeportes.com\/index.php\/wp-json\/wp\/v2\/categories?post=10456"},{"taxonomy":"post_tag","embeddable":true,"href":"https:\/\/rgdeportes.com\/index.php\/wp-json\/wp\/v2\/tags?post=10456"}],"curies":[{"name":"wp","href":"https:\/\/api.w.org\/{rel}","templated":true}]}}