{"id":10277,"date":"2025-08-29T00:18:59","date_gmt":"2025-08-29T00:18:59","guid":{"rendered":"https:\/\/rgdeportes.com\/?p=10277"},"modified":"2025-08-29T00:20:42","modified_gmt":"2025-08-29T00:20:42","slug":"confirman-sedes-y-horarios-de-los-clasicos-eliminatorios-de-la-sele-rumbo-al-mundial-2026","status":"publish","type":"post","link":"https:\/\/rgdeportes.com\/index.php\/2025\/08\/29\/confirman-sedes-y-horarios-de-los-clasicos-eliminatorios-de-la-sele-rumbo-al-mundial-2026\/","title":{"rendered":"Confirman sedes y horarios de los partidos eliminatorios de La Sele rumbo al Mundial 2026"},"content":{"rendered":"\n<p>La Federaci\u00f3n Costarricense de F\u00fatbol (FCRF) anunci\u00f3 hoy, 28 de agosto de 2025, los detalles oficiales de los partidos de la \u00faltima fase eliminatoria de la Concacaf para el Mundial 2026, cuyas sedes y horarios ya fueron ratificados por la confederaci\u00f3n.<\/p>\n\n\n\n<figure class=\"wp-block-gallery has-nested-images columns-default is-cropped wp-block-gallery-1 is-layout-flex wp-block-gallery-is-layout-flex\">\n<figure class=\"wp-block-image size-large\"><img loading=\"lazy\" decoding=\"async\" width=\"836\" height=\"836\" data-id=\"10278\" src=\"https:\/\/rgdeportes.com\/wp-content\/uploads\/2025\/08\/WhatsApp-Image-2025-08-28-at-6.15.26-PM.jpeg\" alt=\"\" class=\"wp-image-10278\" srcset=\"https:\/\/rgdeportes.com\/wp-content\/uploads\/2025\/08\/WhatsApp-Image-2025-08-28-at-6.15.26-PM.jpeg 836w, https:\/\/rgdeportes.com\/wp-content\/uploads\/2025\/08\/WhatsApp-Image-2025-08-28-at-6.15.26-PM-300x300.jpeg 300w, https:\/\/rgdeportes.com\/wp-content\/uploads\/2025\/08\/WhatsApp-Image-2025-08-28-at-6.15.26-PM-150x150.jpeg 150w, https:\/\/rgdeportes.com\/wp-content\/uploads\/2025\/08\/WhatsApp-Image-2025-08-28-at-6.15.26-PM-768x768.jpeg 768w\" sizes=\"auto, (max-width: 836px) 100vw, 836px\" \/><\/figure>\n<\/figure>\n\n\n\n<p><strong>Calendario confirmado:<\/strong><\/p>\n\n\n\n<ul class=\"wp-block-list\">\n<li><strong>Viernes 5 de septiembre de 2025<\/strong> \u2013 <em>Nicaragua vs. Costa Rica<\/em>, Estadio Nacional, Managua (Nicaragua), a las <strong>8:00 p.m.<\/strong><\/li>\n\n\n\n<li><strong>Martes 9 de septiembre de 2025<\/strong> \u2013 <em>Costa Rica vs. Hait\u00ed<\/em>, Estadio Nacional, San Jos\u00e9 (Costa Rica), a las <strong>8:00 p.m.<\/strong><\/li>\n\n\n\n<li><strong>Jueves 9 de octubre de 2025<\/strong> \u2013 <em>Honduras vs. Costa Rica<\/em>, Estadio General Francisco Moraz\u00e1n, San Pedro Sula (Honduras), a las <strong>8:00 p.m.<\/strong><\/li>\n\n\n\n<li><strong>Lunes 13 de octubre de 2025<\/strong> \u2013 <em>Costa Rica vs. Nicaragua<\/em>, Estadio Nacional, San Jos\u00e9 (Costa Rica), a las <strong>8:00 p.m.<\/strong><\/li>\n\n\n\n<li><strong>Jueves 13 de noviembre de 2025<\/strong> \u2013 <em>Hait\u00ed vs. Costa Rica<\/em>, Stadion Ergilio Hato, Willemstad (Curazao), a las <strong>6:00 p.m.<\/strong><\/li>\n\n\n\n<li><strong>Martes 18 de noviembre de 2025<\/strong> \u2013 <em>Costa Rica vs. Honduras<\/em>, Estadio Nacional, San Jos\u00e9 (Costa Rica), a las <strong>7:00 p.m.<\/strong><\/li>\n<\/ul>\n\n\n\n<figure class=\"wp-block-gallery has-nested-images columns-default is-cropped wp-block-gallery-2 is-layout-flex wp-block-gallery-is-layout-flex\">\n<figure class=\"wp-block-image size-large\"><img loading=\"lazy\" decoding=\"async\" width=\"819\" height=\"1024\" data-id=\"10279\" src=\"https:\/\/rgdeportes.com\/wp-content\/uploads\/2025\/08\/WhatsApp-Image-2025-08-28-at-6.15.26-PM-1-819x1024.jpeg\" alt=\"\" class=\"wp-image-10279\" srcset=\"https:\/\/rgdeportes.com\/wp-content\/uploads\/2025\/08\/WhatsApp-Image-2025-08-28-at-6.15.26-PM-1-819x1024.jpeg 819w, https:\/\/rgdeportes.com\/wp-content\/uploads\/2025\/08\/WhatsApp-Image-2025-08-28-at-6.15.26-PM-1-240x300.jpeg 240w, https:\/\/rgdeportes.com\/wp-content\/uploads\/2025\/08\/WhatsApp-Image-2025-08-28-at-6.15.26-PM-1-768x960.jpeg 768w, https:\/\/rgdeportes.com\/wp-content\/uploads\/2025\/08\/WhatsApp-Image-2025-08-28-at-6.15.26-PM-1.jpeg 864w\" sizes=\"auto, (max-width: 819px) 100vw, 819px\" \/><\/figure>\n<\/figure>\n\n\n\n<p><strong>Claves de esta ronda final:<\/strong><\/p>\n\n\n\n<ul class=\"wp-block-list\">\n<li>Al concluir esta etapa en noviembre, <strong>los ganadores de grupo obtendr\u00e1n la clasificaci\u00f3n directa<\/strong> a la Copa Mundial de la FIFA 2026, que se disputar\u00e1 en EE. UU., M\u00e9xico y Canad\u00e1.<\/li>\n\n\n\n<li>Los <strong>dos mejores segundos lugares avanzar\u00e1n al playoff intercontinental<\/strong> de marzo de 2026, con la posibilidad de un lugar en el Mundial.<\/li>\n\n\n\n<li>Por primera vez, <strong>Concacaf podr\u00eda contar con hasta ocho representaciones<\/strong> en la Copa Mundial masculina.<\/li>\n\n\n\n<li>Las entradas para el partido en casa frente a Hait\u00ed (9 de septiembre) ya est\u00e1n disponibles en <em>Specialticket.net<\/em>, incluyendo un paquete con las tres presentaciones como local (contra Hait\u00ed, Nicaragua y Honduras) con un <strong>20 % de descuento<\/strong><\/li>\n<\/ul>\n","protected":false},"excerpt":{"rendered":"<p>La Federaci\u00f3n Costarricense de F\u00fatbol (FCRF) anunci\u00f3 hoy, 28 de agosto de 2025, los detalles oficiales de los partidos de la \u00faltima fase eliminatoria de la Concacaf para el Mundial&hellip; <\/p>\n","protected":false},"author":7,"featured_media":10278,"comment_status":"closed","ping_status":"closed","sticky":false,"template":"","format":"standard","meta":{"om_disable_all_campaigns":false,"_monsterinsights_skip_tracking":false,"_monsterinsights_sitenote_active":false,"_monsterinsights_sitenote_note":"","_monsterinsights_sitenote_category":0,"footnotes":""},"categories":[11,5],"tags":[3252],"class_list":["post-10277","post","type-post","status-publish","format-standard","has-post-thumbnail","hentry","category-de","category-ft","tag-fifamundial2026"],"aioseo_notices":[],"yoast_head":"<!-- This site is optimized with the Yoast SEO plugin v21.2 - https:\/\/yoast.com\/wordpress\/plugins\/seo\/ -->\n<title>Confirman sedes y horarios de los partidos eliminatorios de La Sele rumbo al Mundial 2026 - RG Deportes\u200e<\/title>\n<meta name=\"robots\" content=\"index, follow, max-snippet:-1, max-image-preview:large, max-video-preview:-1\" \/>\n<link rel=\"canonical\" href=\"https:\/\/rgdeportes.com\/index.php\/2025\/08\/29\/confirman-sedes-y-horarios-de-los-clasicos-eliminatorios-de-la-sele-rumbo-al-mundial-2026\/\" \/>\n<meta property=\"og:locale\" content=\"es_ES\" \/>\n<meta property=\"og:type\" content=\"article\" \/>\n<meta property=\"og:title\" content=\"Confirman sedes y horarios de los partidos eliminatorios de La Sele rumbo al Mundial 2026 - RG Deportes\u200e\" \/>\n<meta property=\"og:description\" content=\"La Federaci\u00f3n Costarricense de F\u00fatbol (FCRF) anunci\u00f3 hoy, 28 de agosto de 2025, los detalles oficiales de los partidos de la \u00faltima fase eliminatoria de la Concacaf para el Mundial&hellip;\" \/>\n<meta property=\"og:url\" content=\"https:\/\/rgdeportes.com\/index.php\/2025\/08\/29\/confirman-sedes-y-horarios-de-los-clasicos-eliminatorios-de-la-sele-rumbo-al-mundial-2026\/\" \/>\n<meta property=\"og:site_name\" content=\"RG Deportes\u200e\" \/>\n<meta property=\"article:publisher\" content=\"https:\/\/www.facebook.com\/RandallGutierrezDeportes\/\" \/>\n<meta property=\"article:published_time\" content=\"2025-08-29T00:18:59+00:00\" \/>\n<meta property=\"article:modified_time\" content=\"2025-08-29T00:20:42+00:00\" \/>\n<meta property=\"og:image\" content=\"http:\/\/rgdeportes.com\/wp-content\/uploads\/2025\/08\/WhatsApp-Image-2025-08-28-at-6.15.26-PM.jpeg\" \/>\n\t<meta property=\"og:image:width\" content=\"836\" \/>\n\t<meta property=\"og:image:height\" content=\"836\" \/>\n\t<meta property=\"og:image:type\" content=\"image\/jpeg\" \/>\n<meta name=\"author\" content=\"Ronald Romero Mata\" \/>\n<meta name=\"twitter:card\" content=\"summary_large_image\" \/>\n<meta name=\"twitter:label1\" content=\"Escrito por\" \/>\n\t<meta name=\"twitter:data1\" content=\"Ronald Romero Mata\" \/>\n\t<meta name=\"twitter:label2\" content=\"Tiempo de lectura\" \/>\n\t<meta name=\"twitter:data2\" content=\"2 minutos\" \/>\n<script type=\"application\/ld+json\" class=\"yoast-schema-graph\">{\"@context\":\"https:\/\/schema.org\",\"@graph\":[{\"@type\":\"Article\",\"@id\":\"https:\/\/rgdeportes.com\/index.php\/2025\/08\/29\/confirman-sedes-y-horarios-de-los-clasicos-eliminatorios-de-la-sele-rumbo-al-mundial-2026\/#article\",\"isPartOf\":{\"@id\":\"https:\/\/rgdeportes.com\/index.php\/2025\/08\/29\/confirman-sedes-y-horarios-de-los-clasicos-eliminatorios-de-la-sele-rumbo-al-mundial-2026\/\"},\"author\":{\"name\":\"Ronald Romero Mata\",\"@id\":\"https:\/\/rgdeportes.com\/#\/schema\/person\/9a0fcf995d3a34cc22aecfed828d3588\"},\"headline\":\"Confirman sedes y horarios de los partidos eliminatorios de La Sele rumbo al Mundial 2026\",\"datePublished\":\"2025-08-29T00:18:59+00:00\",\"dateModified\":\"2025-08-29T00:20:42+00:00\",\"mainEntityOfPage\":{\"@id\":\"https:\/\/rgdeportes.com\/index.php\/2025\/08\/29\/confirman-sedes-y-horarios-de-los-clasicos-eliminatorios-de-la-sele-rumbo-al-mundial-2026\/\"},\"wordCount\":278,\"publisher\":{\"@id\":\"https:\/\/rgdeportes.com\/#organization\"},\"keywords\":[\"#fifamundial2026\"],\"articleSection\":[\"Deporte\",\"F\u00fatbol\"],\"inLanguage\":\"es\"},{\"@type\":\"WebPage\",\"@id\":\"https:\/\/rgdeportes.com\/index.php\/2025\/08\/29\/confirman-sedes-y-horarios-de-los-clasicos-eliminatorios-de-la-sele-rumbo-al-mundial-2026\/\",\"url\":\"https:\/\/rgdeportes.com\/index.php\/2025\/08\/29\/confirman-sedes-y-horarios-de-los-clasicos-eliminatorios-de-la-sele-rumbo-al-mundial-2026\/\",\"name\":\"Confirman sedes y horarios de los partidos eliminatorios de La Sele rumbo al Mundial 2026 - RG Deportes\u200e\",\"isPartOf\":{\"@id\":\"https:\/\/rgdeportes.com\/#website\"},\"datePublished\":\"2025-08-29T00:18:59+00:00\",\"dateModified\":\"2025-08-29T00:20:42+00:00\",\"breadcrumb\":{\"@id\":\"https:\/\/rgdeportes.com\/index.php\/2025\/08\/29\/confirman-sedes-y-horarios-de-los-clasicos-eliminatorios-de-la-sele-rumbo-al-mundial-2026\/#breadcrumb\"},\"inLanguage\":\"es\",\"potentialAction\":[{\"@type\":\"ReadAction\",\"target\":[\"https:\/\/rgdeportes.com\/index.php\/2025\/08\/29\/confirman-sedes-y-horarios-de-los-clasicos-eliminatorios-de-la-sele-rumbo-al-mundial-2026\/\"]}]},{\"@type\":\"BreadcrumbList\",\"@id\":\"https:\/\/rgdeportes.com\/index.php\/2025\/08\/29\/confirman-sedes-y-horarios-de-los-clasicos-eliminatorios-de-la-sele-rumbo-al-mundial-2026\/#breadcrumb\",\"itemListElement\":[{\"@type\":\"ListItem\",\"position\":1,\"name\":\"Portada\",\"item\":\"https:\/\/rgdeportes.com\/\"},{\"@type\":\"ListItem\",\"position\":2,\"name\":\"Confirman sedes y horarios de los partidos eliminatorios de La Sele rumbo al Mundial 2026\"}]},{\"@type\":\"WebSite\",\"@id\":\"https:\/\/rgdeportes.com\/#website\",\"url\":\"https:\/\/rgdeportes.com\/\",\"name\":\"RG Deportes\u200e\",\"description\":\"\",\"publisher\":{\"@id\":\"https:\/\/rgdeportes.com\/#organization\"},\"potentialAction\":[{\"@type\":\"SearchAction\",\"target\":{\"@type\":\"EntryPoint\",\"urlTemplate\":\"https:\/\/rgdeportes.com\/?s={search_term_string}\"},\"query-input\":\"required name=search_term_string\"}],\"inLanguage\":\"es\"},{\"@type\":\"Organization\",\"@id\":\"https:\/\/rgdeportes.com\/#organization\",\"name\":\"RG Deportes\",\"url\":\"https:\/\/rgdeportes.com\/\",\"logo\":{\"@type\":\"ImageObject\",\"inLanguage\":\"es\",\"@id\":\"https:\/\/rgdeportes.com\/#\/schema\/logo\/image\/\",\"url\":\"https:\/\/rgdeportes.com\/wp-content\/uploads\/2020\/09\/Logo.png\",\"contentUrl\":\"https:\/\/rgdeportes.com\/wp-content\/uploads\/2020\/09\/Logo.png\",\"width\":784,\"height\":552,\"caption\":\"RG Deportes\"},\"image\":{\"@id\":\"https:\/\/rgdeportes.com\/#\/schema\/logo\/image\/\"},\"sameAs\":[\"https:\/\/www.facebook.com\/RandallGutierrezDeportes\/\",\"https:\/\/www.instagram.com\/randallgutierrezdeportes\/\",\"https:\/\/www.youtube.com\/channel\/UCX4_qbvtnTwoF5t2zNqBDvA\"]},{\"@type\":\"Person\",\"@id\":\"https:\/\/rgdeportes.com\/#\/schema\/person\/9a0fcf995d3a34cc22aecfed828d3588\",\"name\":\"Ronald Romero Mata\",\"image\":{\"@type\":\"ImageObject\",\"inLanguage\":\"es\",\"@id\":\"https:\/\/rgdeportes.com\/#\/schema\/person\/image\/\",\"url\":\"https:\/\/secure.gravatar.com\/avatar\/93dfc8cc456b95eab929aba527a7f021?s=96&d=mm&r=g\",\"contentUrl\":\"https:\/\/secure.gravatar.com\/avatar\/93dfc8cc456b95eab929aba527a7f021?s=96&d=mm&r=g\",\"caption\":\"Ronald Romero Mata\"},\"url\":\"https:\/\/rgdeportes.com\/index.php\/author\/rromero\/\"}]}<\/script>\n<!-- \/ Yoast SEO plugin. -->","yoast_head_json":{"title":"Confirman sedes y horarios de los partidos eliminatorios de La Sele rumbo al Mundial 2026 - RG Deportes\u200e","robots":{"index":"index","follow":"follow","max-snippet":"max-snippet:-1","max-image-preview":"max-image-preview:large","max-video-preview":"max-video-preview:-1"},"canonical":"https:\/\/rgdeportes.com\/index.php\/2025\/08\/29\/confirman-sedes-y-horarios-de-los-clasicos-eliminatorios-de-la-sele-rumbo-al-mundial-2026\/","og_locale":"es_ES","og_type":"article","og_title":"Confirman sedes y horarios de los partidos eliminatorios de La Sele rumbo al Mundial 2026 - RG Deportes\u200e","og_description":"La Federaci\u00f3n Costarricense de F\u00fatbol (FCRF) anunci\u00f3 hoy, 28 de agosto de 2025, los detalles oficiales de los partidos de la \u00faltima fase eliminatoria de la Concacaf para el Mundial&hellip;","og_url":"https:\/\/rgdeportes.com\/index.php\/2025\/08\/29\/confirman-sedes-y-horarios-de-los-clasicos-eliminatorios-de-la-sele-rumbo-al-mundial-2026\/","og_site_name":"RG Deportes\u200e","article_publisher":"https:\/\/www.facebook.com\/RandallGutierrezDeportes\/","article_published_time":"2025-08-29T00:18:59+00:00","article_modified_time":"2025-08-29T00:20:42+00:00","og_image":[{"width":836,"height":836,"url":"http:\/\/rgdeportes.com\/wp-content\/uploads\/2025\/08\/WhatsApp-Image-2025-08-28-at-6.15.26-PM.jpeg","type":"image\/jpeg"}],"author":"Ronald Romero Mata","twitter_card":"summary_large_image","twitter_misc":{"Escrito por":"Ronald Romero Mata","Tiempo de lectura":"2 minutos"},"schema":{"@context":"https:\/\/schema.org","@graph":[{"@type":"Article","@id":"https:\/\/rgdeportes.com\/index.php\/2025\/08\/29\/confirman-sedes-y-horarios-de-los-clasicos-eliminatorios-de-la-sele-rumbo-al-mundial-2026\/#article","isPartOf":{"@id":"https:\/\/rgdeportes.com\/index.php\/2025\/08\/29\/confirman-sedes-y-horarios-de-los-clasicos-eliminatorios-de-la-sele-rumbo-al-mundial-2026\/"},"author":{"name":"Ronald Romero Mata","@id":"https:\/\/rgdeportes.com\/#\/schema\/person\/9a0fcf995d3a34cc22aecfed828d3588"},"headline":"Confirman sedes y horarios de los partidos eliminatorios de La Sele rumbo al Mundial 2026","datePublished":"2025-08-29T00:18:59+00:00","dateModified":"2025-08-29T00:20:42+00:00","mainEntityOfPage":{"@id":"https:\/\/rgdeportes.com\/index.php\/2025\/08\/29\/confirman-sedes-y-horarios-de-los-clasicos-eliminatorios-de-la-sele-rumbo-al-mundial-2026\/"},"wordCount":278,"publisher":{"@id":"https:\/\/rgdeportes.com\/#organization"},"keywords":["#fifamundial2026"],"articleSection":["Deporte","F\u00fatbol"],"inLanguage":"es"},{"@type":"WebPage","@id":"https:\/\/rgdeportes.com\/index.php\/2025\/08\/29\/confirman-sedes-y-horarios-de-los-clasicos-eliminatorios-de-la-sele-rumbo-al-mundial-2026\/","url":"https:\/\/rgdeportes.com\/index.php\/2025\/08\/29\/confirman-sedes-y-horarios-de-los-clasicos-eliminatorios-de-la-sele-rumbo-al-mundial-2026\/","name":"Confirman sedes y horarios de los partidos eliminatorios de La Sele rumbo al Mundial 2026 - RG Deportes\u200e","isPartOf":{"@id":"https:\/\/rgdeportes.com\/#website"},"datePublished":"2025-08-29T00:18:59+00:00","dateModified":"2025-08-29T00:20:42+00:00","breadcrumb":{"@id":"https:\/\/rgdeportes.com\/index.php\/2025\/08\/29\/confirman-sedes-y-horarios-de-los-clasicos-eliminatorios-de-la-sele-rumbo-al-mundial-2026\/#breadcrumb"},"inLanguage":"es","potentialAction":[{"@type":"ReadAction","target":["https:\/\/rgdeportes.com\/index.php\/2025\/08\/29\/confirman-sedes-y-horarios-de-los-clasicos-eliminatorios-de-la-sele-rumbo-al-mundial-2026\/"]}]},{"@type":"BreadcrumbList","@id":"https:\/\/rgdeportes.com\/index.php\/2025\/08\/29\/confirman-sedes-y-horarios-de-los-clasicos-eliminatorios-de-la-sele-rumbo-al-mundial-2026\/#breadcrumb","itemListElement":[{"@type":"ListItem","position":1,"name":"Portada","item":"https:\/\/rgdeportes.com\/"},{"@type":"ListItem","position":2,"name":"Confirman sedes y horarios de los partidos eliminatorios de La Sele rumbo al Mundial 2026"}]},{"@type":"WebSite","@id":"https:\/\/rgdeportes.com\/#website","url":"https:\/\/rgdeportes.com\/","name":"RG Deportes\u200e","description":"","publisher":{"@id":"https:\/\/rgdeportes.com\/#organization"},"potentialAction":[{"@type":"SearchAction","target":{"@type":"EntryPoint","urlTemplate":"https:\/\/rgdeportes.com\/?s={search_term_string}"},"query-input":"required name=search_term_string"}],"inLanguage":"es"},{"@type":"Organization","@id":"https:\/\/rgdeportes.com\/#organization","name":"RG Deportes","url":"https:\/\/rgdeportes.com\/","logo":{"@type":"ImageObject","inLanguage":"es","@id":"https:\/\/rgdeportes.com\/#\/schema\/logo\/image\/","url":"https:\/\/rgdeportes.com\/wp-content\/uploads\/2020\/09\/Logo.png","contentUrl":"https:\/\/rgdeportes.com\/wp-content\/uploads\/2020\/09\/Logo.png","width":784,"height":552,"caption":"RG Deportes"},"image":{"@id":"https:\/\/rgdeportes.com\/#\/schema\/logo\/image\/"},"sameAs":["https:\/\/www.facebook.com\/RandallGutierrezDeportes\/","https:\/\/www.instagram.com\/randallgutierrezdeportes\/","https:\/\/www.youtube.com\/channel\/UCX4_qbvtnTwoF5t2zNqBDvA"]},{"@type":"Person","@id":"https:\/\/rgdeportes.com\/#\/schema\/person\/9a0fcf995d3a34cc22aecfed828d3588","name":"Ronald Romero Mata","image":{"@type":"ImageObject","inLanguage":"es","@id":"https:\/\/rgdeportes.com\/#\/schema\/person\/image\/","url":"https:\/\/secure.gravatar.com\/avatar\/93dfc8cc456b95eab929aba527a7f021?s=96&d=mm&r=g","contentUrl":"https:\/\/secure.gravatar.com\/avatar\/93dfc8cc456b95eab929aba527a7f021?s=96&d=mm&r=g","caption":"Ronald Romero Mata"},"url":"https:\/\/rgdeportes.com\/index.php\/author\/rromero\/"}]}},"_links":{"self":[{"href":"https:\/\/rgdeportes.com\/index.php\/wp-json\/wp\/v2\/posts\/10277","targetHints":{"allow":["GET"]}}],"collection":[{"href":"https:\/\/rgdeportes.com\/index.php\/wp-json\/wp\/v2\/posts"}],"about":[{"href":"https:\/\/rgdeportes.com\/index.php\/wp-json\/wp\/v2\/types\/post"}],"author":[{"embeddable":true,"href":"https:\/\/rgdeportes.com\/index.php\/wp-json\/wp\/v2\/users\/7"}],"replies":[{"embeddable":true,"href":"https:\/\/rgdeportes.com\/index.php\/wp-json\/wp\/v2\/comments?post=10277"}],"version-history":[{"count":2,"href":"https:\/\/rgdeportes.com\/index.php\/wp-json\/wp\/v2\/posts\/10277\/revisions"}],"predecessor-version":[{"id":10281,"href":"https:\/\/rgdeportes.com\/index.php\/wp-json\/wp\/v2\/posts\/10277\/revisions\/10281"}],"wp:featuredmedia":[{"embeddable":true,"href":"https:\/\/rgdeportes.com\/index.php\/wp-json\/wp\/v2\/media\/10278"}],"wp:attachment":[{"href":"https:\/\/rgdeportes.com\/index.php\/wp-json\/wp\/v2\/media?parent=10277"}],"wp:term":[{"taxonomy":"category","embeddable":true,"href":"https:\/\/rgdeportes.com\/index.php\/wp-json\/wp\/v2\/categories?post=10277"},{"taxonomy":"post_tag","embeddable":true,"href":"https:\/\/rgdeportes.com\/index.php\/wp-json\/wp\/v2\/tags?post=10277"}],"curies":[{"name":"wp","href":"https:\/\/api.w.org\/{rel}","templated":true}]}}