{"id":10108,"date":"2025-08-07T21:56:45","date_gmt":"2025-08-07T21:56:45","guid":{"rendered":"https:\/\/rgdeportes.com\/?p=10108"},"modified":"2025-08-07T21:56:46","modified_gmt":"2025-08-07T21:56:46","slug":"con-todo-rugby-de-costa-rica-con-nuevo-desafio-internacional","status":"publish","type":"post","link":"https:\/\/rgdeportes.com\/index.php\/2025\/08\/07\/con-todo-rugby-de-costa-rica-con-nuevo-desafio-internacional\/","title":{"rendered":"\u00a1Con todo! Rugby de Costa Rica con nuevo desaf\u00edo internacional"},"content":{"rendered":"\n<figure class=\"wp-block-image size-large\"><img loading=\"lazy\" decoding=\"async\" width=\"1024\" height=\"768\" src=\"https:\/\/rgdeportes.com\/wp-content\/uploads\/2025\/08\/Portada-1-1024x768.jpg\" alt=\"\" class=\"wp-image-10109\" srcset=\"https:\/\/rgdeportes.com\/wp-content\/uploads\/2025\/08\/Portada-1-1024x768.jpg 1024w, https:\/\/rgdeportes.com\/wp-content\/uploads\/2025\/08\/Portada-1-300x225.jpg 300w, https:\/\/rgdeportes.com\/wp-content\/uploads\/2025\/08\/Portada-1-768x576.jpg 768w, https:\/\/rgdeportes.com\/wp-content\/uploads\/2025\/08\/Portada-1-1536x1152.jpg 1536w, https:\/\/rgdeportes.com\/wp-content\/uploads\/2025\/08\/Portada-1.jpg 1600w\" sizes=\"auto, (max-width: 1024px) 100vw, 1024px\" \/><\/figure>\n\n\n\n<p>La <strong>Federaci\u00f3n de Rugby de Costa Rica<\/strong> (<em>F.R.C.R<\/em>), informa que las delegaciones del <strong>Rugby Seven de Costa Rica<\/strong> en las \u201c<strong>Categor\u00edas Masculino y Femenino<\/strong>\u201d entran en competici\u00f3n internacional en el <strong>Torneo Gran Jaguar 2025<\/strong> donde el mismo se llevar\u00e1 a cabo las canchas de<strong> San Miguel Due\u00f1as, Sacatep\u00e9quez, Guatemala <\/strong>entre los d\u00edas <strong>8 y 9 de agosto<\/strong> respectivamente.<\/p>\n\n\n\n<figure class=\"wp-block-image size-large\"><img loading=\"lazy\" decoding=\"async\" width=\"1024\" height=\"768\" src=\"https:\/\/rgdeportes.com\/wp-content\/uploads\/2025\/08\/MAS-SEVEN-1024x768.jpg\" alt=\"\" class=\"wp-image-10110\" srcset=\"https:\/\/rgdeportes.com\/wp-content\/uploads\/2025\/08\/MAS-SEVEN-1024x768.jpg 1024w, https:\/\/rgdeportes.com\/wp-content\/uploads\/2025\/08\/MAS-SEVEN-300x225.jpg 300w, https:\/\/rgdeportes.com\/wp-content\/uploads\/2025\/08\/MAS-SEVEN-768x576.jpg 768w, https:\/\/rgdeportes.com\/wp-content\/uploads\/2025\/08\/MAS-SEVEN-1536x1152.jpg 1536w, https:\/\/rgdeportes.com\/wp-content\/uploads\/2025\/08\/MAS-SEVEN.jpg 1600w\" sizes=\"auto, (max-width: 1024px) 100vw, 1024px\" \/><\/figure>\n\n\n\n<p>Para esta tercera edici\u00f3n del <strong>Torneo Gran Jaguar<\/strong> <strong>2025 <\/strong>contara con quince equipos de muy alto nivel representados por los siguientes pa\u00edses:<\/p>\n\n\n\n<p><strong>Colombia, Ecuador, M\u00e9xico, Estados Unidos, Honduras, Panam\u00e1, Costa Rica<\/strong> y el pa\u00eds anfitri\u00f3n <strong>Guatemala<\/strong>.<\/p>\n\n\n\n<p>Por su parte, la delegaci\u00f3n nacional, estar\u00e1 viajando a territorio chap\u00edn este jueves 7 de agosto en horas de la tarde y as\u00ed llegar con buen tiempo para afinar detalles con miras a este evento.<\/p>\n\n\n\n<figure class=\"wp-block-image size-large\"><img loading=\"lazy\" decoding=\"async\" width=\"1024\" height=\"768\" src=\"https:\/\/rgdeportes.com\/wp-content\/uploads\/2025\/08\/FEM-SEVEN-1024x768.jpg\" alt=\"\" class=\"wp-image-10111\" srcset=\"https:\/\/rgdeportes.com\/wp-content\/uploads\/2025\/08\/FEM-SEVEN-1024x768.jpg 1024w, https:\/\/rgdeportes.com\/wp-content\/uploads\/2025\/08\/FEM-SEVEN-300x225.jpg 300w, https:\/\/rgdeportes.com\/wp-content\/uploads\/2025\/08\/FEM-SEVEN-768x576.jpg 768w, https:\/\/rgdeportes.com\/wp-content\/uploads\/2025\/08\/FEM-SEVEN-1536x1152.jpg 1536w, https:\/\/rgdeportes.com\/wp-content\/uploads\/2025\/08\/FEM-SEVEN.jpg 1600w\" sizes=\"auto, (max-width: 1024px) 100vw, 1024px\" \/><\/figure>\n\n\n\n<p>Es importante mencionar, que este <strong>Torneo Internacional Gran Jaguar 2025<\/strong>, sirve como par\u00e1metro perfecto para el <strong>Rugby de Costa Rica<\/strong> en ambas categor\u00edas, donde tambi\u00e9n competir\u00e1 en los pr\u00f3ximos <strong>Juegos Deportivos Centroamericanos en Guatemala<\/strong>, el cual las delegaciones nacionales tendr\u00e1n presencia entre el <strong>23 y 27 de<\/strong> <strong>octubre<\/strong> del presente a\u00f1o.<\/p>\n\n\n\n<p><strong>Lista<\/strong> <strong> Seven Masculino<\/strong><\/p>\n\n\n\n<figure class=\"wp-block-image size-large\"><img loading=\"lazy\" decoding=\"async\" width=\"1024\" height=\"1024\" src=\"https:\/\/rgdeportes.com\/wp-content\/uploads\/2025\/08\/POR-Lista-masculino-1024x1024.jpg\" alt=\"\" class=\"wp-image-10112\" srcset=\"https:\/\/rgdeportes.com\/wp-content\/uploads\/2025\/08\/POR-Lista-masculino-1024x1024.jpg 1024w, https:\/\/rgdeportes.com\/wp-content\/uploads\/2025\/08\/POR-Lista-masculino-300x300.jpg 300w, https:\/\/rgdeportes.com\/wp-content\/uploads\/2025\/08\/POR-Lista-masculino-150x150.jpg 150w, https:\/\/rgdeportes.com\/wp-content\/uploads\/2025\/08\/POR-Lista-masculino-768x768.jpg 768w, https:\/\/rgdeportes.com\/wp-content\/uploads\/2025\/08\/POR-Lista-masculino.jpg 1500w\" sizes=\"auto, (max-width: 1024px) 100vw, 1024px\" \/><\/figure>\n\n\n\n<p><\/p>\n\n\n\n<p><strong>Lista Seven Femenino<\/strong><\/p>\n\n\n\n<figure class=\"wp-block-image size-large\"><img loading=\"lazy\" decoding=\"async\" width=\"1024\" height=\"1024\" src=\"https:\/\/rgdeportes.com\/wp-content\/uploads\/2025\/08\/POR-Lista-femenino-1024x1024.jpg\" alt=\"\" class=\"wp-image-10113\" srcset=\"https:\/\/rgdeportes.com\/wp-content\/uploads\/2025\/08\/POR-Lista-femenino-1024x1024.jpg 1024w, https:\/\/rgdeportes.com\/wp-content\/uploads\/2025\/08\/POR-Lista-femenino-300x300.jpg 300w, https:\/\/rgdeportes.com\/wp-content\/uploads\/2025\/08\/POR-Lista-femenino-150x150.jpg 150w, https:\/\/rgdeportes.com\/wp-content\/uploads\/2025\/08\/POR-Lista-femenino-768x768.jpg 768w, https:\/\/rgdeportes.com\/wp-content\/uploads\/2025\/08\/POR-Lista-femenino.jpg 1500w\" sizes=\"auto, (max-width: 1024px) 100vw, 1024px\" \/><\/figure>\n\n\n\n<p><\/p>\n\n\n\n<p><strong>Lista Staff de la Selecci\u00f3n Nacional<\/strong><\/p>\n\n\n\n<figure class=\"wp-block-image size-large\"><img loading=\"lazy\" decoding=\"async\" width=\"1024\" height=\"1024\" src=\"https:\/\/rgdeportes.com\/wp-content\/uploads\/2025\/08\/POR-Lista-STAFF-1024x1024.jpg\" alt=\"\" class=\"wp-image-10114\" srcset=\"https:\/\/rgdeportes.com\/wp-content\/uploads\/2025\/08\/POR-Lista-STAFF-1024x1024.jpg 1024w, https:\/\/rgdeportes.com\/wp-content\/uploads\/2025\/08\/POR-Lista-STAFF-300x300.jpg 300w, https:\/\/rgdeportes.com\/wp-content\/uploads\/2025\/08\/POR-Lista-STAFF-150x150.jpg 150w, https:\/\/rgdeportes.com\/wp-content\/uploads\/2025\/08\/POR-Lista-STAFF-768x768.jpg 768w, https:\/\/rgdeportes.com\/wp-content\/uploads\/2025\/08\/POR-Lista-STAFF.jpg 1500w\" sizes=\"auto, (max-width: 1024px) 100vw, 1024px\" \/><\/figure>\n\n\n\n<p>(Fotos &#8211; Federaci\u00f3n de Rugby de Costa Rica).<\/p>\n","protected":false},"excerpt":{"rendered":"<p>La Federaci\u00f3n de Rugby de Costa Rica (F.R.C.R), informa que las delegaciones del Rugby Seven de Costa Rica en las \u201cCategor\u00edas Masculino y Femenino\u201d entran en competici\u00f3n internacional en el&hellip; <\/p>\n","protected":false},"author":2,"featured_media":10109,"comment_status":"closed","ping_status":"closed","sticky":false,"template":"","format":"standard","meta":{"om_disable_all_campaigns":false,"_monsterinsights_skip_tracking":false,"_monsterinsights_sitenote_active":false,"_monsterinsights_sitenote_note":"","_monsterinsights_sitenote_category":0,"footnotes":""},"categories":[10],"tags":[3211,3213,3214,3212],"class_list":["post-10108","post","type-post","status-publish","format-standard","has-post-thumbnail","hentry","category-in","tag-rugbycostaricagranjaguar","tag-rugbycostaricamasculino2025","tag-rygbycostaricafemenino2025","tag-torneogranjaguar2025"],"aioseo_notices":[],"yoast_head":"<!-- This site is optimized with the Yoast SEO plugin v21.2 - https:\/\/yoast.com\/wordpress\/plugins\/seo\/ -->\n<title>\u00a1Con todo! Rugby de Costa Rica con nuevo desaf\u00edo internacional - RG Deportes\u200e<\/title>\n<meta name=\"robots\" content=\"index, follow, max-snippet:-1, max-image-preview:large, max-video-preview:-1\" \/>\n<link rel=\"canonical\" href=\"https:\/\/rgdeportes.com\/index.php\/2025\/08\/07\/con-todo-rugby-de-costa-rica-con-nuevo-desafio-internacional\/\" \/>\n<meta property=\"og:locale\" content=\"es_ES\" \/>\n<meta property=\"og:type\" content=\"article\" \/>\n<meta property=\"og:title\" content=\"\u00a1Con todo! Rugby de Costa Rica con nuevo desaf\u00edo internacional - RG Deportes\u200e\" \/>\n<meta property=\"og:description\" content=\"La Federaci\u00f3n de Rugby de Costa Rica (F.R.C.R), informa que las delegaciones del Rugby Seven de Costa Rica en las \u201cCategor\u00edas Masculino y Femenino\u201d entran en competici\u00f3n internacional en el&hellip;\" \/>\n<meta property=\"og:url\" content=\"https:\/\/rgdeportes.com\/index.php\/2025\/08\/07\/con-todo-rugby-de-costa-rica-con-nuevo-desafio-internacional\/\" \/>\n<meta property=\"og:site_name\" content=\"RG Deportes\u200e\" \/>\n<meta property=\"article:publisher\" content=\"https:\/\/www.facebook.com\/RandallGutierrezDeportes\/\" \/>\n<meta property=\"article:published_time\" content=\"2025-08-07T21:56:45+00:00\" \/>\n<meta property=\"article:modified_time\" content=\"2025-08-07T21:56:46+00:00\" \/>\n<meta property=\"og:image\" content=\"http:\/\/rgdeportes.com\/wp-content\/uploads\/2025\/08\/Portada-1.jpg\" \/>\n\t<meta property=\"og:image:width\" content=\"1600\" \/>\n\t<meta property=\"og:image:height\" content=\"1200\" \/>\n\t<meta property=\"og:image:type\" content=\"image\/jpeg\" \/>\n<meta name=\"author\" content=\"Randall Gutierrez\" \/>\n<meta name=\"twitter:card\" content=\"summary_large_image\" \/>\n<meta name=\"twitter:label1\" content=\"Escrito por\" \/>\n\t<meta name=\"twitter:data1\" content=\"Randall Gutierrez\" \/>\n\t<meta name=\"twitter:label2\" content=\"Tiempo de lectura\" \/>\n\t<meta name=\"twitter:data2\" content=\"3 minutos\" \/>\n<script type=\"application\/ld+json\" class=\"yoast-schema-graph\">{\"@context\":\"https:\/\/schema.org\",\"@graph\":[{\"@type\":\"Article\",\"@id\":\"https:\/\/rgdeportes.com\/index.php\/2025\/08\/07\/con-todo-rugby-de-costa-rica-con-nuevo-desafio-internacional\/#article\",\"isPartOf\":{\"@id\":\"https:\/\/rgdeportes.com\/index.php\/2025\/08\/07\/con-todo-rugby-de-costa-rica-con-nuevo-desafio-internacional\/\"},\"author\":{\"name\":\"Randall Gutierrez\",\"@id\":\"https:\/\/rgdeportes.com\/#\/schema\/person\/91795323fddb335a4fd017bf0e4b1358\"},\"headline\":\"\u00a1Con todo! Rugby de Costa Rica con nuevo desaf\u00edo internacional\",\"datePublished\":\"2025-08-07T21:56:45+00:00\",\"dateModified\":\"2025-08-07T21:56:46+00:00\",\"mainEntityOfPage\":{\"@id\":\"https:\/\/rgdeportes.com\/index.php\/2025\/08\/07\/con-todo-rugby-de-costa-rica-con-nuevo-desafio-internacional\/\"},\"wordCount\":227,\"publisher\":{\"@id\":\"https:\/\/rgdeportes.com\/#organization\"},\"keywords\":[\"#rugbycostaricagranjaguar\",\"#rugbycostaricamasculino2025\",\"#rygbycostaricafemenino2025\",\"#torneogranjaguar2025\"],\"articleSection\":[\"Internacionales\"],\"inLanguage\":\"es\"},{\"@type\":\"WebPage\",\"@id\":\"https:\/\/rgdeportes.com\/index.php\/2025\/08\/07\/con-todo-rugby-de-costa-rica-con-nuevo-desafio-internacional\/\",\"url\":\"https:\/\/rgdeportes.com\/index.php\/2025\/08\/07\/con-todo-rugby-de-costa-rica-con-nuevo-desafio-internacional\/\",\"name\":\"\u00a1Con todo! Rugby de Costa Rica con nuevo desaf\u00edo internacional - RG Deportes\u200e\",\"isPartOf\":{\"@id\":\"https:\/\/rgdeportes.com\/#website\"},\"datePublished\":\"2025-08-07T21:56:45+00:00\",\"dateModified\":\"2025-08-07T21:56:46+00:00\",\"breadcrumb\":{\"@id\":\"https:\/\/rgdeportes.com\/index.php\/2025\/08\/07\/con-todo-rugby-de-costa-rica-con-nuevo-desafio-internacional\/#breadcrumb\"},\"inLanguage\":\"es\",\"potentialAction\":[{\"@type\":\"ReadAction\",\"target\":[\"https:\/\/rgdeportes.com\/index.php\/2025\/08\/07\/con-todo-rugby-de-costa-rica-con-nuevo-desafio-internacional\/\"]}]},{\"@type\":\"BreadcrumbList\",\"@id\":\"https:\/\/rgdeportes.com\/index.php\/2025\/08\/07\/con-todo-rugby-de-costa-rica-con-nuevo-desafio-internacional\/#breadcrumb\",\"itemListElement\":[{\"@type\":\"ListItem\",\"position\":1,\"name\":\"Portada\",\"item\":\"https:\/\/rgdeportes.com\/\"},{\"@type\":\"ListItem\",\"position\":2,\"name\":\"\u00a1Con todo! Rugby de Costa Rica con nuevo desaf\u00edo internacional\"}]},{\"@type\":\"WebSite\",\"@id\":\"https:\/\/rgdeportes.com\/#website\",\"url\":\"https:\/\/rgdeportes.com\/\",\"name\":\"RG Deportes\u200e\",\"description\":\"\",\"publisher\":{\"@id\":\"https:\/\/rgdeportes.com\/#organization\"},\"potentialAction\":[{\"@type\":\"SearchAction\",\"target\":{\"@type\":\"EntryPoint\",\"urlTemplate\":\"https:\/\/rgdeportes.com\/?s={search_term_string}\"},\"query-input\":\"required name=search_term_string\"}],\"inLanguage\":\"es\"},{\"@type\":\"Organization\",\"@id\":\"https:\/\/rgdeportes.com\/#organization\",\"name\":\"RG Deportes\",\"url\":\"https:\/\/rgdeportes.com\/\",\"logo\":{\"@type\":\"ImageObject\",\"inLanguage\":\"es\",\"@id\":\"https:\/\/rgdeportes.com\/#\/schema\/logo\/image\/\",\"url\":\"https:\/\/rgdeportes.com\/wp-content\/uploads\/2020\/09\/Logo.png\",\"contentUrl\":\"https:\/\/rgdeportes.com\/wp-content\/uploads\/2020\/09\/Logo.png\",\"width\":784,\"height\":552,\"caption\":\"RG Deportes\"},\"image\":{\"@id\":\"https:\/\/rgdeportes.com\/#\/schema\/logo\/image\/\"},\"sameAs\":[\"https:\/\/www.facebook.com\/RandallGutierrezDeportes\/\",\"https:\/\/www.instagram.com\/randallgutierrezdeportes\/\",\"https:\/\/www.youtube.com\/channel\/UCX4_qbvtnTwoF5t2zNqBDvA\"]},{\"@type\":\"Person\",\"@id\":\"https:\/\/rgdeportes.com\/#\/schema\/person\/91795323fddb335a4fd017bf0e4b1358\",\"name\":\"Randall Gutierrez\",\"image\":{\"@type\":\"ImageObject\",\"inLanguage\":\"es\",\"@id\":\"https:\/\/rgdeportes.com\/#\/schema\/person\/image\/\",\"url\":\"https:\/\/secure.gravatar.com\/avatar\/d0884ea8b9b50bcfad3c0d20049361b5?s=96&d=mm&r=g\",\"contentUrl\":\"https:\/\/secure.gravatar.com\/avatar\/d0884ea8b9b50bcfad3c0d20049361b5?s=96&d=mm&r=g\",\"caption\":\"Randall Gutierrez\"},\"url\":\"https:\/\/rgdeportes.com\/index.php\/author\/randall\/\"}]}<\/script>\n<!-- \/ Yoast SEO plugin. -->","yoast_head_json":{"title":"\u00a1Con todo! Rugby de Costa Rica con nuevo desaf\u00edo internacional - RG Deportes\u200e","robots":{"index":"index","follow":"follow","max-snippet":"max-snippet:-1","max-image-preview":"max-image-preview:large","max-video-preview":"max-video-preview:-1"},"canonical":"https:\/\/rgdeportes.com\/index.php\/2025\/08\/07\/con-todo-rugby-de-costa-rica-con-nuevo-desafio-internacional\/","og_locale":"es_ES","og_type":"article","og_title":"\u00a1Con todo! Rugby de Costa Rica con nuevo desaf\u00edo internacional - RG Deportes\u200e","og_description":"La Federaci\u00f3n de Rugby de Costa Rica (F.R.C.R), informa que las delegaciones del Rugby Seven de Costa Rica en las \u201cCategor\u00edas Masculino y Femenino\u201d entran en competici\u00f3n internacional en el&hellip;","og_url":"https:\/\/rgdeportes.com\/index.php\/2025\/08\/07\/con-todo-rugby-de-costa-rica-con-nuevo-desafio-internacional\/","og_site_name":"RG Deportes\u200e","article_publisher":"https:\/\/www.facebook.com\/RandallGutierrezDeportes\/","article_published_time":"2025-08-07T21:56:45+00:00","article_modified_time":"2025-08-07T21:56:46+00:00","og_image":[{"width":1600,"height":1200,"url":"http:\/\/rgdeportes.com\/wp-content\/uploads\/2025\/08\/Portada-1.jpg","type":"image\/jpeg"}],"author":"Randall Gutierrez","twitter_card":"summary_large_image","twitter_misc":{"Escrito por":"Randall Gutierrez","Tiempo de lectura":"3 minutos"},"schema":{"@context":"https:\/\/schema.org","@graph":[{"@type":"Article","@id":"https:\/\/rgdeportes.com\/index.php\/2025\/08\/07\/con-todo-rugby-de-costa-rica-con-nuevo-desafio-internacional\/#article","isPartOf":{"@id":"https:\/\/rgdeportes.com\/index.php\/2025\/08\/07\/con-todo-rugby-de-costa-rica-con-nuevo-desafio-internacional\/"},"author":{"name":"Randall Gutierrez","@id":"https:\/\/rgdeportes.com\/#\/schema\/person\/91795323fddb335a4fd017bf0e4b1358"},"headline":"\u00a1Con todo! Rugby de Costa Rica con nuevo desaf\u00edo internacional","datePublished":"2025-08-07T21:56:45+00:00","dateModified":"2025-08-07T21:56:46+00:00","mainEntityOfPage":{"@id":"https:\/\/rgdeportes.com\/index.php\/2025\/08\/07\/con-todo-rugby-de-costa-rica-con-nuevo-desafio-internacional\/"},"wordCount":227,"publisher":{"@id":"https:\/\/rgdeportes.com\/#organization"},"keywords":["#rugbycostaricagranjaguar","#rugbycostaricamasculino2025","#rygbycostaricafemenino2025","#torneogranjaguar2025"],"articleSection":["Internacionales"],"inLanguage":"es"},{"@type":"WebPage","@id":"https:\/\/rgdeportes.com\/index.php\/2025\/08\/07\/con-todo-rugby-de-costa-rica-con-nuevo-desafio-internacional\/","url":"https:\/\/rgdeportes.com\/index.php\/2025\/08\/07\/con-todo-rugby-de-costa-rica-con-nuevo-desafio-internacional\/","name":"\u00a1Con todo! Rugby de Costa Rica con nuevo desaf\u00edo internacional - RG Deportes\u200e","isPartOf":{"@id":"https:\/\/rgdeportes.com\/#website"},"datePublished":"2025-08-07T21:56:45+00:00","dateModified":"2025-08-07T21:56:46+00:00","breadcrumb":{"@id":"https:\/\/rgdeportes.com\/index.php\/2025\/08\/07\/con-todo-rugby-de-costa-rica-con-nuevo-desafio-internacional\/#breadcrumb"},"inLanguage":"es","potentialAction":[{"@type":"ReadAction","target":["https:\/\/rgdeportes.com\/index.php\/2025\/08\/07\/con-todo-rugby-de-costa-rica-con-nuevo-desafio-internacional\/"]}]},{"@type":"BreadcrumbList","@id":"https:\/\/rgdeportes.com\/index.php\/2025\/08\/07\/con-todo-rugby-de-costa-rica-con-nuevo-desafio-internacional\/#breadcrumb","itemListElement":[{"@type":"ListItem","position":1,"name":"Portada","item":"https:\/\/rgdeportes.com\/"},{"@type":"ListItem","position":2,"name":"\u00a1Con todo! Rugby de Costa Rica con nuevo desaf\u00edo internacional"}]},{"@type":"WebSite","@id":"https:\/\/rgdeportes.com\/#website","url":"https:\/\/rgdeportes.com\/","name":"RG Deportes\u200e","description":"","publisher":{"@id":"https:\/\/rgdeportes.com\/#organization"},"potentialAction":[{"@type":"SearchAction","target":{"@type":"EntryPoint","urlTemplate":"https:\/\/rgdeportes.com\/?s={search_term_string}"},"query-input":"required name=search_term_string"}],"inLanguage":"es"},{"@type":"Organization","@id":"https:\/\/rgdeportes.com\/#organization","name":"RG Deportes","url":"https:\/\/rgdeportes.com\/","logo":{"@type":"ImageObject","inLanguage":"es","@id":"https:\/\/rgdeportes.com\/#\/schema\/logo\/image\/","url":"https:\/\/rgdeportes.com\/wp-content\/uploads\/2020\/09\/Logo.png","contentUrl":"https:\/\/rgdeportes.com\/wp-content\/uploads\/2020\/09\/Logo.png","width":784,"height":552,"caption":"RG Deportes"},"image":{"@id":"https:\/\/rgdeportes.com\/#\/schema\/logo\/image\/"},"sameAs":["https:\/\/www.facebook.com\/RandallGutierrezDeportes\/","https:\/\/www.instagram.com\/randallgutierrezdeportes\/","https:\/\/www.youtube.com\/channel\/UCX4_qbvtnTwoF5t2zNqBDvA"]},{"@type":"Person","@id":"https:\/\/rgdeportes.com\/#\/schema\/person\/91795323fddb335a4fd017bf0e4b1358","name":"Randall Gutierrez","image":{"@type":"ImageObject","inLanguage":"es","@id":"https:\/\/rgdeportes.com\/#\/schema\/person\/image\/","url":"https:\/\/secure.gravatar.com\/avatar\/d0884ea8b9b50bcfad3c0d20049361b5?s=96&d=mm&r=g","contentUrl":"https:\/\/secure.gravatar.com\/avatar\/d0884ea8b9b50bcfad3c0d20049361b5?s=96&d=mm&r=g","caption":"Randall Gutierrez"},"url":"https:\/\/rgdeportes.com\/index.php\/author\/randall\/"}]}},"_links":{"self":[{"href":"https:\/\/rgdeportes.com\/index.php\/wp-json\/wp\/v2\/posts\/10108","targetHints":{"allow":["GET"]}}],"collection":[{"href":"https:\/\/rgdeportes.com\/index.php\/wp-json\/wp\/v2\/posts"}],"about":[{"href":"https:\/\/rgdeportes.com\/index.php\/wp-json\/wp\/v2\/types\/post"}],"author":[{"embeddable":true,"href":"https:\/\/rgdeportes.com\/index.php\/wp-json\/wp\/v2\/users\/2"}],"replies":[{"embeddable":true,"href":"https:\/\/rgdeportes.com\/index.php\/wp-json\/wp\/v2\/comments?post=10108"}],"version-history":[{"count":1,"href":"https:\/\/rgdeportes.com\/index.php\/wp-json\/wp\/v2\/posts\/10108\/revisions"}],"predecessor-version":[{"id":10115,"href":"https:\/\/rgdeportes.com\/index.php\/wp-json\/wp\/v2\/posts\/10108\/revisions\/10115"}],"wp:featuredmedia":[{"embeddable":true,"href":"https:\/\/rgdeportes.com\/index.php\/wp-json\/wp\/v2\/media\/10109"}],"wp:attachment":[{"href":"https:\/\/rgdeportes.com\/index.php\/wp-json\/wp\/v2\/media?parent=10108"}],"wp:term":[{"taxonomy":"category","embeddable":true,"href":"https:\/\/rgdeportes.com\/index.php\/wp-json\/wp\/v2\/categories?post=10108"},{"taxonomy":"post_tag","embeddable":true,"href":"https:\/\/rgdeportes.com\/index.php\/wp-json\/wp\/v2\/tags?post=10108"}],"curies":[{"name":"wp","href":"https:\/\/api.w.org\/{rel}","templated":true}]}}