{"id":10072,"date":"2025-08-04T20:17:34","date_gmt":"2025-08-04T20:17:34","guid":{"rendered":"https:\/\/rgdeportes.com\/?p=10072"},"modified":"2025-08-04T20:17:34","modified_gmt":"2025-08-04T20:17:34","slug":"arranca-la-liga-promerica-apertura-2025-con-nueva-normativa-y-formato-renovado","status":"publish","type":"post","link":"https:\/\/rgdeportes.com\/index.php\/2025\/08\/04\/arranca-la-liga-promerica-apertura-2025-con-nueva-normativa-y-formato-renovado\/","title":{"rendered":"Arranca la Liga Promerica Apertura 2025 con nueva normativa y formato renovado"},"content":{"rendered":"\n<p><strong>San Jos\u00e9, 4 de Agosto de 2025<\/strong> \u2013 Inicia oficialmente la temporada <strong>2025\u201126 de la Liga FPD<\/strong>, mejor conocida como <strong>Liga Promerica <\/strong>y con ello algunos cambios interesantes en el reglamento, con diez equipos, tras la exclusi\u00f3n de Guanacasteca y Santos de Gu\u00e1piles por revocaci\u00f3n de licencias administrativas<\/p>\n\n\n\n<p><strong>\ud83d\udcc5 Formato de competici\u00f3n<\/strong><\/p>\n\n\n\n<ul class=\"wp-block-list\">\n<li>Participan <strong>10 equipos<\/strong> en lugar de los 12 habituales.<\/li>\n\n\n\n<li>Fase regular con <strong>18 jornadas<\/strong>, todos contra todos en formato de doble ronda<\/li>\n\n\n\n<li>Los cuatro mejores avanzan a semifinales y final para definir el campe\u00f3n del Apertura 2025.<\/li>\n<\/ul>\n\n\n\n<p><strong>\ud83e\uddfe Cambios m\u00e1s relevantes del reglamento<\/strong><\/p>\n\n\n\n<p>UNAFUT y FCRF implementaron recientemente modificaciones a las Reglas de Juego, con capacitaci\u00f3n t\u00e9cnica para los clubes antes del torneo<\/p>\n\n\n\n<ol start=\"1\" class=\"wp-block-list\">\n<li><strong>Retenci\u00f3n de bal\u00f3n por parte del arquero<\/strong><br>El portero podr\u00e1 retener el bal\u00f3n por un m\u00e1ximo de <strong>ocho segundos<\/strong>. Si excede ese l\u00edmite, se otorgar\u00e1 un tiro de esquina al rival.<\/li>\n\n\n\n<li><strong>Comunicaci\u00f3n con el \u00e1rbitro<\/strong><br>Solo el <strong>capit\u00e1n<\/strong> del equipo tiene permitido dirigirse al \u00e1rbitro durante el juego; cualquier otro jugador que proteste recibir\u00e1 tarjeta amarilla.<\/li>\n\n\n\n<li><strong>Bal\u00f3n que toca al \u00e1rbitro<\/strong><br>Si el bal\u00f3n impacta al \u00e1rbitro y afecta una jugada, se detendr\u00e1 el juego y se reiniciar\u00e1 con un <strong>bote a tierra<\/strong> a favor del equipo perjudicado.<\/li>\n\n\n\n<li><strong>Doble toque en penal<\/strong>\n<ul class=\"wp-block-list\">\n<li>Si el jugador ejecuta el penal con ambos pies o el bal\u00f3n rebota en su pierna no dominante y entra, el penal se <strong>repetir\u00e1<\/strong>.<\/li>\n\n\n\n<li>Si no entra, se sancionar\u00e1 con <strong>tiro libre indirecto<\/strong> para el equipo defensor, salvo aplicaci\u00f3n de ventaja por parte del \u00e1rbitro.<\/li>\n<\/ul>\n<\/li>\n<\/ol>\n\n\n\n<p><strong>Reacciones y contexto<\/strong><\/p>\n\n\n\n<p>En jornadas de capacitaci\u00f3n t\u00e9cnica realizadas el 22 de julio, lideradas por Enrique Osses (presidente de la Comisi\u00f3n de Arbitraje de la FCRF), se enfatiz\u00f3 en la correcta interpretaci\u00f3n y aplicaci\u00f3n de los cambios por parte de \u00e1rbitros y clubes.<\/p>\n\n\n\n<p>Adem\u00e1s, la reducci\u00f3n de clubes obliga a una nueva din\u00e1mica competitiva: menos partidos, mayor intensidad en la fase regular y equipos que no pueden descuidarse si quieren acceder a la semifinal. Las instituciones deber\u00e1n acogerse con mayor rigor a las normas, especialmente en materia disciplinaria y registros de jugadores.<\/p>\n\n\n\n<p><strong>Lo que debe saber el aficionado<\/strong><\/p>\n\n\n\n<ul class=\"wp-block-list\">\n<li>La temporada comenz\u00f3 el <strong>27 de julio<\/strong> y se extender\u00e1 hasta diciembre de 2025, con posibilidad de Gran Final si se requiere.<\/li>\n\n\n\n<li>El campe\u00f3n defensor es <strong>Herediano<\/strong>, que buscar\u00e1 mantener su dominio en esta temporada.<\/li>\n\n\n\n<li>Guadalupe regresa tras su ascenso el 1 de junio, completando los diez equipos disponibles.<\/li>\n<\/ul>\n\n\n\n<hr class=\"wp-block-separator has-alpha-channel-opacity\" \/>\n\n\n\n<p><strong>En conclusi\u00f3n<\/strong><\/p>\n\n\n\n<p>La Liga Promerica Apertura 2025 comenz\u00f3 con novedades estructurales y reglamentarias que buscan modernizar el juego y alinear el torneo costarricense con est\u00e1ndares internacionales. Los aficionados pueden esperar un torneo m\u00e1s din\u00e1mico, disciplinado y competitivo, donde cada regulaci\u00f3n tendr\u00e1 impacto directo en el ritmo e identidad del espect\u00e1culo futbol\u00edstico nacional.<\/p>\n","protected":false},"excerpt":{"rendered":"<p>San Jos\u00e9, 4 de Agosto de 2025 \u2013 Inicia oficialmente la temporada 2025\u201126 de la Liga FPD, mejor conocida como Liga Promerica y con ello algunos cambios interesantes en el&hellip; <\/p>\n","protected":false},"author":7,"featured_media":10073,"comment_status":"closed","ping_status":"closed","sticky":false,"template":"","format":"standard","meta":{"om_disable_all_campaigns":false,"_monsterinsights_skip_tracking":false,"_monsterinsights_sitenote_active":false,"_monsterinsights_sitenote_note":"","_monsterinsights_sitenote_category":0,"footnotes":""},"categories":[11,5,3205],"tags":[],"class_list":["post-10072","post","type-post","status-publish","format-standard","has-post-thumbnail","hentry","category-de","category-ft","category-liga-promerica"],"aioseo_notices":[],"yoast_head":"<!-- This site is optimized with the Yoast SEO plugin v21.2 - https:\/\/yoast.com\/wordpress\/plugins\/seo\/ -->\n<title>Arranca la Liga Promerica Apertura 2025 con nueva normativa y formato renovado - RG Deportes\u200e<\/title>\n<meta name=\"robots\" content=\"index, follow, max-snippet:-1, max-image-preview:large, max-video-preview:-1\" \/>\n<link rel=\"canonical\" href=\"https:\/\/rgdeportes.com\/index.php\/2025\/08\/04\/arranca-la-liga-promerica-apertura-2025-con-nueva-normativa-y-formato-renovado\/\" \/>\n<meta property=\"og:locale\" content=\"es_ES\" \/>\n<meta property=\"og:type\" content=\"article\" \/>\n<meta property=\"og:title\" content=\"Arranca la Liga Promerica Apertura 2025 con nueva normativa y formato renovado - RG Deportes\u200e\" \/>\n<meta property=\"og:description\" content=\"San Jos\u00e9, 4 de Agosto de 2025 \u2013 Inicia oficialmente la temporada 2025\u201126 de la Liga FPD, mejor conocida como Liga Promerica y con ello algunos cambios interesantes en el&hellip;\" \/>\n<meta property=\"og:url\" content=\"https:\/\/rgdeportes.com\/index.php\/2025\/08\/04\/arranca-la-liga-promerica-apertura-2025-con-nueva-normativa-y-formato-renovado\/\" \/>\n<meta property=\"og:site_name\" content=\"RG Deportes\u200e\" \/>\n<meta property=\"article:publisher\" content=\"https:\/\/www.facebook.com\/RandallGutierrezDeportes\/\" \/>\n<meta property=\"article:published_time\" content=\"2025-08-04T20:17:34+00:00\" \/>\n<meta property=\"og:image\" content=\"http:\/\/rgdeportes.com\/wp-content\/uploads\/2025\/08\/arbitro.jpg\" \/>\n\t<meta property=\"og:image:width\" content=\"620\" \/>\n\t<meta property=\"og:image:height\" content=\"413\" \/>\n\t<meta property=\"og:image:type\" content=\"image\/jpeg\" \/>\n<meta name=\"author\" content=\"Ronald Romero Mata\" \/>\n<meta name=\"twitter:card\" content=\"summary_large_image\" \/>\n<meta name=\"twitter:label1\" content=\"Escrito por\" \/>\n\t<meta name=\"twitter:data1\" content=\"Ronald Romero Mata\" \/>\n\t<meta name=\"twitter:label2\" content=\"Tiempo de lectura\" \/>\n\t<meta name=\"twitter:data2\" content=\"3 minutos\" \/>\n<script type=\"application\/ld+json\" class=\"yoast-schema-graph\">{\"@context\":\"https:\/\/schema.org\",\"@graph\":[{\"@type\":\"Article\",\"@id\":\"https:\/\/rgdeportes.com\/index.php\/2025\/08\/04\/arranca-la-liga-promerica-apertura-2025-con-nueva-normativa-y-formato-renovado\/#article\",\"isPartOf\":{\"@id\":\"https:\/\/rgdeportes.com\/index.php\/2025\/08\/04\/arranca-la-liga-promerica-apertura-2025-con-nueva-normativa-y-formato-renovado\/\"},\"author\":{\"name\":\"Ronald Romero Mata\",\"@id\":\"https:\/\/rgdeportes.com\/#\/schema\/person\/9a0fcf995d3a34cc22aecfed828d3588\"},\"headline\":\"Arranca la Liga Promerica Apertura 2025 con nueva normativa y formato renovado\",\"datePublished\":\"2025-08-04T20:17:34+00:00\",\"dateModified\":\"2025-08-04T20:17:34+00:00\",\"mainEntityOfPage\":{\"@id\":\"https:\/\/rgdeportes.com\/index.php\/2025\/08\/04\/arranca-la-liga-promerica-apertura-2025-con-nueva-normativa-y-formato-renovado\/\"},\"wordCount\":483,\"publisher\":{\"@id\":\"https:\/\/rgdeportes.com\/#organization\"},\"articleSection\":[\"Deporte\",\"F\u00fatbol\",\"Liga Promerica\"],\"inLanguage\":\"es\"},{\"@type\":\"WebPage\",\"@id\":\"https:\/\/rgdeportes.com\/index.php\/2025\/08\/04\/arranca-la-liga-promerica-apertura-2025-con-nueva-normativa-y-formato-renovado\/\",\"url\":\"https:\/\/rgdeportes.com\/index.php\/2025\/08\/04\/arranca-la-liga-promerica-apertura-2025-con-nueva-normativa-y-formato-renovado\/\",\"name\":\"Arranca la Liga Promerica Apertura 2025 con nueva normativa y formato renovado - RG Deportes\u200e\",\"isPartOf\":{\"@id\":\"https:\/\/rgdeportes.com\/#website\"},\"datePublished\":\"2025-08-04T20:17:34+00:00\",\"dateModified\":\"2025-08-04T20:17:34+00:00\",\"breadcrumb\":{\"@id\":\"https:\/\/rgdeportes.com\/index.php\/2025\/08\/04\/arranca-la-liga-promerica-apertura-2025-con-nueva-normativa-y-formato-renovado\/#breadcrumb\"},\"inLanguage\":\"es\",\"potentialAction\":[{\"@type\":\"ReadAction\",\"target\":[\"https:\/\/rgdeportes.com\/index.php\/2025\/08\/04\/arranca-la-liga-promerica-apertura-2025-con-nueva-normativa-y-formato-renovado\/\"]}]},{\"@type\":\"BreadcrumbList\",\"@id\":\"https:\/\/rgdeportes.com\/index.php\/2025\/08\/04\/arranca-la-liga-promerica-apertura-2025-con-nueva-normativa-y-formato-renovado\/#breadcrumb\",\"itemListElement\":[{\"@type\":\"ListItem\",\"position\":1,\"name\":\"Portada\",\"item\":\"https:\/\/rgdeportes.com\/\"},{\"@type\":\"ListItem\",\"position\":2,\"name\":\"Arranca la Liga Promerica Apertura 2025 con nueva normativa y formato renovado\"}]},{\"@type\":\"WebSite\",\"@id\":\"https:\/\/rgdeportes.com\/#website\",\"url\":\"https:\/\/rgdeportes.com\/\",\"name\":\"RG Deportes\u200e\",\"description\":\"\",\"publisher\":{\"@id\":\"https:\/\/rgdeportes.com\/#organization\"},\"potentialAction\":[{\"@type\":\"SearchAction\",\"target\":{\"@type\":\"EntryPoint\",\"urlTemplate\":\"https:\/\/rgdeportes.com\/?s={search_term_string}\"},\"query-input\":\"required name=search_term_string\"}],\"inLanguage\":\"es\"},{\"@type\":\"Organization\",\"@id\":\"https:\/\/rgdeportes.com\/#organization\",\"name\":\"RG Deportes\",\"url\":\"https:\/\/rgdeportes.com\/\",\"logo\":{\"@type\":\"ImageObject\",\"inLanguage\":\"es\",\"@id\":\"https:\/\/rgdeportes.com\/#\/schema\/logo\/image\/\",\"url\":\"https:\/\/rgdeportes.com\/wp-content\/uploads\/2020\/09\/Logo.png\",\"contentUrl\":\"https:\/\/rgdeportes.com\/wp-content\/uploads\/2020\/09\/Logo.png\",\"width\":784,\"height\":552,\"caption\":\"RG Deportes\"},\"image\":{\"@id\":\"https:\/\/rgdeportes.com\/#\/schema\/logo\/image\/\"},\"sameAs\":[\"https:\/\/www.facebook.com\/RandallGutierrezDeportes\/\",\"https:\/\/www.instagram.com\/randallgutierrezdeportes\/\",\"https:\/\/www.youtube.com\/channel\/UCX4_qbvtnTwoF5t2zNqBDvA\"]},{\"@type\":\"Person\",\"@id\":\"https:\/\/rgdeportes.com\/#\/schema\/person\/9a0fcf995d3a34cc22aecfed828d3588\",\"name\":\"Ronald Romero Mata\",\"image\":{\"@type\":\"ImageObject\",\"inLanguage\":\"es\",\"@id\":\"https:\/\/rgdeportes.com\/#\/schema\/person\/image\/\",\"url\":\"https:\/\/secure.gravatar.com\/avatar\/93dfc8cc456b95eab929aba527a7f021?s=96&d=mm&r=g\",\"contentUrl\":\"https:\/\/secure.gravatar.com\/avatar\/93dfc8cc456b95eab929aba527a7f021?s=96&d=mm&r=g\",\"caption\":\"Ronald Romero Mata\"},\"url\":\"https:\/\/rgdeportes.com\/index.php\/author\/rromero\/\"}]}<\/script>\n<!-- \/ Yoast SEO plugin. -->","yoast_head_json":{"title":"Arranca la Liga Promerica Apertura 2025 con nueva normativa y formato renovado - RG Deportes\u200e","robots":{"index":"index","follow":"follow","max-snippet":"max-snippet:-1","max-image-preview":"max-image-preview:large","max-video-preview":"max-video-preview:-1"},"canonical":"https:\/\/rgdeportes.com\/index.php\/2025\/08\/04\/arranca-la-liga-promerica-apertura-2025-con-nueva-normativa-y-formato-renovado\/","og_locale":"es_ES","og_type":"article","og_title":"Arranca la Liga Promerica Apertura 2025 con nueva normativa y formato renovado - RG Deportes\u200e","og_description":"San Jos\u00e9, 4 de Agosto de 2025 \u2013 Inicia oficialmente la temporada 2025\u201126 de la Liga FPD, mejor conocida como Liga Promerica y con ello algunos cambios interesantes en el&hellip;","og_url":"https:\/\/rgdeportes.com\/index.php\/2025\/08\/04\/arranca-la-liga-promerica-apertura-2025-con-nueva-normativa-y-formato-renovado\/","og_site_name":"RG Deportes\u200e","article_publisher":"https:\/\/www.facebook.com\/RandallGutierrezDeportes\/","article_published_time":"2025-08-04T20:17:34+00:00","og_image":[{"width":620,"height":413,"url":"http:\/\/rgdeportes.com\/wp-content\/uploads\/2025\/08\/arbitro.jpg","type":"image\/jpeg"}],"author":"Ronald Romero Mata","twitter_card":"summary_large_image","twitter_misc":{"Escrito por":"Ronald Romero Mata","Tiempo de lectura":"3 minutos"},"schema":{"@context":"https:\/\/schema.org","@graph":[{"@type":"Article","@id":"https:\/\/rgdeportes.com\/index.php\/2025\/08\/04\/arranca-la-liga-promerica-apertura-2025-con-nueva-normativa-y-formato-renovado\/#article","isPartOf":{"@id":"https:\/\/rgdeportes.com\/index.php\/2025\/08\/04\/arranca-la-liga-promerica-apertura-2025-con-nueva-normativa-y-formato-renovado\/"},"author":{"name":"Ronald Romero Mata","@id":"https:\/\/rgdeportes.com\/#\/schema\/person\/9a0fcf995d3a34cc22aecfed828d3588"},"headline":"Arranca la Liga Promerica Apertura 2025 con nueva normativa y formato renovado","datePublished":"2025-08-04T20:17:34+00:00","dateModified":"2025-08-04T20:17:34+00:00","mainEntityOfPage":{"@id":"https:\/\/rgdeportes.com\/index.php\/2025\/08\/04\/arranca-la-liga-promerica-apertura-2025-con-nueva-normativa-y-formato-renovado\/"},"wordCount":483,"publisher":{"@id":"https:\/\/rgdeportes.com\/#organization"},"articleSection":["Deporte","F\u00fatbol","Liga Promerica"],"inLanguage":"es"},{"@type":"WebPage","@id":"https:\/\/rgdeportes.com\/index.php\/2025\/08\/04\/arranca-la-liga-promerica-apertura-2025-con-nueva-normativa-y-formato-renovado\/","url":"https:\/\/rgdeportes.com\/index.php\/2025\/08\/04\/arranca-la-liga-promerica-apertura-2025-con-nueva-normativa-y-formato-renovado\/","name":"Arranca la Liga Promerica Apertura 2025 con nueva normativa y formato renovado - RG Deportes\u200e","isPartOf":{"@id":"https:\/\/rgdeportes.com\/#website"},"datePublished":"2025-08-04T20:17:34+00:00","dateModified":"2025-08-04T20:17:34+00:00","breadcrumb":{"@id":"https:\/\/rgdeportes.com\/index.php\/2025\/08\/04\/arranca-la-liga-promerica-apertura-2025-con-nueva-normativa-y-formato-renovado\/#breadcrumb"},"inLanguage":"es","potentialAction":[{"@type":"ReadAction","target":["https:\/\/rgdeportes.com\/index.php\/2025\/08\/04\/arranca-la-liga-promerica-apertura-2025-con-nueva-normativa-y-formato-renovado\/"]}]},{"@type":"BreadcrumbList","@id":"https:\/\/rgdeportes.com\/index.php\/2025\/08\/04\/arranca-la-liga-promerica-apertura-2025-con-nueva-normativa-y-formato-renovado\/#breadcrumb","itemListElement":[{"@type":"ListItem","position":1,"name":"Portada","item":"https:\/\/rgdeportes.com\/"},{"@type":"ListItem","position":2,"name":"Arranca la Liga Promerica Apertura 2025 con nueva normativa y formato renovado"}]},{"@type":"WebSite","@id":"https:\/\/rgdeportes.com\/#website","url":"https:\/\/rgdeportes.com\/","name":"RG Deportes\u200e","description":"","publisher":{"@id":"https:\/\/rgdeportes.com\/#organization"},"potentialAction":[{"@type":"SearchAction","target":{"@type":"EntryPoint","urlTemplate":"https:\/\/rgdeportes.com\/?s={search_term_string}"},"query-input":"required name=search_term_string"}],"inLanguage":"es"},{"@type":"Organization","@id":"https:\/\/rgdeportes.com\/#organization","name":"RG Deportes","url":"https:\/\/rgdeportes.com\/","logo":{"@type":"ImageObject","inLanguage":"es","@id":"https:\/\/rgdeportes.com\/#\/schema\/logo\/image\/","url":"https:\/\/rgdeportes.com\/wp-content\/uploads\/2020\/09\/Logo.png","contentUrl":"https:\/\/rgdeportes.com\/wp-content\/uploads\/2020\/09\/Logo.png","width":784,"height":552,"caption":"RG Deportes"},"image":{"@id":"https:\/\/rgdeportes.com\/#\/schema\/logo\/image\/"},"sameAs":["https:\/\/www.facebook.com\/RandallGutierrezDeportes\/","https:\/\/www.instagram.com\/randallgutierrezdeportes\/","https:\/\/www.youtube.com\/channel\/UCX4_qbvtnTwoF5t2zNqBDvA"]},{"@type":"Person","@id":"https:\/\/rgdeportes.com\/#\/schema\/person\/9a0fcf995d3a34cc22aecfed828d3588","name":"Ronald Romero Mata","image":{"@type":"ImageObject","inLanguage":"es","@id":"https:\/\/rgdeportes.com\/#\/schema\/person\/image\/","url":"https:\/\/secure.gravatar.com\/avatar\/93dfc8cc456b95eab929aba527a7f021?s=96&d=mm&r=g","contentUrl":"https:\/\/secure.gravatar.com\/avatar\/93dfc8cc456b95eab929aba527a7f021?s=96&d=mm&r=g","caption":"Ronald Romero Mata"},"url":"https:\/\/rgdeportes.com\/index.php\/author\/rromero\/"}]}},"_links":{"self":[{"href":"https:\/\/rgdeportes.com\/index.php\/wp-json\/wp\/v2\/posts\/10072","targetHints":{"allow":["GET"]}}],"collection":[{"href":"https:\/\/rgdeportes.com\/index.php\/wp-json\/wp\/v2\/posts"}],"about":[{"href":"https:\/\/rgdeportes.com\/index.php\/wp-json\/wp\/v2\/types\/post"}],"author":[{"embeddable":true,"href":"https:\/\/rgdeportes.com\/index.php\/wp-json\/wp\/v2\/users\/7"}],"replies":[{"embeddable":true,"href":"https:\/\/rgdeportes.com\/index.php\/wp-json\/wp\/v2\/comments?post=10072"}],"version-history":[{"count":1,"href":"https:\/\/rgdeportes.com\/index.php\/wp-json\/wp\/v2\/posts\/10072\/revisions"}],"predecessor-version":[{"id":10074,"href":"https:\/\/rgdeportes.com\/index.php\/wp-json\/wp\/v2\/posts\/10072\/revisions\/10074"}],"wp:featuredmedia":[{"embeddable":true,"href":"https:\/\/rgdeportes.com\/index.php\/wp-json\/wp\/v2\/media\/10073"}],"wp:attachment":[{"href":"https:\/\/rgdeportes.com\/index.php\/wp-json\/wp\/v2\/media?parent=10072"}],"wp:term":[{"taxonomy":"category","embeddable":true,"href":"https:\/\/rgdeportes.com\/index.php\/wp-json\/wp\/v2\/categories?post=10072"},{"taxonomy":"post_tag","embeddable":true,"href":"https:\/\/rgdeportes.com\/index.php\/wp-json\/wp\/v2\/tags?post=10072"}],"curies":[{"name":"wp","href":"https:\/\/api.w.org\/{rel}","templated":true}]}}