{"id":10026,"date":"2025-07-25T20:21:52","date_gmt":"2025-07-25T20:21:52","guid":{"rendered":"https:\/\/rgdeportes.com\/?p=10026"},"modified":"2025-07-25T20:21:53","modified_gmt":"2025-07-25T20:21:53","slug":"gran-presentacion-nacional-en-el-panamericano-de-atletismo","status":"publish","type":"post","link":"https:\/\/rgdeportes.com\/index.php\/2025\/07\/25\/gran-presentacion-nacional-en-el-panamericano-de-atletismo\/","title":{"rendered":"Gran presentaci\u00f3n  nacional en el Panamericano de Atletismo"},"content":{"rendered":"\n<figure class=\"wp-block-image size-large\"><img loading=\"lazy\" decoding=\"async\" width=\"1024\" height=\"771\" src=\"https:\/\/rgdeportes.com\/wp-content\/uploads\/2025\/07\/WhatsApp-Image-2025-07-20-at-2.52.14-PM-1024x771.jpeg\" alt=\"\" class=\"wp-image-10027\" srcset=\"https:\/\/rgdeportes.com\/wp-content\/uploads\/2025\/07\/WhatsApp-Image-2025-07-20-at-2.52.14-PM-1024x771.jpeg 1024w, https:\/\/rgdeportes.com\/wp-content\/uploads\/2025\/07\/WhatsApp-Image-2025-07-20-at-2.52.14-PM-300x226.jpeg 300w, https:\/\/rgdeportes.com\/wp-content\/uploads\/2025\/07\/WhatsApp-Image-2025-07-20-at-2.52.14-PM-768x578.jpeg 768w, https:\/\/rgdeportes.com\/wp-content\/uploads\/2025\/07\/WhatsApp-Image-2025-07-20-at-2.52.14-PM-1536x1156.jpeg 1536w, https:\/\/rgdeportes.com\/wp-content\/uploads\/2025\/07\/WhatsApp-Image-2025-07-20-at-2.52.14-PM.jpeg 1600w\" sizes=\"auto, (max-width: 1024px) 100vw, 1024px\" \/><\/figure>\n\n\n\n<p>Con gran motivaci\u00f3n regresa la Selecci\u00f3n U-18 de Atletismo de Costa Rica y entrenadores que representaron al pa\u00eds en el II Campeonato Iberoamericano de Atletismo en donde nuestro pa\u00eds particip\u00f3 por primera vez, dicho evento que tuvo como sede\u00a0en el Parque Ol\u00edmpico en la ciudad de Luque ubicada a unos 18 kil\u00f3metros de la capital de Asunci\u00f3n en Paraguay que se realiz\u00f3 los d\u00edas 19 y 20 de julio.<\/p>\n\n\n\n<p>Los j\u00f3venes deportistas ticos se dieron de tu a t\u00fa ante el gran talento de Sudam\u00e9rica, M\u00e9xico, Caribe y Espa\u00f1a quienes cuentan con gran infraestructura en sus pa\u00edses para un mejor desarrollo de la disciplina aparte del gran nivel de los competidores y un futuro prometedor.<\/p>\n\n\n\n<figure class=\"wp-block-image size-large\"><img loading=\"lazy\" decoding=\"async\" width=\"1024\" height=\"776\" src=\"https:\/\/rgdeportes.com\/wp-content\/uploads\/2025\/07\/IMG-20250720-WA0116-1024x776.jpg\" alt=\"\" class=\"wp-image-10028\" srcset=\"https:\/\/rgdeportes.com\/wp-content\/uploads\/2025\/07\/IMG-20250720-WA0116-1024x776.jpg 1024w, https:\/\/rgdeportes.com\/wp-content\/uploads\/2025\/07\/IMG-20250720-WA0116-300x227.jpg 300w, https:\/\/rgdeportes.com\/wp-content\/uploads\/2025\/07\/IMG-20250720-WA0116-768x582.jpg 768w, https:\/\/rgdeportes.com\/wp-content\/uploads\/2025\/07\/IMG-20250720-WA0116.jpg 1273w\" sizes=\"auto, (max-width: 1024px) 100vw, 1024px\" \/><\/figure>\n\n\n\n<p>En caso de los ticos y pese a eso mostraron sus condiciones en donde tambi\u00e9n mostraron ser atletas muy competitivos consiguiendo de paso mejorar sus marcas de temporada y personales.<\/p>\n\n\n\n<p>\u00abAsistiendo a un evento de un gran nivel competitivo el Iberoamericano U-18 nos deja una gran ense\u00f1anza que servir\u00e1 tambi\u00e9n para su crecimiento, de este grupo de 10 atletas 7 cuentan con r\u00e9cord nacionales y Centroamericanos, algunos mejoraron esas marca y otros vivieron la experiencia de estar en un evento de gran nivel\u00bb Recalc\u00f3 Juan Carlos S\u00e1nchez entrenador y directivo de la FECOA<\/p>\n\n\n\n<p>En resumen, se lograron cuatro r\u00e9cords nacionales y se alcanzaron dos medallas, una de plata en la distancia de los 800 metros femenino de 2.10.83 por medio de Antonella Lanuza Alfaro quien tambi\u00e9n impuso una nueva marca nacional en la distancia de los 1500 metros de 4.35.70.<\/p>\n\n\n\n<p>&nbsp;Luego en el Salto con P\u00e9rtiga Norma Canossa Oviedo logr\u00f3 la medalla de Bronce al alcanzar un salto de 3.30 metros, en el evento del Decatl\u00f3n Andr\u00e9s N\u00fa\u00f1ez Quesada impuso un r\u00e9cord nacional al cerrar con 6.197 puntos y finalmente Gerald Rojas Carvajal tambi\u00e9n impuso un r\u00e9cord nacional en la prueba de los 2000 metros con Obst\u00e1culos 0.84 de Altura con un tiempo de 6.09.02.<\/p>\n\n\n\n<p>En grupo de competidores estuvo conformado por Rihana Mora Sant Real (100 MV y 200 MP), Dailyn Araya Salazar (400-MP.), Antonella Lanuza Alfaro (800 y 1500-M), Emma Pacheco Erak (1500 y 3000 M), Valentina Brenes Borb\u00f3n (Salto Alto), Norma Canossa Oviedo (Salto con P\u00e9rtiga) Sebasti\u00e1n Jim\u00e9nez Barquero (800-M), Andr\u00e9s N\u00fa\u00f1ez Quesada (Decatl\u00f3n), Gerald Rojas Carvajal (1500-M y 2000 Obs), Erick Hunter Dom\u00ednguez (400-MV), entrenadores y delegados Juan Carlos S\u00e1nchez Bogantes y Alexander Meza Chac\u00f3n.<\/p>\n\n\n\n<p>Ahora algunos de estos atletas enfocan su mirada en el Campeonato Centroamericano Mayor de Atletismo con sede en Managua Nicaragua.<\/p>\n","protected":false},"excerpt":{"rendered":"<p>Con gran motivaci\u00f3n regresa la Selecci\u00f3n U-18 de Atletismo de Costa Rica y entrenadores que representaron al pa\u00eds en el II Campeonato Iberoamericano de Atletismo en donde nuestro pa\u00eds particip\u00f3&hellip; <\/p>\n","protected":false},"author":2,"featured_media":10027,"comment_status":"closed","ping_status":"closed","sticky":false,"template":"","format":"standard","meta":{"om_disable_all_campaigns":false,"_monsterinsights_skip_tracking":false,"_monsterinsights_sitenote_active":false,"_monsterinsights_sitenote_note":"","_monsterinsights_sitenote_category":0,"footnotes":""},"categories":[11],"tags":[3186],"class_list":["post-10026","post","type-post","status-publish","format-standard","has-post-thumbnail","hentry","category-de","tag-panamericanoatletismo"],"aioseo_notices":[],"yoast_head":"<!-- This site is optimized with the Yoast SEO plugin v21.2 - https:\/\/yoast.com\/wordpress\/plugins\/seo\/ -->\n<title>Gran presentaci\u00f3n nacional en el Panamericano de Atletismo - RG Deportes\u200e<\/title>\n<meta name=\"robots\" content=\"index, follow, max-snippet:-1, max-image-preview:large, max-video-preview:-1\" \/>\n<link rel=\"canonical\" href=\"https:\/\/rgdeportes.com\/index.php\/2025\/07\/25\/gran-presentacion-nacional-en-el-panamericano-de-atletismo\/\" \/>\n<meta property=\"og:locale\" content=\"es_ES\" \/>\n<meta property=\"og:type\" content=\"article\" \/>\n<meta property=\"og:title\" content=\"Gran presentaci\u00f3n nacional en el Panamericano de Atletismo - RG Deportes\u200e\" \/>\n<meta property=\"og:description\" content=\"Con gran motivaci\u00f3n regresa la Selecci\u00f3n U-18 de Atletismo de Costa Rica y entrenadores que representaron al pa\u00eds en el II Campeonato Iberoamericano de Atletismo en donde nuestro pa\u00eds particip\u00f3&hellip;\" \/>\n<meta property=\"og:url\" content=\"https:\/\/rgdeportes.com\/index.php\/2025\/07\/25\/gran-presentacion-nacional-en-el-panamericano-de-atletismo\/\" \/>\n<meta property=\"og:site_name\" content=\"RG Deportes\u200e\" \/>\n<meta property=\"article:publisher\" content=\"https:\/\/www.facebook.com\/RandallGutierrezDeportes\/\" \/>\n<meta property=\"article:published_time\" content=\"2025-07-25T20:21:52+00:00\" \/>\n<meta property=\"article:modified_time\" content=\"2025-07-25T20:21:53+00:00\" \/>\n<meta property=\"og:image\" content=\"http:\/\/rgdeportes.com\/wp-content\/uploads\/2025\/07\/WhatsApp-Image-2025-07-20-at-2.52.14-PM.jpeg\" \/>\n\t<meta property=\"og:image:width\" content=\"1600\" \/>\n\t<meta property=\"og:image:height\" content=\"1204\" \/>\n\t<meta property=\"og:image:type\" content=\"image\/jpeg\" \/>\n<meta name=\"author\" content=\"Randall Gutierrez\" \/>\n<meta name=\"twitter:card\" content=\"summary_large_image\" \/>\n<meta name=\"twitter:label1\" content=\"Escrito por\" \/>\n\t<meta name=\"twitter:data1\" content=\"Randall Gutierrez\" \/>\n\t<meta name=\"twitter:label2\" content=\"Tiempo de lectura\" \/>\n\t<meta name=\"twitter:data2\" content=\"3 minutos\" \/>\n<script type=\"application\/ld+json\" class=\"yoast-schema-graph\">{\"@context\":\"https:\/\/schema.org\",\"@graph\":[{\"@type\":\"Article\",\"@id\":\"https:\/\/rgdeportes.com\/index.php\/2025\/07\/25\/gran-presentacion-nacional-en-el-panamericano-de-atletismo\/#article\",\"isPartOf\":{\"@id\":\"https:\/\/rgdeportes.com\/index.php\/2025\/07\/25\/gran-presentacion-nacional-en-el-panamericano-de-atletismo\/\"},\"author\":{\"name\":\"Randall Gutierrez\",\"@id\":\"https:\/\/rgdeportes.com\/#\/schema\/person\/91795323fddb335a4fd017bf0e4b1358\"},\"headline\":\"Gran presentaci\u00f3n nacional en el Panamericano de Atletismo\",\"datePublished\":\"2025-07-25T20:21:52+00:00\",\"dateModified\":\"2025-07-25T20:21:53+00:00\",\"mainEntityOfPage\":{\"@id\":\"https:\/\/rgdeportes.com\/index.php\/2025\/07\/25\/gran-presentacion-nacional-en-el-panamericano-de-atletismo\/\"},\"wordCount\":443,\"publisher\":{\"@id\":\"https:\/\/rgdeportes.com\/#organization\"},\"keywords\":[\"#panamericanoatletismo\"],\"articleSection\":[\"Deporte\"],\"inLanguage\":\"es\"},{\"@type\":\"WebPage\",\"@id\":\"https:\/\/rgdeportes.com\/index.php\/2025\/07\/25\/gran-presentacion-nacional-en-el-panamericano-de-atletismo\/\",\"url\":\"https:\/\/rgdeportes.com\/index.php\/2025\/07\/25\/gran-presentacion-nacional-en-el-panamericano-de-atletismo\/\",\"name\":\"Gran presentaci\u00f3n nacional en el Panamericano de Atletismo - RG Deportes\u200e\",\"isPartOf\":{\"@id\":\"https:\/\/rgdeportes.com\/#website\"},\"datePublished\":\"2025-07-25T20:21:52+00:00\",\"dateModified\":\"2025-07-25T20:21:53+00:00\",\"breadcrumb\":{\"@id\":\"https:\/\/rgdeportes.com\/index.php\/2025\/07\/25\/gran-presentacion-nacional-en-el-panamericano-de-atletismo\/#breadcrumb\"},\"inLanguage\":\"es\",\"potentialAction\":[{\"@type\":\"ReadAction\",\"target\":[\"https:\/\/rgdeportes.com\/index.php\/2025\/07\/25\/gran-presentacion-nacional-en-el-panamericano-de-atletismo\/\"]}]},{\"@type\":\"BreadcrumbList\",\"@id\":\"https:\/\/rgdeportes.com\/index.php\/2025\/07\/25\/gran-presentacion-nacional-en-el-panamericano-de-atletismo\/#breadcrumb\",\"itemListElement\":[{\"@type\":\"ListItem\",\"position\":1,\"name\":\"Portada\",\"item\":\"https:\/\/rgdeportes.com\/\"},{\"@type\":\"ListItem\",\"position\":2,\"name\":\"Gran presentaci\u00f3n nacional en el Panamericano de Atletismo\"}]},{\"@type\":\"WebSite\",\"@id\":\"https:\/\/rgdeportes.com\/#website\",\"url\":\"https:\/\/rgdeportes.com\/\",\"name\":\"RG Deportes\u200e\",\"description\":\"\",\"publisher\":{\"@id\":\"https:\/\/rgdeportes.com\/#organization\"},\"potentialAction\":[{\"@type\":\"SearchAction\",\"target\":{\"@type\":\"EntryPoint\",\"urlTemplate\":\"https:\/\/rgdeportes.com\/?s={search_term_string}\"},\"query-input\":\"required name=search_term_string\"}],\"inLanguage\":\"es\"},{\"@type\":\"Organization\",\"@id\":\"https:\/\/rgdeportes.com\/#organization\",\"name\":\"RG Deportes\",\"url\":\"https:\/\/rgdeportes.com\/\",\"logo\":{\"@type\":\"ImageObject\",\"inLanguage\":\"es\",\"@id\":\"https:\/\/rgdeportes.com\/#\/schema\/logo\/image\/\",\"url\":\"https:\/\/rgdeportes.com\/wp-content\/uploads\/2020\/09\/Logo.png\",\"contentUrl\":\"https:\/\/rgdeportes.com\/wp-content\/uploads\/2020\/09\/Logo.png\",\"width\":784,\"height\":552,\"caption\":\"RG Deportes\"},\"image\":{\"@id\":\"https:\/\/rgdeportes.com\/#\/schema\/logo\/image\/\"},\"sameAs\":[\"https:\/\/www.facebook.com\/RandallGutierrezDeportes\/\",\"https:\/\/www.instagram.com\/randallgutierrezdeportes\/\",\"https:\/\/www.youtube.com\/channel\/UCX4_qbvtnTwoF5t2zNqBDvA\"]},{\"@type\":\"Person\",\"@id\":\"https:\/\/rgdeportes.com\/#\/schema\/person\/91795323fddb335a4fd017bf0e4b1358\",\"name\":\"Randall Gutierrez\",\"image\":{\"@type\":\"ImageObject\",\"inLanguage\":\"es\",\"@id\":\"https:\/\/rgdeportes.com\/#\/schema\/person\/image\/\",\"url\":\"https:\/\/secure.gravatar.com\/avatar\/d0884ea8b9b50bcfad3c0d20049361b5?s=96&d=mm&r=g\",\"contentUrl\":\"https:\/\/secure.gravatar.com\/avatar\/d0884ea8b9b50bcfad3c0d20049361b5?s=96&d=mm&r=g\",\"caption\":\"Randall Gutierrez\"},\"url\":\"https:\/\/rgdeportes.com\/index.php\/author\/randall\/\"}]}<\/script>\n<!-- \/ Yoast SEO plugin. -->","yoast_head_json":{"title":"Gran presentaci\u00f3n nacional en el Panamericano de Atletismo - RG Deportes\u200e","robots":{"index":"index","follow":"follow","max-snippet":"max-snippet:-1","max-image-preview":"max-image-preview:large","max-video-preview":"max-video-preview:-1"},"canonical":"https:\/\/rgdeportes.com\/index.php\/2025\/07\/25\/gran-presentacion-nacional-en-el-panamericano-de-atletismo\/","og_locale":"es_ES","og_type":"article","og_title":"Gran presentaci\u00f3n nacional en el Panamericano de Atletismo - RG Deportes\u200e","og_description":"Con gran motivaci\u00f3n regresa la Selecci\u00f3n U-18 de Atletismo de Costa Rica y entrenadores que representaron al pa\u00eds en el II Campeonato Iberoamericano de Atletismo en donde nuestro pa\u00eds particip\u00f3&hellip;","og_url":"https:\/\/rgdeportes.com\/index.php\/2025\/07\/25\/gran-presentacion-nacional-en-el-panamericano-de-atletismo\/","og_site_name":"RG Deportes\u200e","article_publisher":"https:\/\/www.facebook.com\/RandallGutierrezDeportes\/","article_published_time":"2025-07-25T20:21:52+00:00","article_modified_time":"2025-07-25T20:21:53+00:00","og_image":[{"width":1600,"height":1204,"url":"http:\/\/rgdeportes.com\/wp-content\/uploads\/2025\/07\/WhatsApp-Image-2025-07-20-at-2.52.14-PM.jpeg","type":"image\/jpeg"}],"author":"Randall Gutierrez","twitter_card":"summary_large_image","twitter_misc":{"Escrito por":"Randall Gutierrez","Tiempo de lectura":"3 minutos"},"schema":{"@context":"https:\/\/schema.org","@graph":[{"@type":"Article","@id":"https:\/\/rgdeportes.com\/index.php\/2025\/07\/25\/gran-presentacion-nacional-en-el-panamericano-de-atletismo\/#article","isPartOf":{"@id":"https:\/\/rgdeportes.com\/index.php\/2025\/07\/25\/gran-presentacion-nacional-en-el-panamericano-de-atletismo\/"},"author":{"name":"Randall Gutierrez","@id":"https:\/\/rgdeportes.com\/#\/schema\/person\/91795323fddb335a4fd017bf0e4b1358"},"headline":"Gran presentaci\u00f3n nacional en el Panamericano de Atletismo","datePublished":"2025-07-25T20:21:52+00:00","dateModified":"2025-07-25T20:21:53+00:00","mainEntityOfPage":{"@id":"https:\/\/rgdeportes.com\/index.php\/2025\/07\/25\/gran-presentacion-nacional-en-el-panamericano-de-atletismo\/"},"wordCount":443,"publisher":{"@id":"https:\/\/rgdeportes.com\/#organization"},"keywords":["#panamericanoatletismo"],"articleSection":["Deporte"],"inLanguage":"es"},{"@type":"WebPage","@id":"https:\/\/rgdeportes.com\/index.php\/2025\/07\/25\/gran-presentacion-nacional-en-el-panamericano-de-atletismo\/","url":"https:\/\/rgdeportes.com\/index.php\/2025\/07\/25\/gran-presentacion-nacional-en-el-panamericano-de-atletismo\/","name":"Gran presentaci\u00f3n nacional en el Panamericano de Atletismo - RG Deportes\u200e","isPartOf":{"@id":"https:\/\/rgdeportes.com\/#website"},"datePublished":"2025-07-25T20:21:52+00:00","dateModified":"2025-07-25T20:21:53+00:00","breadcrumb":{"@id":"https:\/\/rgdeportes.com\/index.php\/2025\/07\/25\/gran-presentacion-nacional-en-el-panamericano-de-atletismo\/#breadcrumb"},"inLanguage":"es","potentialAction":[{"@type":"ReadAction","target":["https:\/\/rgdeportes.com\/index.php\/2025\/07\/25\/gran-presentacion-nacional-en-el-panamericano-de-atletismo\/"]}]},{"@type":"BreadcrumbList","@id":"https:\/\/rgdeportes.com\/index.php\/2025\/07\/25\/gran-presentacion-nacional-en-el-panamericano-de-atletismo\/#breadcrumb","itemListElement":[{"@type":"ListItem","position":1,"name":"Portada","item":"https:\/\/rgdeportes.com\/"},{"@type":"ListItem","position":2,"name":"Gran presentaci\u00f3n nacional en el Panamericano de Atletismo"}]},{"@type":"WebSite","@id":"https:\/\/rgdeportes.com\/#website","url":"https:\/\/rgdeportes.com\/","name":"RG Deportes\u200e","description":"","publisher":{"@id":"https:\/\/rgdeportes.com\/#organization"},"potentialAction":[{"@type":"SearchAction","target":{"@type":"EntryPoint","urlTemplate":"https:\/\/rgdeportes.com\/?s={search_term_string}"},"query-input":"required name=search_term_string"}],"inLanguage":"es"},{"@type":"Organization","@id":"https:\/\/rgdeportes.com\/#organization","name":"RG Deportes","url":"https:\/\/rgdeportes.com\/","logo":{"@type":"ImageObject","inLanguage":"es","@id":"https:\/\/rgdeportes.com\/#\/schema\/logo\/image\/","url":"https:\/\/rgdeportes.com\/wp-content\/uploads\/2020\/09\/Logo.png","contentUrl":"https:\/\/rgdeportes.com\/wp-content\/uploads\/2020\/09\/Logo.png","width":784,"height":552,"caption":"RG Deportes"},"image":{"@id":"https:\/\/rgdeportes.com\/#\/schema\/logo\/image\/"},"sameAs":["https:\/\/www.facebook.com\/RandallGutierrezDeportes\/","https:\/\/www.instagram.com\/randallgutierrezdeportes\/","https:\/\/www.youtube.com\/channel\/UCX4_qbvtnTwoF5t2zNqBDvA"]},{"@type":"Person","@id":"https:\/\/rgdeportes.com\/#\/schema\/person\/91795323fddb335a4fd017bf0e4b1358","name":"Randall Gutierrez","image":{"@type":"ImageObject","inLanguage":"es","@id":"https:\/\/rgdeportes.com\/#\/schema\/person\/image\/","url":"https:\/\/secure.gravatar.com\/avatar\/d0884ea8b9b50bcfad3c0d20049361b5?s=96&d=mm&r=g","contentUrl":"https:\/\/secure.gravatar.com\/avatar\/d0884ea8b9b50bcfad3c0d20049361b5?s=96&d=mm&r=g","caption":"Randall Gutierrez"},"url":"https:\/\/rgdeportes.com\/index.php\/author\/randall\/"}]}},"_links":{"self":[{"href":"https:\/\/rgdeportes.com\/index.php\/wp-json\/wp\/v2\/posts\/10026","targetHints":{"allow":["GET"]}}],"collection":[{"href":"https:\/\/rgdeportes.com\/index.php\/wp-json\/wp\/v2\/posts"}],"about":[{"href":"https:\/\/rgdeportes.com\/index.php\/wp-json\/wp\/v2\/types\/post"}],"author":[{"embeddable":true,"href":"https:\/\/rgdeportes.com\/index.php\/wp-json\/wp\/v2\/users\/2"}],"replies":[{"embeddable":true,"href":"https:\/\/rgdeportes.com\/index.php\/wp-json\/wp\/v2\/comments?post=10026"}],"version-history":[{"count":1,"href":"https:\/\/rgdeportes.com\/index.php\/wp-json\/wp\/v2\/posts\/10026\/revisions"}],"predecessor-version":[{"id":10029,"href":"https:\/\/rgdeportes.com\/index.php\/wp-json\/wp\/v2\/posts\/10026\/revisions\/10029"}],"wp:featuredmedia":[{"embeddable":true,"href":"https:\/\/rgdeportes.com\/index.php\/wp-json\/wp\/v2\/media\/10027"}],"wp:attachment":[{"href":"https:\/\/rgdeportes.com\/index.php\/wp-json\/wp\/v2\/media?parent=10026"}],"wp:term":[{"taxonomy":"category","embeddable":true,"href":"https:\/\/rgdeportes.com\/index.php\/wp-json\/wp\/v2\/categories?post=10026"},{"taxonomy":"post_tag","embeddable":true,"href":"https:\/\/rgdeportes.com\/index.php\/wp-json\/wp\/v2\/tags?post=10026"}],"curies":[{"name":"wp","href":"https:\/\/api.w.org\/{rel}","templated":true}]}}